{"id":2996,"date":"2025-04-29T11:45:49","date_gmt":"2025-04-29T09:45:49","guid":{"rendered":"https:\/\/agronoticias.es\/de\/?p=2996"},"modified":"2025-04-29T11:45:58","modified_gmt":"2025-04-29T09:45:58","slug":"spanien-proexport-es-wird-keine-groseren-probleme-bei-der-versorgung-mit-obst-und-gemuse-geben","status":"publish","type":"post","link":"https:\/\/agronoticias.es\/de\/spanien-proexport-es-wird-keine-groseren-probleme-bei-der-versorgung-mit-obst-und-gemuse-geben\/","title":{"rendered":"Spanien\/Proexport: \u201cEs wird keine gr\u00f6\u00dferen Probleme bei der Versorgung mit Obst und Gem\u00fcse geben\u201c"},"content":{"rendered":"\n<p><\/p>\n\n\n\n<p>Der Verband der Obst- und Gem\u00fcseproduzenten und -exporteure der Region Murcia (Proexport) m\u00f6chte der \u00d6ffentlichkeit sowie seinen nationalen und internationalen Kunden und Lieferanten nach der chaotischen Situation, die diesen Montag infolge des gro\u00dffl\u00e4chigen Stromausfalls in Spanien und Portugal herrschte, eine beruhigende Botschaft senden.<\/p>\n\n\n\n<p>Mariano Zapata, Pr\u00e4sident von Proexport, versichert: \u201eEs ist noch zu fr\u00fch, um die wirtschaftlichen Verluste zu beurteilen, die im Obst- und Gem\u00fcsesektor entstanden sein k\u00f6nnten. Man muss bedenken, dass es sich um Frischprodukte handelt und dass beispielsweise einige Unternehmen \u00fcber Generatoren verf\u00fcgen, mit denen sie ihre K\u00fchlh\u00e4user am Laufen halten konnten, w\u00e4hrend dies bei anderen nicht der Fall war.\u201c<\/p>\n\n\n\n<p>\u201eGestern war insgesamt ein chaotischer und ungeordneter Tag, da wir stark vom Strom abh\u00e4ngig sind. Ohne Kommunikation mit Kunden und Lieferanten war es administrativ sehr schwierig, Bestellungen abzuwickeln; wir wissen, dass viele noch gar nicht eingetroffen sind. Auch andere Vorg\u00e4nge, wie das Beladen oder Vork\u00fchlen der Produkte, waren nicht durchf\u00fchrbar. Sp\u00e4ter m\u00fcssen wir auch noch Schadensmeldungen einreichen und abwarten, wie die Versicherung reagiert\u201c, f\u00fcgt er hinzu.<\/p>\n\n\n\n<p>\u201eBis heute Morgen war die Stromversorgung der Unternehmen in Almer\u00eda noch immer nicht zu 100 % wiederhergestellt. Das Licht kam und ging, ebenso wie die Internet- oder Telefonverbindung. Die Mitgliedsunternehmen von Proexport haben jedoch bis in die fr\u00fchen Morgenstunden gearbeitet, um so schnell wie m\u00f6glich zur Normalit\u00e4t zur\u00fcckzukehren und die Versorgung der spanischen und europ\u00e4ischen Regale mit Obst und Gem\u00fcse sicherzustellen\u201c, erkl\u00e4rte er abschlie\u00dfend. <\/p>\n","protected":false},"excerpt":{"rendered":"<p>Der Verband der Obst- und Gem\u00fcseproduzenten und -exporteure der Region Murcia (Proexport) m\u00f6chte der \u00d6ffentlichkeit sowie seinen nationalen<\/p>\n","protected":false},"author":1,"featured_media":2997,"comment_status":"closed","ping_status":"closed","sticky":false,"template":"","format":"standard","meta":{"footnotes":""},"categories":[34],"tags":[],"class_list":["post-2996","post","type-post","status-publish","format-standard","has-post-thumbnail","hentry","category-allgemein"],"featured_image_urls":{"full":["https:\/\/agronoticias.es\/de\/wp-content\/uploads\/2025\/04\/Proexport-Zapata.jpg",800,533,false],"thumbnail":["https:\/\/agronoticias.es\/de\/wp-content\/uploads\/2025\/04\/Proexport-Zapata-150x150.jpg",150,150,true],"medium":["https:\/\/agronoticias.es\/de\/wp-content\/uploads\/2025\/04\/Proexport-Zapata-300x200.jpg",300,200,true],"medium_large":["https:\/\/agronoticias.es\/de\/wp-content\/uploads\/2025\/04\/Proexport-Zapata-768x512.jpg",640,427,true],"large":["https:\/\/agronoticias.es\/de\/wp-content\/uploads\/2025\/04\/Proexport-Zapata.jpg",640,426,false],"1536x1536":["https:\/\/agronoticias.es\/de\/wp-content\/uploads\/2025\/04\/Proexport-Zapata.jpg",800,533,false],"2048x2048":["https:\/\/agronoticias.es\/de\/wp-content\/uploads\/2025\/04\/Proexport-Zapata.jpg",800,533,false],"morenews-large":["https:\/\/agronoticias.es\/de\/wp-content\/uploads\/2025\/04\/Proexport-Zapata.jpg",800,533,false],"morenews-medium":["https:\/\/agronoticias.es\/de\/wp-content\/uploads\/2025\/04\/Proexport-Zapata-590x410.jpg",590,410,true]},"author_info":{"display_name":"admin","author_link":"https:\/\/agronoticias.es\/de\/author\/admin\/"},"category_info":"<a href=\"https:\/\/agronoticias.es\/de\/category\/allgemein\/\" rel=\"category tag\">Allgemein<\/a>","tag_info":"Allgemein","comment_count":"0","_links":{"self":[{"href":"https:\/\/agronoticias.es\/de\/wp-json\/wp\/v2\/posts\/2996","targetHints":{"allow":["GET"]}}],"collection":[{"href":"https:\/\/agronoticias.es\/de\/wp-json\/wp\/v2\/posts"}],"about":[{"href":"https:\/\/agronoticias.es\/de\/wp-json\/wp\/v2\/types\/post"}],"author":[{"embeddable":true,"href":"https:\/\/agronoticias.es\/de\/wp-json\/wp\/v2\/users\/1"}],"replies":[{"embeddable":true,"href":"https:\/\/agronoticias.es\/de\/wp-json\/wp\/v2\/comments?post=2996"}],"version-history":[{"count":2,"href":"https:\/\/agronoticias.es\/de\/wp-json\/wp\/v2\/posts\/2996\/revisions"}],"predecessor-version":[{"id":2999,"href":"https:\/\/agronoticias.es\/de\/wp-json\/wp\/v2\/posts\/2996\/revisions\/2999"}],"wp:featuredmedia":[{"embeddable":true,"href":"https:\/\/agronoticias.es\/de\/wp-json\/wp\/v2\/media\/2997"}],"wp:attachment":[{"href":"https:\/\/agronoticias.es\/de\/wp-json\/wp\/v2\/media?parent=2996"}],"wp:term":[{"taxonomy":"category","embeddable":true,"href":"https:\/\/agronoticias.es\/de\/wp-json\/wp\/v2\/categories?post=2996"},{"taxonomy":"post_tag","embeddable":true,"href":"https:\/\/agronoticias.es\/de\/wp-json\/wp\/v2\/tags?post=2996"}],"curies":[{"name":"wp","href":"https:\/\/api.w.org\/{rel}","templated":true}]}}