{"id":2991,"date":"2025-04-29T11:41:18","date_gmt":"2025-04-29T09:41:18","guid":{"rendered":"https:\/\/agronoticias.es\/de\/?p=2991"},"modified":"2025-04-29T11:54:16","modified_gmt":"2025-04-29T09:54:16","slug":"baden-wurttemberg-erdbeersaison-eroffnet","status":"publish","type":"post","link":"https:\/\/agronoticias.es\/de\/baden-wurttemberg-erdbeersaison-eroffnet\/","title":{"rendered":"Baden W\u00fcrttemberg &#8211; Erdbeersaison er\u00f6ffnet"},"content":{"rendered":"\n<p>\u201eDie heimische Erdbeersaison steht in den Startl\u00f6chern. Die Erfolgsgeschichte der Erdbeere, einer der beliebtesten Fr\u00fcchte der Verbraucherinnen und Verbraucher, begann Ende der 1960er Jahre im S\u00fcdwesten. Dank der sonnigen Standorte, der fruchtbaren B\u00f6den und des Fachwissens unserer Erzeugerinnen und Erzeuger bietet Baden-W\u00fcrttemberg ideale Bedingungen f\u00fcr den Erdbeeranbau. Besonders entlang des Rheins, am Bodensee und rund um Heilbronn gedeiht diese k\u00f6stliche Frucht, die frisch aus der Region am besten schmeckt und auf die sich alle freuen. Ganz im Zeichen dieser schmackhaften und gesundheitsf\u00f6rdernden Frucht er\u00f6ffnen wir heute in Oberkirch mit gro\u00dfer Freude die heimische Saison\u201c, sagte die Staatssekret\u00e4rin im Ministerium f\u00fcr Ern\u00e4hrung, L\u00e4ndlichen Raum und Verbraucherschutz, Sabine Kurtz anl\u00e4sslich der Er\u00f6ffnung der Erdbeersaison 2025 in Oberkirch (Ortenaukreis).<\/p>\n\n\n\n<p>Erdbeeren erfreuen sich neben dem fruchtig-s\u00fc\u00df aromatischen Geschmack auch aufgrund der zahlreichen gesundheitsf\u00f6rdernden Eigenschaften gro\u00dfer Beliebtheit. Sie sind reich an Vitaminen und Mineralstoffen, haben eine antioxidative Wirkung, unterst\u00fctzen das Immunsystem und sind zudem noch kalorienarm und s\u00e4ttigend. Dar\u00fcber hinaus liefern sie Fols\u00e4ure, Kalium, Magnesium und Eisen \u2013 N\u00e4hrstoffe, die f\u00fcr Herzgesundheit, starke Knochen und eine gute Durchblutung wichtig sind.<\/p>\n\n\n\n<p>Erdbeeranbau in Baden-W\u00fcrttemberg<br>In ganz Baden-W\u00fcrttemberg werden auf \u00fcber 2.000 Hektar Erdbeeren angebaut, davon etwa 500 Hektar in gesch\u00fctzten Erdbeertunneln. Diese Form des Anbaus gewinnt an Bedeutung, w\u00e4hrend die Fl\u00e4che im Freiland zur\u00fcckgeht. Der Erdbeeranbau unter Folie hat bedeutende Vorteile, wie zum Beispiel den Einsatz von N\u00fctzlingen, wodurch sich der Einsatz von Pflanzenschutzmitteln reduzieren l\u00e4sst. Zudem sch\u00fctzt er vor Witterungseinfl\u00fcssen wie Frost, Starkregen sowie Hagel und tr\u00e4gt dadurch zu einer verl\u00e4sslichen heimischen Produktion mit ansprechenden Fruchtqualit\u00e4ten und Haltbarkeiten bei. \u201eDie Vermarktung der Erdbeeren erfolgt \u00fcber regionale Erzeugerm\u00e4rkte und Direktvermarkter. Heimische Erdbeeren sind nur saisonal erh\u00e4ltlich und \u2013 neben Geschmack sowie gesundheitsf\u00f6rdernder Wirkung \u2013 auch deshalb bei den Verbraucherinnen und Verbrauchern so beliebt. Dies zeigt sich in der erfreulichen Nachfrage. Der j\u00e4hrliche Pro-Kopf-Verzehr an Erdbeeren liegt bei derzeit 3,3 Kilogramm\u201c, erl\u00e4uterte Staatssekret\u00e4rin Sabine Kurtz.<\/p>\n\n\n\n<p>Im Handel erkennt man gesicherte und kontrollierte Produkte aus integrierter und umweltbewusster Pflanzenproduktion aus Baden-W\u00fcrttemberg an dem Qualit\u00e4tszeichen Baden-W\u00fcrttemberg (QZBW) oder Biozeichen Baden-W\u00fcrttemberg (BIOZBW). Quelle und Foto &#8211; bw<\/p>\n\n\n\n<p><\/p>\n","protected":false},"excerpt":{"rendered":"<p>\u201eDie heimische Erdbeersaison steht in den Startl\u00f6chern. Die Erfolgsgeschichte der Erdbeere, einer der beliebtesten Fr\u00fcchte der Verbraucherinnen und<\/p>\n","protected":false},"author":1,"featured_media":3000,"comment_status":"closed","ping_status":"closed","sticky":false,"template":"","format":"standard","meta":{"footnotes":""},"categories":[34],"tags":[],"class_list":["post-2991","post","type-post","status-publish","format-standard","has-post-thumbnail","hentry","category-allgemein"],"featured_image_urls":{"full":["https:\/\/agronoticias.es\/de\/wp-content\/uploads\/2025\/04\/fresas-bw-d.jpg",804,432,false],"thumbnail":["https:\/\/agronoticias.es\/de\/wp-content\/uploads\/2025\/04\/fresas-bw-d-150x150.jpg",150,150,true],"medium":["https:\/\/agronoticias.es\/de\/wp-content\/uploads\/2025\/04\/fresas-bw-d-300x161.jpg",300,161,true],"medium_large":["https:\/\/agronoticias.es\/de\/wp-content\/uploads\/2025\/04\/fresas-bw-d-768x413.jpg",640,344,true],"large":["https:\/\/agronoticias.es\/de\/wp-content\/uploads\/2025\/04\/fresas-bw-d.jpg",640,344,false],"1536x1536":["https:\/\/agronoticias.es\/de\/wp-content\/uploads\/2025\/04\/fresas-bw-d.jpg",804,432,false],"2048x2048":["https:\/\/agronoticias.es\/de\/wp-content\/uploads\/2025\/04\/fresas-bw-d.jpg",804,432,false],"morenews-large":["https:\/\/agronoticias.es\/de\/wp-content\/uploads\/2025\/04\/fresas-bw-d.jpg",804,432,false],"morenews-medium":["https:\/\/agronoticias.es\/de\/wp-content\/uploads\/2025\/04\/fresas-bw-d-590x410.jpg",590,410,true]},"author_info":{"display_name":"admin","author_link":"https:\/\/agronoticias.es\/de\/author\/admin\/"},"category_info":"<a href=\"https:\/\/agronoticias.es\/de\/category\/allgemein\/\" rel=\"category tag\">Allgemein<\/a>","tag_info":"Allgemein","comment_count":"0","_links":{"self":[{"href":"https:\/\/agronoticias.es\/de\/wp-json\/wp\/v2\/posts\/2991","targetHints":{"allow":["GET"]}}],"collection":[{"href":"https:\/\/agronoticias.es\/de\/wp-json\/wp\/v2\/posts"}],"about":[{"href":"https:\/\/agronoticias.es\/de\/wp-json\/wp\/v2\/types\/post"}],"author":[{"embeddable":true,"href":"https:\/\/agronoticias.es\/de\/wp-json\/wp\/v2\/users\/1"}],"replies":[{"embeddable":true,"href":"https:\/\/agronoticias.es\/de\/wp-json\/wp\/v2\/comments?post=2991"}],"version-history":[{"count":2,"href":"https:\/\/agronoticias.es\/de\/wp-json\/wp\/v2\/posts\/2991\/revisions"}],"predecessor-version":[{"id":2995,"href":"https:\/\/agronoticias.es\/de\/wp-json\/wp\/v2\/posts\/2991\/revisions\/2995"}],"wp:featuredmedia":[{"embeddable":true,"href":"https:\/\/agronoticias.es\/de\/wp-json\/wp\/v2\/media\/3000"}],"wp:attachment":[{"href":"https:\/\/agronoticias.es\/de\/wp-json\/wp\/v2\/media?parent=2991"}],"wp:term":[{"taxonomy":"category","embeddable":true,"href":"https:\/\/agronoticias.es\/de\/wp-json\/wp\/v2\/categories?post=2991"},{"taxonomy":"post_tag","embeddable":true,"href":"https:\/\/agronoticias.es\/de\/wp-json\/wp\/v2\/tags?post=2991"}],"curies":[{"name":"wp","href":"https:\/\/api.w.org\/{rel}","templated":true}]}}