{"id":2983,"date":"2025-04-24T10:28:42","date_gmt":"2025-04-24T08:28:42","guid":{"rendered":"https:\/\/agronoticias.es\/de\/?p=2983"},"modified":"2025-04-24T10:28:58","modified_gmt":"2025-04-24T08:28:58","slug":"aldi-sud-verkauft-nur-noch-spargel-aus-deutschland","status":"publish","type":"post","link":"https:\/\/agronoticias.es\/de\/aldi-sud-verkauft-nur-noch-spargel-aus-deutschland\/","title":{"rendered":"ALDI S\u00dcD verkauft nur noch Spargel aus Deutschland"},"content":{"rendered":"\n<p>Auch in diesem Jahr setzt ALDI S\u00dcD bei Spargel auf heimischen und regionalen Anbau. Wei\u00dfen, violetten und gr\u00fcnen Spargel gibt es w\u00e4hrend der deutschen Saison ausschlie\u00dflich aus heimischer Ernte.<\/p>\n\n\n\n<p>Passend zum Osterfest ist die Spargelernte richtig angelaufen: ALDI S\u00dcD bekr\u00e4ftigt sein Engagement f\u00fcr Regionalit\u00e4t und Saisonalit\u00e4t, indem das Unternehmen auch in diesem Jahr w\u00e4hrend der gesamten deutschen Saison ausschlie\u00dflich wei\u00dfen, violetten und gr\u00fcnen Spargel aus Deutschland anbietet. Mit dieser Initiative stellt ALDI S\u00dcD erneut unter Beweis, dass die Unterst\u00fctzung heimischer Produzent:innen zu den Kernwerten des Unternehmens geh\u00f6rt.<\/p>\n\n\n\n<p>Enge Zusammenarbeit zwischen ALDI S\u00dcD und Landwirtschaft<\/p>\n\n\n\n<p>Schon 2023 und 2024 hat ALDI S\u00dcD w\u00e4hrend der deutschen Spargelsaison wei\u00dfen und violetten Spargel ausschlie\u00dflich aus heimischem Anbau angeboten. 2024 hat ALDI S\u00dcD sein Engagement auch auf gr\u00fcnen Spargel ausgeweitet. Dieses Versprechen unterstreicht der Discounter auch in der diesj\u00e4hrigen Spargelsaison. Damit m\u00f6chte ALDI S\u00dcD den deutschen Landwirt:innen einerseits Planungssicherheit geben und gleichzeitig die Wertsch\u00e4tzung f\u00fcr die regionalen Produkte st\u00e4rken.<\/p>\n\n\n\n<p>ALDI S\u00dcD setzt Fokus auf frische, regionale Obst- und Gem\u00fcseprodukte fort<\/p>\n\n\n\n<p>Die Entscheidung spiegelt das Bestreben wider, Kund:innen nicht nur mit Frische und Qualit\u00e4t zu begeistern, sondern auch verantwortungsbewusst mit Ressourcen umzugehen. Die kurzen Transportwege vom Feld in die Filialen sind nicht nur umweltfreundlicher, sondern sorgen daf\u00fcr, dass der Spargel knackig frisch ist. T\u00e4glich werden alle rund 2.000 ALDI S\u00dcD Filialen mit frischem Obst und Gem\u00fcse beliefert. Das Unternehmen pflegt langfristige Partnerschaften mit regionalen Erzeuger:innen, um gem\u00e4\u00df des Claims \u00abGutes f\u00fcr alle.\u00bb allen Menschen stets frische Produkte zu garantieren. Quelle und Foto: Aldi s\u00fcd<\/p>\n","protected":false},"excerpt":{"rendered":"<p>Auch in diesem Jahr setzt ALDI S\u00dcD bei Spargel auf heimischen und regionalen Anbau. Wei\u00dfen, violetten und gr\u00fcnen<\/p>\n","protected":false},"author":1,"featured_media":2984,"comment_status":"closed","ping_status":"closed","sticky":false,"template":"","format":"standard","meta":{"footnotes":""},"categories":[34],"tags":[],"class_list":["post-2983","post","type-post","status-publish","format-standard","has-post-thumbnail","hentry","category-allgemein"],"featured_image_urls":{"full":["https:\/\/agronoticias.es\/de\/wp-content\/uploads\/2025\/04\/spargel-deutschland-aldi-sud.jpg",800,533,false],"thumbnail":["https:\/\/agronoticias.es\/de\/wp-content\/uploads\/2025\/04\/spargel-deutschland-aldi-sud-150x150.jpg",150,150,true],"medium":["https:\/\/agronoticias.es\/de\/wp-content\/uploads\/2025\/04\/spargel-deutschland-aldi-sud-300x200.jpg",300,200,true],"medium_large":["https:\/\/agronoticias.es\/de\/wp-content\/uploads\/2025\/04\/spargel-deutschland-aldi-sud-768x512.jpg",640,427,true],"large":["https:\/\/agronoticias.es\/de\/wp-content\/uploads\/2025\/04\/spargel-deutschland-aldi-sud.jpg",640,426,false],"1536x1536":["https:\/\/agronoticias.es\/de\/wp-content\/uploads\/2025\/04\/spargel-deutschland-aldi-sud.jpg",800,533,false],"2048x2048":["https:\/\/agronoticias.es\/de\/wp-content\/uploads\/2025\/04\/spargel-deutschland-aldi-sud.jpg",800,533,false],"morenews-large":["https:\/\/agronoticias.es\/de\/wp-content\/uploads\/2025\/04\/spargel-deutschland-aldi-sud.jpg",800,533,false],"morenews-medium":["https:\/\/agronoticias.es\/de\/wp-content\/uploads\/2025\/04\/spargel-deutschland-aldi-sud-590x410.jpg",590,410,true]},"author_info":{"display_name":"admin","author_link":"https:\/\/agronoticias.es\/de\/author\/admin\/"},"category_info":"<a href=\"https:\/\/agronoticias.es\/de\/category\/allgemein\/\" rel=\"category tag\">Allgemein<\/a>","tag_info":"Allgemein","comment_count":"0","_links":{"self":[{"href":"https:\/\/agronoticias.es\/de\/wp-json\/wp\/v2\/posts\/2983","targetHints":{"allow":["GET"]}}],"collection":[{"href":"https:\/\/agronoticias.es\/de\/wp-json\/wp\/v2\/posts"}],"about":[{"href":"https:\/\/agronoticias.es\/de\/wp-json\/wp\/v2\/types\/post"}],"author":[{"embeddable":true,"href":"https:\/\/agronoticias.es\/de\/wp-json\/wp\/v2\/users\/1"}],"replies":[{"embeddable":true,"href":"https:\/\/agronoticias.es\/de\/wp-json\/wp\/v2\/comments?post=2983"}],"version-history":[{"count":2,"href":"https:\/\/agronoticias.es\/de\/wp-json\/wp\/v2\/posts\/2983\/revisions"}],"predecessor-version":[{"id":2986,"href":"https:\/\/agronoticias.es\/de\/wp-json\/wp\/v2\/posts\/2983\/revisions\/2986"}],"wp:featuredmedia":[{"embeddable":true,"href":"https:\/\/agronoticias.es\/de\/wp-json\/wp\/v2\/media\/2984"}],"wp:attachment":[{"href":"https:\/\/agronoticias.es\/de\/wp-json\/wp\/v2\/media?parent=2983"}],"wp:term":[{"taxonomy":"category","embeddable":true,"href":"https:\/\/agronoticias.es\/de\/wp-json\/wp\/v2\/categories?post=2983"},{"taxonomy":"post_tag","embeddable":true,"href":"https:\/\/agronoticias.es\/de\/wp-json\/wp\/v2\/tags?post=2983"}],"curies":[{"name":"wp","href":"https:\/\/api.w.org\/{rel}","templated":true}]}}