{"id":2976,"date":"2025-04-22T12:35:45","date_gmt":"2025-04-22T10:35:45","guid":{"rendered":"https:\/\/agronoticias.es\/de\/?p=2976"},"modified":"2025-04-22T12:35:46","modified_gmt":"2025-04-22T10:35:46","slug":"lleida-schweres-unwetter-mit-hagel-verursacht-grose-schaden-in-obstkulturen","status":"publish","type":"post","link":"https:\/\/agronoticias.es\/de\/lleida-schweres-unwetter-mit-hagel-verursacht-grose-schaden-in-obstkulturen\/","title":{"rendered":"Lleida \u2013 Schweres Unwetter mit Hagel verursacht gro\u00dfe Sch\u00e4den in Obstkulturen"},"content":{"rendered":"\n<p>Ende KW 16\/25 (19.4.) kam es in der Provinz Lleida\/Katalonien, eines der wichtigsten Steinobstanbaugebiete Spaniens, zu einem schweren Hagelsturm. Auch einige Gebiete der Provinz Tarragona waren betroffen. Die Sch\u00e4den sind enorm und das geografische Gebiet sehr gro\u00df: Berichten des katalanischen Landwirtschaftsministeriums zufolge sind rund 40.000 Hektar betroffen. \u00d2scar Ordeig, Regionalminister f\u00fcr Landwirtschaft, besuchte am Nachmittag des 20. April Alcarr\u00e0s\/Lleida, das Zentrum des Unwetters.<\/p>\n\n\n\n<p>Das von Hagel begleitete Unwetter, das gegen 13.00 Uhr begann, erreichte den s\u00fcdwestlichen Teil des Segri\u00e0 und setzte sich in Richtung Nordosten der Plana de Lleida fort, wobei zahlreiche Gebiete im mittleren Teil des Segri\u00e0 sowie weitere in La Noguera, Pla d&#8217;Urgell und L&#8217;Urgell betroffen waren. Es verst\u00e4rkte sich zun\u00e4chst in den Gemeinden rund um den Fluss Segre: Soses, Alcarr\u00e0s, Torres de Segre, Corbins, Alcoletge und Lleida; um sich dann in Richtung Pla d&#8217;Urgell und La Noguera weiter zu bewegen: in die Orte Torrelameu, Albesa, Vilanova de la Barca, Penelles, Linyola, Bellmunt, Castellser\u00e0, Bell-lloc, Bellv\u00eds und el Palau d&#8217;Anglesola.<\/p>\n\n\n\n<p>In den Gemeinden Massalcoreig, Ser\u00f2s, Aitona, Torrefarrera, Alguaire, Sudanell, T\u00e9rmens, Vilanova de la Barca, Bellpuig, Preixens, Ivars d&#8217;Urgell, Vilanova de l&#8217;Aguda, Agramunt und Oss\u00f3 de Si\u00f3 und anderen fiel der Hagel vermischt mit Regen, sodass die Auswirkungen auf die Ernte geringer ausfallen k\u00f6nnten. In einigen Gebieten von Tarragona und Terres de l&#8217;Ebre wurde ebenfalls Hagel registriert. Die endg\u00fcltigen Sch\u00e4den m\u00fcssen noch ermittelt werden.<\/p>\n\n\n\n<p>Der Hagel war sehr intensiv mit 1-2 cm gro\u00dfen K\u00f6rnern, die vor allem die Sommerobstkulturen betrafen. Die Sch\u00e4den k\u00f6nnten zwischen 60 % und 100 % betragen und das zu einem Zeitpunkt, als die Obstb\u00e4ume ihre Bl\u00fcte beendet hatten, die Fr\u00fcchte sich in der Entwicklung befanden und vor der Ausd\u00fcnnung standen.<\/p>\n\n\n\n<p>Die erste Sch\u00e4tzung des Landwirtschaftsministeriums deutet auf ungleichm\u00e4\u00dfige Auswirkungen hin, die jedoch in vielen F\u00e4llen 100 % der Sch\u00e4den ausmachen. Jetzt muss die endg\u00fcltige Schadenssch\u00e4tzung abgewartet und auch andere Kulturen mit ber\u00fccksichtigt werden.<\/p>\n\n\n\n<p> \u201eIn den kommenden Tagen m\u00fcssen wir auch beobachten, wie die Getreidekulturen sowie die Oliven- und Mandelb\u00e4ume reagieren. Auch sie k\u00f6nnten vom Hagel gesch\u00e4digt sein, obwohl es sich um Kulturen handelt, die seltener von Unwettern betroffen werden\u201c, erkl\u00e4rte Ordeig. Die Bewertungen von Agroseguro sollen heute beginnen. Quelle und Foto: DARPA<\/p>\n\n\n\n<p><\/p>\n","protected":false},"excerpt":{"rendered":"<p>Ende KW 16\/25 (19.4.) kam es in der Provinz Lleida\/Katalonien, eines der wichtigsten Steinobstanbaugebiete Spaniens, zu einem schweren<\/p>\n","protected":false},"author":1,"featured_media":2977,"comment_status":"closed","ping_status":"closed","sticky":false,"template":"","format":"standard","meta":{"footnotes":""},"categories":[34],"tags":[],"class_list":["post-2976","post","type-post","status-publish","format-standard","has-post-thumbnail","hentry","category-allgemein"],"featured_image_urls":{"full":["https:\/\/agronoticias.es\/de\/wp-content\/uploads\/2025\/04\/granizada-lleida.jpg",800,600,false],"thumbnail":["https:\/\/agronoticias.es\/de\/wp-content\/uploads\/2025\/04\/granizada-lleida-150x150.jpg",150,150,true],"medium":["https:\/\/agronoticias.es\/de\/wp-content\/uploads\/2025\/04\/granizada-lleida-300x225.jpg",300,225,true],"medium_large":["https:\/\/agronoticias.es\/de\/wp-content\/uploads\/2025\/04\/granizada-lleida-768x576.jpg",640,480,true],"large":["https:\/\/agronoticias.es\/de\/wp-content\/uploads\/2025\/04\/granizada-lleida.jpg",640,480,false],"1536x1536":["https:\/\/agronoticias.es\/de\/wp-content\/uploads\/2025\/04\/granizada-lleida.jpg",800,600,false],"2048x2048":["https:\/\/agronoticias.es\/de\/wp-content\/uploads\/2025\/04\/granizada-lleida.jpg",800,600,false],"morenews-large":["https:\/\/agronoticias.es\/de\/wp-content\/uploads\/2025\/04\/granizada-lleida-800x575.jpg",800,575,true],"morenews-medium":["https:\/\/agronoticias.es\/de\/wp-content\/uploads\/2025\/04\/granizada-lleida-590x410.jpg",590,410,true]},"author_info":{"display_name":"admin","author_link":"https:\/\/agronoticias.es\/de\/author\/admin\/"},"category_info":"<a href=\"https:\/\/agronoticias.es\/de\/category\/allgemein\/\" rel=\"category tag\">Allgemein<\/a>","tag_info":"Allgemein","comment_count":"0","_links":{"self":[{"href":"https:\/\/agronoticias.es\/de\/wp-json\/wp\/v2\/posts\/2976","targetHints":{"allow":["GET"]}}],"collection":[{"href":"https:\/\/agronoticias.es\/de\/wp-json\/wp\/v2\/posts"}],"about":[{"href":"https:\/\/agronoticias.es\/de\/wp-json\/wp\/v2\/types\/post"}],"author":[{"embeddable":true,"href":"https:\/\/agronoticias.es\/de\/wp-json\/wp\/v2\/users\/1"}],"replies":[{"embeddable":true,"href":"https:\/\/agronoticias.es\/de\/wp-json\/wp\/v2\/comments?post=2976"}],"version-history":[{"count":1,"href":"https:\/\/agronoticias.es\/de\/wp-json\/wp\/v2\/posts\/2976\/revisions"}],"predecessor-version":[{"id":2978,"href":"https:\/\/agronoticias.es\/de\/wp-json\/wp\/v2\/posts\/2976\/revisions\/2978"}],"wp:featuredmedia":[{"embeddable":true,"href":"https:\/\/agronoticias.es\/de\/wp-json\/wp\/v2\/media\/2977"}],"wp:attachment":[{"href":"https:\/\/agronoticias.es\/de\/wp-json\/wp\/v2\/media?parent=2976"}],"wp:term":[{"taxonomy":"category","embeddable":true,"href":"https:\/\/agronoticias.es\/de\/wp-json\/wp\/v2\/categories?post=2976"},{"taxonomy":"post_tag","embeddable":true,"href":"https:\/\/agronoticias.es\/de\/wp-json\/wp\/v2\/tags?post=2976"}],"curies":[{"name":"wp","href":"https:\/\/api.w.org\/{rel}","templated":true}]}}