{"id":2968,"date":"2025-04-10T13:02:32","date_gmt":"2025-04-10T11:02:32","guid":{"rendered":"https:\/\/agronoticias.es\/de\/?p=2968"},"modified":"2025-04-10T13:03:02","modified_gmt":"2025-04-10T11:03:02","slug":"proexport-sondiert-geschaftsmoglichkeiten-in-kanada-fur-den-murcianischen-obst-und-gemusesektor","status":"publish","type":"post","link":"https:\/\/agronoticias.es\/de\/proexport-sondiert-geschaftsmoglichkeiten-in-kanada-fur-den-murcianischen-obst-und-gemusesektor\/","title":{"rendered":"Proexport sondiert Gesch\u00e4ftsm\u00f6glichkeiten in Kanada f\u00fcr den murcianischen Obst- und Gem\u00fcsesektor"},"content":{"rendered":"\n<p><\/p>\n\n\n\n<p>In einer Zeit, die von Handelsspannungen und den von der USA gegen diverse L\u00e4nder verh\u00e4ngten Z\u00f6llen gepr\u00e4gt ist, zeichnet sich Kanada als Chance f\u00fcr den spanischen Obst- und Gem\u00fcseexport ab. Die murcianischen Produzenten, die ihre M\u00e4rkte diversifizieren und ihre Abh\u00e4ngigkeit von unbest\u00e4ndigeren Umfeldern verringern wollen, sehen Kanada als m\u00f6glichen Partner, der sich durch seine Stabilit\u00e4t und sein Engagement f\u00fcr Handelsabkommen auszeichnet, trotz der bisher bestehenden Einschr\u00e4nkungen, wie bspw. der Seetransport f\u00fcr frisches O+G oder der Konkurrenz durch Mexiko oder der USA.<\/p>\n\n\n\n<p>Vor diesem Hintergrund befindet sich&nbsp; PROEXPORT (Verband der O+G-Erzeuger und -exporteure der Region Murcia &nbsp;derzeit auf &nbsp;einer technischen und kommerziellen Informationsreise und nimmt an der&nbsp; Messe \u201eCPMA Fresh Week\u201c teil, die vom 8. bis 10. April in Montreal stattfindet und in diesem Jahr mit dem hundertj\u00e4hrigen Bestehen der Canadian Produce Marketing Association &#8211; CPMA zusammenf\u00e4llt.<\/p>\n\n\n\n<p>Proexport und zwei seiner Mitgliedsunternehmen, Agrodolores und Fortini, haben einen eigenen Stand (Nr. 2907), der von dem murcianischen Landwirtschaftsministerium subventioniert wird. Daneben werden sie an verschiedenen Veranstaltungen, Treffen und Arbeitssitzungen teilnehmen, um mehr \u00fcber die Besonderheiten des kanadischen Marktes zu erfahren. Es handelt sich um die gr\u00f6\u00dfte Obst- und Gem\u00fcsemesse in Kanada, die Kunden und wichtige Akteure der O+G-Lieferkette nicht nur aus Nordamerika, sondern auch aus anderen Teilen der Welt anzieht.<\/p>\n\n\n\n<p>Fernando G\u00f3mez, Generaldirektor von Proexport erkl\u00e4rte: \u00abDie Messe ist f\u00fcr die Produzenten im S\u00fcdosten Spaniens ein kommerzielles Fenster nach Kanada. Es ist zweifellos sehr kompliziert, hier Fu\u00df zu fassen, aber wir glauben, dass das derzeitige Klima der Zollunsicherheit uns die M\u00f6glichkeit bietet, unsere Produkte in bestimmte Verbrauchersegmente zu exportieren, die die Qualit\u00e4t und das Serviceniveau, das wir anbieten, verlangen,\u201c und f\u00fcgte hinzu:&nbsp; \u201cDie spanische Obst- und Gem\u00fcseproduktion bietet Sicherheit und Professionalit\u00e4t in Zeiten der kommerziellen Instabilit\u00e4t. Wir werden in Kanada gut aufgenommen und arbeiten daran, den Absatz hier mittel- bis langfristig auszubauen\u00bb.<\/p>\n\n\n\n<p>PROEXPORT f\u00fchrt in Zusammenarbeit mit dem Instituto de Fomento de la Regi\u00f3n de Murcia (INFO) und dem Europ\u00e4ischen Fonds f\u00fcr regionale Entwicklung (EFRE) im Rahmen des neuen Plans f\u00fcr die Internationalisierung der Unternehmen 2023-2027 eine Sondierung der Handelsm\u00f6glichkeiten durch. Mehrere regionale Unternehmen werden diese Veranstaltung nutzen, um Gesch\u00e4ftskontakte mit Importeuren aus dem kanadischen und asiatischen Markt zu kn\u00fcpfen. Der Verband APOEXPA und seine Mitgliedsunternehmen El Ciruelo, Moyca Grapes und Frutas Torero nehmen ebenfalls teil. <\/p>\n","protected":false},"excerpt":{"rendered":"<p>In einer Zeit, die von Handelsspannungen und den von der USA gegen diverse L\u00e4nder verh\u00e4ngten Z\u00f6llen gepr\u00e4gt ist,<\/p>\n","protected":false},"author":1,"featured_media":2969,"comment_status":"closed","ping_status":"closed","sticky":false,"template":"","format":"standard","meta":{"footnotes":""},"categories":[34],"tags":[],"class_list":["post-2968","post","type-post","status-publish","format-standard","has-post-thumbnail","hentry","category-allgemein"],"featured_image_urls":{"full":["https:\/\/agronoticias.es\/de\/wp-content\/uploads\/2025\/04\/La-delegacion-murciana-junto-a-directivos-del-supermercado-canadiense-Loblaws-768x552-1.jpeg",768,552,false],"thumbnail":["https:\/\/agronoticias.es\/de\/wp-content\/uploads\/2025\/04\/La-delegacion-murciana-junto-a-directivos-del-supermercado-canadiense-Loblaws-768x552-1-150x150.jpeg",150,150,true],"medium":["https:\/\/agronoticias.es\/de\/wp-content\/uploads\/2025\/04\/La-delegacion-murciana-junto-a-directivos-del-supermercado-canadiense-Loblaws-768x552-1-300x216.jpeg",300,216,true],"medium_large":["https:\/\/agronoticias.es\/de\/wp-content\/uploads\/2025\/04\/La-delegacion-murciana-junto-a-directivos-del-supermercado-canadiense-Loblaws-768x552-1.jpeg",640,460,false],"large":["https:\/\/agronoticias.es\/de\/wp-content\/uploads\/2025\/04\/La-delegacion-murciana-junto-a-directivos-del-supermercado-canadiense-Loblaws-768x552-1.jpeg",640,460,false],"1536x1536":["https:\/\/agronoticias.es\/de\/wp-content\/uploads\/2025\/04\/La-delegacion-murciana-junto-a-directivos-del-supermercado-canadiense-Loblaws-768x552-1.jpeg",768,552,false],"2048x2048":["https:\/\/agronoticias.es\/de\/wp-content\/uploads\/2025\/04\/La-delegacion-murciana-junto-a-directivos-del-supermercado-canadiense-Loblaws-768x552-1.jpeg",768,552,false],"morenews-large":["https:\/\/agronoticias.es\/de\/wp-content\/uploads\/2025\/04\/La-delegacion-murciana-junto-a-directivos-del-supermercado-canadiense-Loblaws-768x552-1.jpeg",768,552,false],"morenews-medium":["https:\/\/agronoticias.es\/de\/wp-content\/uploads\/2025\/04\/La-delegacion-murciana-junto-a-directivos-del-supermercado-canadiense-Loblaws-768x552-1-590x410.jpeg",590,410,true]},"author_info":{"display_name":"admin","author_link":"https:\/\/agronoticias.es\/de\/author\/admin\/"},"category_info":"<a href=\"https:\/\/agronoticias.es\/de\/category\/allgemein\/\" rel=\"category tag\">Allgemein<\/a>","tag_info":"Allgemein","comment_count":"0","_links":{"self":[{"href":"https:\/\/agronoticias.es\/de\/wp-json\/wp\/v2\/posts\/2968","targetHints":{"allow":["GET"]}}],"collection":[{"href":"https:\/\/agronoticias.es\/de\/wp-json\/wp\/v2\/posts"}],"about":[{"href":"https:\/\/agronoticias.es\/de\/wp-json\/wp\/v2\/types\/post"}],"author":[{"embeddable":true,"href":"https:\/\/agronoticias.es\/de\/wp-json\/wp\/v2\/users\/1"}],"replies":[{"embeddable":true,"href":"https:\/\/agronoticias.es\/de\/wp-json\/wp\/v2\/comments?post=2968"}],"version-history":[{"count":2,"href":"https:\/\/agronoticias.es\/de\/wp-json\/wp\/v2\/posts\/2968\/revisions"}],"predecessor-version":[{"id":2971,"href":"https:\/\/agronoticias.es\/de\/wp-json\/wp\/v2\/posts\/2968\/revisions\/2971"}],"wp:featuredmedia":[{"embeddable":true,"href":"https:\/\/agronoticias.es\/de\/wp-json\/wp\/v2\/media\/2969"}],"wp:attachment":[{"href":"https:\/\/agronoticias.es\/de\/wp-json\/wp\/v2\/media?parent=2968"}],"wp:term":[{"taxonomy":"category","embeddable":true,"href":"https:\/\/agronoticias.es\/de\/wp-json\/wp\/v2\/categories?post=2968"},{"taxonomy":"post_tag","embeddable":true,"href":"https:\/\/agronoticias.es\/de\/wp-json\/wp\/v2\/tags?post=2968"}],"curies":[{"name":"wp","href":"https:\/\/api.w.org\/{rel}","templated":true}]}}