{"id":2960,"date":"2025-04-07T12:10:34","date_gmt":"2025-04-07T10:10:34","guid":{"rendered":"https:\/\/agronoticias.es\/de\/?p=2960"},"modified":"2025-04-24T10:35:36","modified_gmt":"2025-04-24T08:35:36","slug":"madrid-fruit-attraction-2025-umfasst-zwei-neue-pavillons","status":"publish","type":"post","link":"https:\/\/agronoticias.es\/de\/madrid-fruit-attraction-2025-umfasst-zwei-neue-pavillons\/","title":{"rendered":"Madrid &#8211; Fruit Attraction 2025 umfasst zwei neue Pavillons"},"content":{"rendered":"\n<p>Die Fruit Attraction 2025, die vom 30. September bis zum 2. Oktober stattfindet, markiert einen bedeutenden Meilenstein in ihrer Entwicklung, indem sie sich als weltweit f\u00fchrende Fachmesse f\u00fcr die Obst- und Gem\u00fcseindustrie festigt.<\/p>\n\n\n\n<p> In ihrer 17. Ausgabe best\u00e4tigt die von IFEMA MADRID und FEPEX organisierte Veranstaltung ihre F\u00fchrungsrolle mit einer strategischen Erweiterung und einer neuen Sektorisierung, die das Erlebnis f\u00fcr Aussteller und Besucher optimieren wird.<\/p>\n\n\n\n<p><br>Nach Angaben der Organisation, durch die Einbeziehung der Hallen 12 und 14 des Madrider Messegel\u00e4ndes wird die Fruit Attraction 2025 nicht nur ihre Ausstellungsfl\u00e4che auf \u00fcber 70.000 m2 vergr\u00f6\u00dfern, sondern auch die Organisation der Messe durch eine effizientere Aufteilung nach geografischen Regionen verbessern. Dieser neue Ansatz wird es den Fachleuten der Branche erm\u00f6glichen, Erzeuger und Lieferanten in jedem Land und jeder Region schneller ausfindig zu machen, was die Schaffung neuer Synergien und Gesch\u00e4ftsm\u00f6glichkeiten erleichtert. Es wird erwartet, dass diese Ausgabe die bisher herausragendste sein wird, da sie allen Teilnehmern eine bequemere, zug\u00e4nglichere und bereichernde Erfahrung bietet.<br><br>Die Fruit Attraction 2025 wird in 10 Hallen der IFEMA MADRID &#8211; 3, 4, 5, 6, 7, 8, 9, 10, 12 und 14 &#8211; stattfinden, in denen die Produkte, L\u00f6sungen, neuen Sorten und Formate, Forschung, Trends und Innovationen der mehr als 2.200 teilnehmenden Unternehmen pr\u00e4sentiert werden.<\/p>\n\n\n\n<p>In den ungeraden Hallen werden die Neuheiten der nationalen Unternehmen vorgestellt, zus\u00e4tzlich zu den Vorschl\u00e4gen des Bereichs Innova&amp;Tech (Halle 5). In den geraden Hallen werden Unternehmen aus Europa (4, 6 und 8), einzelne Unternehmen, die auf dem globalen Markt t\u00e4tig sind (8 und 10), aus Amerika (12) sowie aus Afrika und Asien (Halle 14) vertreten sein. Der Bereich Frischelogistik wird in Halle 4 zu finden sein. Um das Ausstellungsangebot zu vervollst\u00e4ndigen, wird es in den meisten Hallen einen Bereich f\u00fcr die Hilfsindustrie geben, so dass die gesamte Wertsch\u00f6pfungskette des Sektors auf der Fruit Attraction vertreten sein wird.<\/p>\n","protected":false},"excerpt":{"rendered":"<p>Die Fruit Attraction 2025, die vom 30. September bis zum 2. Oktober stattfindet, markiert einen bedeutenden Meilenstein in<\/p>\n","protected":false},"author":1,"featured_media":2961,"comment_status":"closed","ping_status":"closed","sticky":false,"template":"","format":"standard","meta":{"footnotes":""},"categories":[34,1],"tags":[],"class_list":["post-2960","post","type-post","status-publish","format-standard","has-post-thumbnail","hentry","category-allgemein","category-veranstaltungen"],"featured_image_urls":{"full":["https:\/\/agronoticias.es\/de\/wp-content\/uploads\/2025\/04\/fa25entrada-pab-10.jpg",800,531,false],"thumbnail":["https:\/\/agronoticias.es\/de\/wp-content\/uploads\/2025\/04\/fa25entrada-pab-10-150x150.jpg",150,150,true],"medium":["https:\/\/agronoticias.es\/de\/wp-content\/uploads\/2025\/04\/fa25entrada-pab-10-300x199.jpg",300,199,true],"medium_large":["https:\/\/agronoticias.es\/de\/wp-content\/uploads\/2025\/04\/fa25entrada-pab-10-768x510.jpg",640,425,true],"large":["https:\/\/agronoticias.es\/de\/wp-content\/uploads\/2025\/04\/fa25entrada-pab-10.jpg",640,425,false],"1536x1536":["https:\/\/agronoticias.es\/de\/wp-content\/uploads\/2025\/04\/fa25entrada-pab-10.jpg",800,531,false],"2048x2048":["https:\/\/agronoticias.es\/de\/wp-content\/uploads\/2025\/04\/fa25entrada-pab-10.jpg",800,531,false],"morenews-large":["https:\/\/agronoticias.es\/de\/wp-content\/uploads\/2025\/04\/fa25entrada-pab-10.jpg",800,531,false],"morenews-medium":["https:\/\/agronoticias.es\/de\/wp-content\/uploads\/2025\/04\/fa25entrada-pab-10-590x410.jpg",590,410,true]},"author_info":{"display_name":"admin","author_link":"https:\/\/agronoticias.es\/de\/author\/admin\/"},"category_info":"<a href=\"https:\/\/agronoticias.es\/de\/category\/allgemein\/\" rel=\"category tag\">Allgemein<\/a> <a href=\"https:\/\/agronoticias.es\/de\/category\/veranstaltungen\/\" rel=\"category tag\">Veranstaltungen<\/a>","tag_info":"Veranstaltungen","comment_count":"0","_links":{"self":[{"href":"https:\/\/agronoticias.es\/de\/wp-json\/wp\/v2\/posts\/2960","targetHints":{"allow":["GET"]}}],"collection":[{"href":"https:\/\/agronoticias.es\/de\/wp-json\/wp\/v2\/posts"}],"about":[{"href":"https:\/\/agronoticias.es\/de\/wp-json\/wp\/v2\/types\/post"}],"author":[{"embeddable":true,"href":"https:\/\/agronoticias.es\/de\/wp-json\/wp\/v2\/users\/1"}],"replies":[{"embeddable":true,"href":"https:\/\/agronoticias.es\/de\/wp-json\/wp\/v2\/comments?post=2960"}],"version-history":[{"count":2,"href":"https:\/\/agronoticias.es\/de\/wp-json\/wp\/v2\/posts\/2960\/revisions"}],"predecessor-version":[{"id":2963,"href":"https:\/\/agronoticias.es\/de\/wp-json\/wp\/v2\/posts\/2960\/revisions\/2963"}],"wp:featuredmedia":[{"embeddable":true,"href":"https:\/\/agronoticias.es\/de\/wp-json\/wp\/v2\/media\/2961"}],"wp:attachment":[{"href":"https:\/\/agronoticias.es\/de\/wp-json\/wp\/v2\/media?parent=2960"}],"wp:term":[{"taxonomy":"category","embeddable":true,"href":"https:\/\/agronoticias.es\/de\/wp-json\/wp\/v2\/categories?post=2960"},{"taxonomy":"post_tag","embeddable":true,"href":"https:\/\/agronoticias.es\/de\/wp-json\/wp\/v2\/tags?post=2960"}],"curies":[{"name":"wp","href":"https:\/\/api.w.org\/{rel}","templated":true}]}}