{"id":2951,"date":"2025-03-28T11:24:34","date_gmt":"2025-03-28T10:24:34","guid":{"rendered":"https:\/\/agronoticias.es\/de\/?p=2951"},"modified":"2025-03-28T11:28:09","modified_gmt":"2025-03-28T10:28:09","slug":"green-fruits-coop-v-steigert-seinen-umsatz-im-geschaftsjahr-2023-2024-um-218","status":"publish","type":"post","link":"https:\/\/agronoticias.es\/de\/green-fruits-coop-v-steigert-seinen-umsatz-im-geschaftsjahr-2023-2024-um-218\/","title":{"rendered":"Green Fruits Coop.V. steigert seinen Umsatz im Gesch\u00e4ftsjahr 2023-2024 um 21,8%"},"content":{"rendered":"\n<p>Green Fruits Coop.V., bedeutendes Mitglied von Anecoop im Citrusbereich, hat Anfang KW 13\/25 auf seiner Generalversammlung die Ergebnisse f\u00fcr das Gesch\u00e4ftsjahr 2023-2024 vorgestellt. Die Genossenschaft 2. Grades mit Sitz in Oliva\/Valencia hat in diesem Zeitraum einen Umsatz von 67 Mio Euro erzielt, was einer deutlichen Steigerung von 21,8 % gegen\u00fcber der vorherigen Saison und einem positiven Ergebnis von 1,9 Mio Euro entspricht. Daneben beschloss die Versammlung eine Erh\u00f6hung der Mitglieder-Abrechnungen f\u00fcr die Saison 23-24 um 5 %, und so die Rentabilit\u00e4t der Erzeuger zu verbessern.<\/p>\n\n\n\n<p>Nach Bilanzdaten erreichte die vermarktete Menge in der Saison 2023-24 ein Volumen von 107.000 t, 25.000 t mehr als in der vergangenen Kampagne. Davon entfallen \u00fcber 90 % auf Citrusfr\u00fcchte (35 % Clementinen und 65 % Orangen). Die restlichen 10 % verteilen sich auf Kakis und Avocados, die 9 % bzw. 1 % der Gesamtmenge ausmachen.<\/p>\n\n\n\n<p>Mit mehr als 4.000 Erzeugermitglieder besch\u00e4ftigt Green Fruits 1.400 Personen in den Gebieten, in denen sich die Packh\u00e4user f\u00fcr das Produktmanagement befinden. Die in der letzten Saison vermarktete h\u00f6here Menge, die h\u00f6heren Verkaufspreise und Kosteneinsparungen dank des genossenschaftlichen Integrationsmodells haben zu Ergebnissen gef\u00fchrt, die Green Fruits als wirtschaftliche treibende Kraft in seinem Einflussbereich weiter st\u00e4rken und seine Position als gr\u00f6\u00dfter Citrus-Partner von Anecoop festigen.<\/p>\n\n\n\n<p>Green Fruits entstand im April 2018 aus dem Zusammenschluss von drei Citrusunternehmen: Cooperativa Citr\u00edcola de La Safor\/Gand\u00eda, S.A.T. Novacitrus\/Oliva und Cooperativa Agr\u00edcola de Pego\/Alicante, die beschlossen, die Kr\u00e4fte zu b\u00fcndeln, um ihr Management und Wachstum zu optimieren. In 2021 schloss sich Copal\/Algemes\u00ed an und im Oktober 2022 Alzicoop aus Alzira.<\/p>\n\n\n\n<p>In den Jahren 2023-2024 wurde die Genossenschaft Soex-2 aus Castell\u00f3n von einer Inter-Genossenschaft zu einem Mitglied von Green Fruits. Im selben Jahr wurde ein weiterer Meilenstein erreicht: die Interkooperationsvereinbarung mit Coalmar, die aus dem Zusammenschluss der Genossenschaften Alfarp und Llombai hervorgegangen ist. Nach dieser Unterzeichnung vermarktet Green Fruits die gesamte Citrusproduktion von Coalmar, die ihrerseits das Steinobst von Green Fruits managt.<\/p>\n\n\n\n<p>Diese Strategien verbessern die Management-Effizienz und senken die Kosten der Genossenschaften, was zur Steigerung ihrer Wettbewerbsf\u00e4higkeit und zur besseren Positionierung ihrer Produkte auf den internationalen M\u00e4rkten beitr\u00e4gt.<\/p>\n\n\n\n<p><img fetchpriority=\"high\" decoding=\"async\" width=\"800\" height=\"550\" class=\"wp-image-2954\" style=\"width: 800px;\" src=\"https:\/\/agronoticias.es\/de\/wp-content\/uploads\/2025\/03\/Josep-Vicent-Salort-izq.-y-Jaime-Torres-de-Green-Fruits.jpg\" alt=\"\" srcset=\"https:\/\/agronoticias.es\/de\/wp-content\/uploads\/2025\/03\/Josep-Vicent-Salort-izq.-y-Jaime-Torres-de-Green-Fruits.jpg 2460w, https:\/\/agronoticias.es\/de\/wp-content\/uploads\/2025\/03\/Josep-Vicent-Salort-izq.-y-Jaime-Torres-de-Green-Fruits-300x206.jpg 300w, https:\/\/agronoticias.es\/de\/wp-content\/uploads\/2025\/03\/Josep-Vicent-Salort-izq.-y-Jaime-Torres-de-Green-Fruits-1024x703.jpg 1024w, https:\/\/agronoticias.es\/de\/wp-content\/uploads\/2025\/03\/Josep-Vicent-Salort-izq.-y-Jaime-Torres-de-Green-Fruits-768x528.jpg 768w, https:\/\/agronoticias.es\/de\/wp-content\/uploads\/2025\/03\/Josep-Vicent-Salort-izq.-y-Jaime-Torres-de-Green-Fruits-1536x1055.jpg 1536w, https:\/\/agronoticias.es\/de\/wp-content\/uploads\/2025\/03\/Josep-Vicent-Salort-izq.-y-Jaime-Torres-de-Green-Fruits-2048x1407.jpg 2048w\" sizes=\"(max-width: 800px) 100vw, 800px\" \/>Josep Vicent Salort, Pr\u00e4sident von Green Fruits, erkl\u00e4rte: \u201eDie Genossenschaften m\u00fcssen angesichts der durch die Atomisierung unseres Sektors verursachten Behinderungen durch Verbesserungen der gesch\u00e4ftlichen Dimension vorankommen, da dies der Schl\u00fcssel zur Bew\u00e4ltigung der Herausforderungen einer globalen Wirtschaft ist. Bei Green Fruits ist dies unser Fahrplan, mit dem Ziel, immer wettbewerbsf\u00e4higer zu werden und die Rentabilit\u00e4t unserer Mitglieder weiter zu steigern. Die Ergebnisse best\u00e4tigen uns das jedes Jahr, und das bedeutet, dass wir auf dem richtigen Weg sind\u201c.<\/p>\n\n\n\n<p>Green Fruits ist Partner der Anecoop-Gruppe, der f\u00fchrenden spanischen Genossenschaft f\u00fcr die O+G-Vermarktung, mit der sie 100% ihrer Produktion kommerzialisiert. Der Pr\u00e4sident von Anecoop, Alejandro Monz\u00f3n, betonte: \u201eGreen Fruits positioniert sich als erfolgreiches Modell f\u00fcr die Zusammenarbeit und Integration von Genossenschaften. Deshalb ermutige ich die Genossenschaften, dieses Gesch\u00e4ftsmodell zu \u00fcbernehmen, um auf den M\u00e4rkten an St\u00e4rke und Position zu gewinnen. Der Zusammenschluss ist auch der beste Weg, die Herausforderungen zu meistern, denen sich unser Sektor gegen\u00fcbersieht.\u201c <\/p>\n","protected":false},"excerpt":{"rendered":"<p>Green Fruits Coop.V., bedeutendes Mitglied von Anecoop im Citrusbereich, hat Anfang KW 13\/25 auf seiner Generalversammlung die Ergebnisse<\/p>\n","protected":false},"author":1,"featured_media":2952,"comment_status":"closed","ping_status":"closed","sticky":false,"template":"","format":"standard","meta":{"footnotes":""},"categories":[34],"tags":[],"class_list":["post-2951","post","type-post","status-publish","format-standard","has-post-thumbnail","hentry","category-allgemein"],"featured_image_urls":{"full":["https:\/\/agronoticias.es\/de\/wp-content\/uploads\/2025\/03\/Linea-citricos-Green-Fruits-4.jpg",2016,1512,false],"thumbnail":["https:\/\/agronoticias.es\/de\/wp-content\/uploads\/2025\/03\/Linea-citricos-Green-Fruits-4-150x150.jpg",150,150,true],"medium":["https:\/\/agronoticias.es\/de\/wp-content\/uploads\/2025\/03\/Linea-citricos-Green-Fruits-4-300x225.jpg",300,225,true],"medium_large":["https:\/\/agronoticias.es\/de\/wp-content\/uploads\/2025\/03\/Linea-citricos-Green-Fruits-4-768x576.jpg",640,480,true],"large":["https:\/\/agronoticias.es\/de\/wp-content\/uploads\/2025\/03\/Linea-citricos-Green-Fruits-4-1024x768.jpg",640,480,true],"1536x1536":["https:\/\/agronoticias.es\/de\/wp-content\/uploads\/2025\/03\/Linea-citricos-Green-Fruits-4-1536x1152.jpg",1536,1152,true],"2048x2048":["https:\/\/agronoticias.es\/de\/wp-content\/uploads\/2025\/03\/Linea-citricos-Green-Fruits-4.jpg",2016,1512,false],"morenews-large":["https:\/\/agronoticias.es\/de\/wp-content\/uploads\/2025\/03\/Linea-citricos-Green-Fruits-4-825x575.jpg",825,575,true],"morenews-medium":["https:\/\/agronoticias.es\/de\/wp-content\/uploads\/2025\/03\/Linea-citricos-Green-Fruits-4-590x410.jpg",590,410,true]},"author_info":{"display_name":"admin","author_link":"https:\/\/agronoticias.es\/de\/author\/admin\/"},"category_info":"<a href=\"https:\/\/agronoticias.es\/de\/category\/allgemein\/\" rel=\"category tag\">Allgemein<\/a>","tag_info":"Allgemein","comment_count":"0","_links":{"self":[{"href":"https:\/\/agronoticias.es\/de\/wp-json\/wp\/v2\/posts\/2951","targetHints":{"allow":["GET"]}}],"collection":[{"href":"https:\/\/agronoticias.es\/de\/wp-json\/wp\/v2\/posts"}],"about":[{"href":"https:\/\/agronoticias.es\/de\/wp-json\/wp\/v2\/types\/post"}],"author":[{"embeddable":true,"href":"https:\/\/agronoticias.es\/de\/wp-json\/wp\/v2\/users\/1"}],"replies":[{"embeddable":true,"href":"https:\/\/agronoticias.es\/de\/wp-json\/wp\/v2\/comments?post=2951"}],"version-history":[{"count":2,"href":"https:\/\/agronoticias.es\/de\/wp-json\/wp\/v2\/posts\/2951\/revisions"}],"predecessor-version":[{"id":2955,"href":"https:\/\/agronoticias.es\/de\/wp-json\/wp\/v2\/posts\/2951\/revisions\/2955"}],"wp:featuredmedia":[{"embeddable":true,"href":"https:\/\/agronoticias.es\/de\/wp-json\/wp\/v2\/media\/2952"}],"wp:attachment":[{"href":"https:\/\/agronoticias.es\/de\/wp-json\/wp\/v2\/media?parent=2951"}],"wp:term":[{"taxonomy":"category","embeddable":true,"href":"https:\/\/agronoticias.es\/de\/wp-json\/wp\/v2\/categories?post=2951"},{"taxonomy":"post_tag","embeddable":true,"href":"https:\/\/agronoticias.es\/de\/wp-json\/wp\/v2\/tags?post=2951"}],"curies":[{"name":"wp","href":"https:\/\/api.w.org\/{rel}","templated":true}]}}