{"id":2942,"date":"2025-03-24T16:20:20","date_gmt":"2025-03-24T15:20:20","guid":{"rendered":"https:\/\/agronoticias.es\/de\/?p=2942"},"modified":"2025-03-24T16:20:21","modified_gmt":"2025-03-24T15:20:21","slug":"edeka-wird-ernahrungspartner-der-manner-fusball-nationalmannschaft","status":"publish","type":"post","link":"https:\/\/agronoticias.es\/de\/edeka-wird-ernahrungspartner-der-manner-fusball-nationalmannschaft\/","title":{"rendered":"EDEKA wird Ern\u00e4hrungspartner der M\u00e4nner-Fu\u00dfball-Nationalmannschaft"},"content":{"rendered":"\n<p>EDEKA wird ab dem 1. April 2025 offizieller Ern\u00e4hrungspartner der M\u00e4nner-Nationalmannschaft des Deutschen Fu\u00dfball-Bundes (DFB). Der f\u00fchrende Lebensmitteleinzelh\u00e4ndler Deutschlands baut damit sein Sport-Engagement weiter aus. Im Rahmen der Zusammenarbeit sind aufmerksamkeitsstarke Kampagnen, zahlreiche Aktivit\u00e4ten direkt in den EDEKA-M\u00e4rkten, Gewinnspiele und exklusive Sammelaktionen geplant. Bereits gestern beim L\u00e4nderspiel Deutschland gegen Italien wurde die Partnerschaft zum ersten Mal sichtbar.<\/p>\n\n\n\n<p>Dr. Holger Blask, Vorsitzender der Gesch\u00e4ftsf\u00fchrung der DFB GmbH und Co. KG, sagt: \u201eWir freuen uns sehr, EDEKA als neuen starken Partner der A-National-mannschaft der M\u00e4nner begr\u00fc\u00dfen zu d\u00fcrfen. EDEKA und den DFB eint, dass wir jeweils h\u00f6chste Anspr\u00fcche an Qualit\u00e4t und Leistung haben und unserer Verantwortung im Bereich der Nachhaltigkeit gerecht werden wollen. Gemeinsam wollen wir so eine erfolgreiche Partnerschaft in den Bereichen Lebensmittel und gesunde Ern\u00e4hrung im Sport in den kommenden Jahren eingehen.\u201c<\/p>\n\n\n\n<ol start=\"24\" class=\"wp-block-list\"><\/ol>\n\n\n\n<p>\u201eWir sind stolz, offizieller Ern\u00e4hrungspartner der M\u00e4nner-Nationalmannschaft des DFB zu werden. Ausgewogene Ern\u00e4hrung und Sport geh\u00f6ren zusammen. Aus diesem Grund engagiert sich EDEKA bereits seit Jahren ganzheitlich sowohl im Breiten- als auch im Leistungssport. Mit dieser Partnerschaft erg\u00e4nzen wir unser Engagement um das Aush\u00e4ngeschild der beliebtesten deutschen Sportart\u201c, so Markus Mosa, Vorstandsvorsitzender der EDEKA ZENTRALE Stiftung &amp; Co. KG.<\/p>\n\n\n\n<p>Anpfiff f\u00fcr ausgewogene Ern\u00e4hrung<\/p>\n\n\n\n<p>Das gemeinsame Ziel der Partnerschaft ist es, die Bedeutung von ausgewogener Ern\u00e4hrung sowohl im Breiten- als auch im Leistungssport zu st\u00e4rken. Die Partnerschaft wird auf allen EDEKA-Kan\u00e4len und in den EDEKA-M\u00e4rkten reichweitenstark aktiviert. Auch in den M\u00e4rkten der EDEKA-Vertriebsschienen Marktkauf und trinkgut wird die Partnerschaft sichtbar. In den Turnierjahren mit Welt- und Europameisterschaft kommen zus\u00e4tzlich exklusive Sammelaktionen dazu.<\/p>\n\n\n\n<p>Ausbau des Sport-Engagements von EDEKA<\/p>\n\n\n\n<p>EDEKA engagiert sich seit Jahren f\u00fcr den Sport. Neben dem lokalen Sport-Engagement der selbstst\u00e4ndigen EDEKA-Kaufleute und dem regionalen der EDEKA-Gro\u00dfhandelsbetriebe ist der EDEKA-Verbund national auch seit Jahren Premium Partner vom Olympia Team Deutschland und begleitet zahlreiche Athletinnen und Athleten auf ihrem Weg zu den Olympischen Spielen. Durch die Partnerschaft mit der M\u00e4nner-Nationalmannschaft des DFB erh\u00e4lt die vielf\u00e4ltige F\u00f6rderung des Fu\u00dfballs im EDEKA-Verbund ein nationales Dach, unter dem das vorhandene Engagement im Jugend-, Amateur- und Profifu\u00dfball weiterentwickelt und sichtbar gemacht werden kann.<\/p>\n\n\n\n<p><\/p>\n","protected":false},"excerpt":{"rendered":"<p>EDEKA wird ab dem 1. April 2025 offizieller Ern\u00e4hrungspartner der M\u00e4nner-Nationalmannschaft des Deutschen Fu\u00dfball-Bundes (DFB). Der f\u00fchrende Lebensmitteleinzelh\u00e4ndler<\/p>\n","protected":false},"author":1,"featured_media":2943,"comment_status":"closed","ping_status":"closed","sticky":false,"template":"","format":"standard","meta":{"footnotes":""},"categories":[34],"tags":[],"class_list":["post-2942","post","type-post","status-publish","format-standard","has-post-thumbnail","hentry","category-allgemein"],"featured_image_urls":{"full":["https:\/\/agronoticias.es\/de\/wp-content\/uploads\/2025\/03\/edeka-markt.jpg",1000,667,false],"thumbnail":["https:\/\/agronoticias.es\/de\/wp-content\/uploads\/2025\/03\/edeka-markt-150x150.jpg",150,150,true],"medium":["https:\/\/agronoticias.es\/de\/wp-content\/uploads\/2025\/03\/edeka-markt-300x200.jpg",300,200,true],"medium_large":["https:\/\/agronoticias.es\/de\/wp-content\/uploads\/2025\/03\/edeka-markt-768x512.jpg",640,427,true],"large":["https:\/\/agronoticias.es\/de\/wp-content\/uploads\/2025\/03\/edeka-markt.jpg",640,427,false],"1536x1536":["https:\/\/agronoticias.es\/de\/wp-content\/uploads\/2025\/03\/edeka-markt.jpg",1000,667,false],"2048x2048":["https:\/\/agronoticias.es\/de\/wp-content\/uploads\/2025\/03\/edeka-markt.jpg",1000,667,false],"morenews-large":["https:\/\/agronoticias.es\/de\/wp-content\/uploads\/2025\/03\/edeka-markt-825x575.jpg",825,575,true],"morenews-medium":["https:\/\/agronoticias.es\/de\/wp-content\/uploads\/2025\/03\/edeka-markt-590x410.jpg",590,410,true]},"author_info":{"display_name":"admin","author_link":"https:\/\/agronoticias.es\/de\/author\/admin\/"},"category_info":"<a href=\"https:\/\/agronoticias.es\/de\/category\/allgemein\/\" rel=\"category tag\">Allgemein<\/a>","tag_info":"Allgemein","comment_count":"0","_links":{"self":[{"href":"https:\/\/agronoticias.es\/de\/wp-json\/wp\/v2\/posts\/2942","targetHints":{"allow":["GET"]}}],"collection":[{"href":"https:\/\/agronoticias.es\/de\/wp-json\/wp\/v2\/posts"}],"about":[{"href":"https:\/\/agronoticias.es\/de\/wp-json\/wp\/v2\/types\/post"}],"author":[{"embeddable":true,"href":"https:\/\/agronoticias.es\/de\/wp-json\/wp\/v2\/users\/1"}],"replies":[{"embeddable":true,"href":"https:\/\/agronoticias.es\/de\/wp-json\/wp\/v2\/comments?post=2942"}],"version-history":[{"count":1,"href":"https:\/\/agronoticias.es\/de\/wp-json\/wp\/v2\/posts\/2942\/revisions"}],"predecessor-version":[{"id":2944,"href":"https:\/\/agronoticias.es\/de\/wp-json\/wp\/v2\/posts\/2942\/revisions\/2944"}],"wp:featuredmedia":[{"embeddable":true,"href":"https:\/\/agronoticias.es\/de\/wp-json\/wp\/v2\/media\/2943"}],"wp:attachment":[{"href":"https:\/\/agronoticias.es\/de\/wp-json\/wp\/v2\/media?parent=2942"}],"wp:term":[{"taxonomy":"category","embeddable":true,"href":"https:\/\/agronoticias.es\/de\/wp-json\/wp\/v2\/categories?post=2942"},{"taxonomy":"post_tag","embeddable":true,"href":"https:\/\/agronoticias.es\/de\/wp-json\/wp\/v2\/tags?post=2942"}],"curies":[{"name":"wp","href":"https:\/\/api.w.org\/{rel}","templated":true}]}}