{"id":2933,"date":"2025-03-20T10:39:15","date_gmt":"2025-03-20T09:39:15","guid":{"rendered":"https:\/\/agronoticias.es\/de\/?p=2933"},"modified":"2025-03-20T10:39:49","modified_gmt":"2025-03-20T09:39:49","slug":"spanien-anhaltender-regen-verursacht-schaden-an-obst-und-gemusekulturen","status":"publish","type":"post","link":"https:\/\/agronoticias.es\/de\/spanien-anhaltender-regen-verursacht-schaden-an-obst-und-gemusekulturen\/","title":{"rendered":"Spanien \u2013 anhaltender Regen verursacht Sch\u00e4den an Obst- und Gem\u00fcsekulturen"},"content":{"rendered":"\n<p>Der M\u00e4rz ist praktisch in ganz Spanien sehr regnerisch. Seit Anfang des Monats hat es im ganzen Land ununterbrochen geregnet, und besonders intensiv in allen Obst- und Gem\u00fcseanbaugebieten. Die diversen Agrarorganisationen melden Sch\u00e4den bei Gem\u00fcse, Beerenfr\u00fcchte und auch Steinobst, wie bspw. Pflaumen aus der Extremadura. Auch der Zucker- und Wassermelonensektor ist stark besorgt. Positiv ist, dass die Wasserreserven im Vergleich zum Februar um 5 Prozentpunkte gestiegen sind und 65,8 % der Gesamtkapazit\u00e4t erreicht haben. Und sie werden weiter steigen, da f\u00fcr diese Woche (KW 12\/25) weitere Niederschl\u00e4ge erwartet werden.<\/p>\n\n\n\n<p>Nach Informationen von COAG Andalusien in Bezug auf die O+G-Produkte verursachen die anhaltenden Regenf\u00e4lle in der Provinz Almeria bereits Sch\u00e4den an einigen Freilandkulturen sowie in den Gew\u00e4chsh\u00e4usern, wie Brokkoli, Gurken, Paprika, Wasser- und Zuckermelonen. Sie sind von der hohen Luftfeuchtigkeit betroffen, die die Ausbreitung von Sch\u00e4dlingen und Krankheiten wie Botrytis und Mehltau beg\u00fcnstigt und zu F\u00e4ulniserscheinungen an den Pflanzen f\u00fchrt. Bei Melonen und Wassermelonen ist dies besonders besorgniserregend, da sie sich mitten in der Best\u00e4ubungsphase befinden und in den letzten Wochen von pl\u00f6tzlichen und abwechselnden Episoden von Feuchtigkeit und Hitze betroffen waren.<\/p>\n\n\n\n<p>In Huelva beeintr\u00e4chtigt nach Angaben der Agrarorganisation die \u00fcberm\u00e4\u00dfige Feuchtigkeit einen gro\u00dfen Teil der Erdbeeren, und obwohl der Preis gestiegen ist, werden die Verluste durch Botrytis dadurch nicht ausgeglichen. Dar\u00fcber hinaus machen die Regenf\u00e4lle die Landwirtschaftswege unpassierbar, einige Parzellen wurden \u00fcberflutet und es gibt Gebiete, wo das Wasser zu Abflussl\u00e4ufen geworden ist. Es gibt auch Meldungen \u00fcber einige \u00fcberschwemmte Citrusfincas in C\u00f3rdoba.<\/p>\n\n\n\n<p>Trotz der punktuellen Sch\u00e4den an den Kulturen und der l\u00e4ndlichen Infrastruktur sind die Niederschl\u00e4ge sehr positiv f\u00fcr die Landschaft, denn sie verbessern die Situation des Grundwasserspiegels, der Weiden, Geh\u00f6lze, Fl\u00fcsse und Stauseen. \u201eWir m\u00fcssen bedenken, dass wir von einer Notsituation mit ausgebeutetem Grundwasser kommen, und diese Regenf\u00e4lle die Wiederauff\u00fcllung des gesamten Wassersystems erm\u00f6glichen\u201c, erkl\u00e4re die Agrarorganisation COAG Andaluc\u00eda.<\/p>\n\n\n\n<p>UPA-UCA Extremadura informierte \u00fcber Probleme bei Steinobst. Die meisten wird es bei den fr\u00fchen Pflaumensorten geben, weil eine Fremdbest\u00e4ubung notwendig ist und die Bienen bei Regen nicht fliegen. Die Folge ist, dass sich die Bl\u00fcte verz\u00f6gert, weil viele B\u00e4ume sich wegen K\u00e4lte und Regens nicht weiterentwickeln. Nektarinen dagegen sind selbstbest\u00e4ubend und die Bl\u00fcte wird nicht beeintr\u00e4chtigt, so wie auch bei Pfirsichen und Paraguayos. Es besteht jedoch die Sorge, dass aufgrund der hohen Luftfeuchtigkeit Krankheiten auftreten k\u00f6nnten. ds<\/p>\n","protected":false},"excerpt":{"rendered":"<p>Der M\u00e4rz ist praktisch in ganz Spanien sehr regnerisch. Seit Anfang des Monats hat es im ganzen Land<\/p>\n","protected":false},"author":1,"featured_media":2934,"comment_status":"closed","ping_status":"closed","sticky":false,"template":"","format":"standard","meta":{"footnotes":""},"categories":[34],"tags":[],"class_list":["post-2933","post","type-post","status-publish","format-standard","has-post-thumbnail","hentry","category-allgemein"],"featured_image_urls":{"full":["https:\/\/agronoticias.es\/de\/wp-content\/uploads\/2025\/03\/frutales-lluvias.jpg",1000,953,false],"thumbnail":["https:\/\/agronoticias.es\/de\/wp-content\/uploads\/2025\/03\/frutales-lluvias-150x150.jpg",150,150,true],"medium":["https:\/\/agronoticias.es\/de\/wp-content\/uploads\/2025\/03\/frutales-lluvias-300x286.jpg",300,286,true],"medium_large":["https:\/\/agronoticias.es\/de\/wp-content\/uploads\/2025\/03\/frutales-lluvias-768x732.jpg",640,610,true],"large":["https:\/\/agronoticias.es\/de\/wp-content\/uploads\/2025\/03\/frutales-lluvias.jpg",640,610,false],"1536x1536":["https:\/\/agronoticias.es\/de\/wp-content\/uploads\/2025\/03\/frutales-lluvias.jpg",1000,953,false],"2048x2048":["https:\/\/agronoticias.es\/de\/wp-content\/uploads\/2025\/03\/frutales-lluvias.jpg",1000,953,false],"morenews-large":["https:\/\/agronoticias.es\/de\/wp-content\/uploads\/2025\/03\/frutales-lluvias-825x575.jpg",825,575,true],"morenews-medium":["https:\/\/agronoticias.es\/de\/wp-content\/uploads\/2025\/03\/frutales-lluvias-590x410.jpg",590,410,true]},"author_info":{"display_name":"admin","author_link":"https:\/\/agronoticias.es\/de\/author\/admin\/"},"category_info":"<a href=\"https:\/\/agronoticias.es\/de\/category\/allgemein\/\" rel=\"category tag\">Allgemein<\/a>","tag_info":"Allgemein","comment_count":"0","_links":{"self":[{"href":"https:\/\/agronoticias.es\/de\/wp-json\/wp\/v2\/posts\/2933","targetHints":{"allow":["GET"]}}],"collection":[{"href":"https:\/\/agronoticias.es\/de\/wp-json\/wp\/v2\/posts"}],"about":[{"href":"https:\/\/agronoticias.es\/de\/wp-json\/wp\/v2\/types\/post"}],"author":[{"embeddable":true,"href":"https:\/\/agronoticias.es\/de\/wp-json\/wp\/v2\/users\/1"}],"replies":[{"embeddable":true,"href":"https:\/\/agronoticias.es\/de\/wp-json\/wp\/v2\/comments?post=2933"}],"version-history":[{"count":2,"href":"https:\/\/agronoticias.es\/de\/wp-json\/wp\/v2\/posts\/2933\/revisions"}],"predecessor-version":[{"id":2936,"href":"https:\/\/agronoticias.es\/de\/wp-json\/wp\/v2\/posts\/2933\/revisions\/2936"}],"wp:featuredmedia":[{"embeddable":true,"href":"https:\/\/agronoticias.es\/de\/wp-json\/wp\/v2\/media\/2934"}],"wp:attachment":[{"href":"https:\/\/agronoticias.es\/de\/wp-json\/wp\/v2\/media?parent=2933"}],"wp:term":[{"taxonomy":"category","embeddable":true,"href":"https:\/\/agronoticias.es\/de\/wp-json\/wp\/v2\/categories?post=2933"},{"taxonomy":"post_tag","embeddable":true,"href":"https:\/\/agronoticias.es\/de\/wp-json\/wp\/v2\/tags?post=2933"}],"curies":[{"name":"wp","href":"https:\/\/api.w.org\/{rel}","templated":true}]}}