{"id":2918,"date":"2025-03-17T10:11:22","date_gmt":"2025-03-17T09:11:22","guid":{"rendered":"https:\/\/agronoticias.es\/de\/?p=2918"},"modified":"2025-03-17T10:12:37","modified_gmt":"2025-03-17T09:12:37","slug":"spanien-anecoop-steigert-umsatz-um-116-und-erreicht-rekordwert-von-945-millionen-euro","status":"publish","type":"post","link":"https:\/\/agronoticias.es\/de\/spanien-anecoop-steigert-umsatz-um-116-und-erreicht-rekordwert-von-945-millionen-euro\/","title":{"rendered":"Spanien &#8211; Anecoop steigert Umsatz um 11,6 % und erreicht Rekordwert von 945 Millionen Euro"},"content":{"rendered":"\n<p>Anecoop, f\u00fchrende spanische Genossenschaft f\u00fcr die O+G-Vermarktung, hielt Ende KW 11\/25 in Algemes\u00ed\/Valencia, Sitz der Citrusgenossenschaft COPAL, ihre Generalversammlung ab. Der Pr\u00e4sident von Anecoop, Alejandro Monz\u00f3n, und der Generaldirektor, Joan Mir, gaben dort die Ergebnisse der Saison 2023-2024 bekannt, als Zeichen ihrer Unterst\u00fctzung f\u00fcr eine der am st\u00e4rksten von dem katastrophalen Unwetter (DANA) am 29. Oktober 2024 in der Provinz Valencia betroffenen Gebiete.<\/p>\n\n\n\n<p>Rund 300 Mitglieder nahmen an der Veranstaltung teil, bei der die Gesch\u00e4ftsleitung die Bilanz f\u00fcr 2023-2024 vorstellte. Demnach hat Anecoop seinen Umsatz um 11,6 % gegen\u00fcber dem Vorjahr gesteigert und einen Rekordwert von 945 Mio Euro erreicht. Die vermarkteten Mengen lagen \u00fcber 740.000 t, 13,5 % mehr als in 22-23.<\/p>\n\n\n\n<p>Der Gesamtumsatz aller Unternehmen der Anecoop-Gruppe erzielte mit 1,126 Mrd Euro ebenfalls einen Rekord, eine Steigerung von 12,5 % gegen\u00fcber der vergangenen Saison und einem Verkaufsvolumen von \u00fcber 1.100.000 Tonnen.<\/p>\n\n\n\n<p>Mit dieser Bilanz festigt die Agrarlebensmittel-Genossenschaft ihre Position als f\u00fchrendes spanisches Unternehmen in der Vermarktung von Obst und Gem\u00fcse und erh\u00f6ht ihren nationalen Exportanteil auf 5,04 %.<\/p>\n\n\n\n<p>Konsolidiert als eine der gr\u00f6\u00dften internationalen Unternehmen f\u00fcr den Vertrieb von Citrus, Gem\u00fcse, andere Fr\u00fcchte und Wein hat sie 61 Mitglieder aus 13 spanischen Provinzen (Valencia, Murcia, Almeria, Sevilla, Castell\u00f3n, Huelva, Alicante, C\u00e1diz, Ciudad Real, Segovia, Valladolid, Navarra und Lleida) und repr\u00e4sentiert rund 20.000 Landwirte. Im Gesch\u00e4ftsjahr 23-24 ist der Durchschnittspreis der Mitgliederabrechnungen um 1 % gestiegen, obwohl der durchschnittliche Verkaufspreis in der Kampagne um 3 % zur\u00fcckgegangen ist. Generaldirektor Joan Mir dazu: \u201eDieses Wachstum war dank einer Reihe von durchgef\u00fchrten Managementverbesserungen m\u00f6glich, darunter Reorganisation der Logistikabteilung, st\u00e4rkere Digitalisierung, Rationalisierung einiger Prozesse und Kostenreduzierung.\u201c<\/p>\n\n\n\n<p><strong>Bilanz 2023-24 nach Produkten<\/strong><\/p>\n\n\n\n<p>Die gr\u00f6\u00dften Schwierigkeiten der Saison 2023-2024 waren aus Produktionssicht der Kostenanstieg, die geringere Verf\u00fcgbarkeit von Arbeitskr\u00e4ften und das h\u00f6here Auftreten von Sch\u00e4dlingen und Krankheiten, die immer schwieriger zu bek\u00e4mpfen sind. Auf der anderen Seite steht der r\u00fcckl\u00e4ufige O+G-Konsum in Europa, die Lieferpolitik der Kunden mit h\u00f6heren Anforderungen und eine generelle Tendenz, die Zahl der Lieferanten zu reduzieren und schlie\u00dflich der immer sch\u00e4rfere Wettbewerb.<\/p>\n\n\n\n<p>In diesem Umfeld hat Anecoop 265.155 t Citrusfr\u00fcchte vermarktet, 5,53 % mehr als in der vergangenen Saison. Der Obstbereich erzielte die besten Ergebnisse sowohl mengenm\u00e4\u00dfig mit 277.996 t (+35,41 %) als auch wertm\u00e4\u00dfig mit \u00fcber 346 Mio Euro (+31,85 %).<\/p>\n\n\n\n<p>2023-24 war auch eine gute Kampagne f\u00fcr Kakis und die Zucker- und Wassermelonenmengen konnten sich wieder erholen. Zum zweiten Mal kam es zu einem bedeutenden Wachstum bei Steinobst. Es gab ein verbessertes Angebot, so dass \u00fcber 50.000 t vermarktet wurden. Bei Beerenobst kam es zu einem Anstieg von rund 50 %. Gem\u00fcse verzeichnete ein Mengenwachstum von 5,52 % (177.855 t) und Umsatzplus von 4,33 % (285 Mio Euro). Bioprodukte erreichten mit 31.783 t ein zweistelliges Plus. Die Convenience-Linie (nicht verarbeitete und verarbeitete Produkte) erzielten einen Umsatz von 6 Mio Euro.<\/p>\n\n\n\n<p>Angesichts der Zersplitterung des Sektors setzt Anecoop auf Integration und Kooperation als Schl\u00fcssel zur Gr\u00f6ssenverbesserung der Agrarlebensmittel-Genossenschaften, um auf einem sich zunehmend ver\u00e4ndernden und anspruchsvollen globalen Markt wettbewerbsf\u00e4higer und rentabler zu sein.<\/p>\n\n\n\n<p>Der Pr\u00e4sident von Anecoop, Alejandro Monz\u00f3n, erkl\u00e4rte in seiner Rede: \u201eWir setzen weiterhin auf Integration und Kooperation, um die Herausforderungen einer globalen und wettbewerbsf\u00e4higen Wirtschaft zu meistern. Eine Herausforderung f\u00fcr den Sektor zusammen mit der Anpassung an den Klimawandel, der Innovation, der Digitalisierung, dem \u00dcbergang zu einer nachhaltigeren Landwirtschaft, den Investitionen in Forschung und Entwicklung und der F\u00f6rderung des Generationenwechsels\u201c.<\/p>\n\n\n\n<p>Der Generaldirektor Joan Mir gab einen \u00dcberblick \u00fcber einige Fortschritte der Anecoop-Mitglieder auf dieser Linie in der Saison 2023-2024: \u201eUnivall hat sich konsolidiert und seine offizielle Integration w\u00e4hrend der gesamten Kampagne abgeschlossen; die Cooperativa Vin\u00edcola de Lliria und Coabe haben eine Vereinbarung getroffen, ihre gesamten Citrusfr\u00fcchte in den Anlagen in Lliria zu verpacken, und die Persimon-Gruppe macht weiterhin stetige Fortschritte. Daneben unterst\u00fctzen wir weiterhin die Integration von Fruits de Ponent und Actel, die beide in Novacoop Mediterr\u00e1nea zusammengeschlossen sind, einem sehr leistungsf\u00e4higen Projekt f\u00fcr Stein- und Kernobst\u201c. Anecoop\/ds<\/p>\n\n\n\n<p><\/p>\n","protected":false},"excerpt":{"rendered":"<p>Anecoop, f\u00fchrende spanische Genossenschaft f\u00fcr die O+G-Vermarktung, hielt Ende KW 11\/25 in Algemes\u00ed\/Valencia, Sitz der Citrusgenossenschaft COPAL, ihre<\/p>\n","protected":false},"author":1,"featured_media":2919,"comment_status":"closed","ping_status":"closed","sticky":false,"template":"","format":"standard","meta":{"footnotes":""},"categories":[34],"tags":[],"class_list":["post-2918","post","type-post","status-publish","format-standard","has-post-thumbnail","hentry","category-allgemein"],"featured_image_urls":{"full":["https:\/\/agronoticias.es\/de\/wp-content\/uploads\/2025\/03\/ancoop-asamblea-2025.jpg",800,533,false],"thumbnail":["https:\/\/agronoticias.es\/de\/wp-content\/uploads\/2025\/03\/ancoop-asamblea-2025-150x150.jpg",150,150,true],"medium":["https:\/\/agronoticias.es\/de\/wp-content\/uploads\/2025\/03\/ancoop-asamblea-2025-300x200.jpg",300,200,true],"medium_large":["https:\/\/agronoticias.es\/de\/wp-content\/uploads\/2025\/03\/ancoop-asamblea-2025-768x512.jpg",640,427,true],"large":["https:\/\/agronoticias.es\/de\/wp-content\/uploads\/2025\/03\/ancoop-asamblea-2025.jpg",640,426,false],"1536x1536":["https:\/\/agronoticias.es\/de\/wp-content\/uploads\/2025\/03\/ancoop-asamblea-2025.jpg",800,533,false],"2048x2048":["https:\/\/agronoticias.es\/de\/wp-content\/uploads\/2025\/03\/ancoop-asamblea-2025.jpg",800,533,false],"morenews-large":["https:\/\/agronoticias.es\/de\/wp-content\/uploads\/2025\/03\/ancoop-asamblea-2025.jpg",800,533,false],"morenews-medium":["https:\/\/agronoticias.es\/de\/wp-content\/uploads\/2025\/03\/ancoop-asamblea-2025-590x410.jpg",590,410,true]},"author_info":{"display_name":"admin","author_link":"https:\/\/agronoticias.es\/de\/author\/admin\/"},"category_info":"<a href=\"https:\/\/agronoticias.es\/de\/category\/allgemein\/\" rel=\"category tag\">Allgemein<\/a>","tag_info":"Allgemein","comment_count":"0","_links":{"self":[{"href":"https:\/\/agronoticias.es\/de\/wp-json\/wp\/v2\/posts\/2918","targetHints":{"allow":["GET"]}}],"collection":[{"href":"https:\/\/agronoticias.es\/de\/wp-json\/wp\/v2\/posts"}],"about":[{"href":"https:\/\/agronoticias.es\/de\/wp-json\/wp\/v2\/types\/post"}],"author":[{"embeddable":true,"href":"https:\/\/agronoticias.es\/de\/wp-json\/wp\/v2\/users\/1"}],"replies":[{"embeddable":true,"href":"https:\/\/agronoticias.es\/de\/wp-json\/wp\/v2\/comments?post=2918"}],"version-history":[{"count":3,"href":"https:\/\/agronoticias.es\/de\/wp-json\/wp\/v2\/posts\/2918\/revisions"}],"predecessor-version":[{"id":2922,"href":"https:\/\/agronoticias.es\/de\/wp-json\/wp\/v2\/posts\/2918\/revisions\/2922"}],"wp:featuredmedia":[{"embeddable":true,"href":"https:\/\/agronoticias.es\/de\/wp-json\/wp\/v2\/media\/2919"}],"wp:attachment":[{"href":"https:\/\/agronoticias.es\/de\/wp-json\/wp\/v2\/media?parent=2918"}],"wp:term":[{"taxonomy":"category","embeddable":true,"href":"https:\/\/agronoticias.es\/de\/wp-json\/wp\/v2\/categories?post=2918"},{"taxonomy":"post_tag","embeddable":true,"href":"https:\/\/agronoticias.es\/de\/wp-json\/wp\/v2\/tags?post=2918"}],"curies":[{"name":"wp","href":"https:\/\/api.w.org\/{rel}","templated":true}]}}