{"id":2913,"date":"2025-03-12T10:19:21","date_gmt":"2025-03-12T09:19:21","guid":{"rendered":"https:\/\/agronoticias.es\/de\/?p=2913"},"modified":"2025-03-12T10:20:39","modified_gmt":"2025-03-12T09:20:39","slug":"spanien-umsatz-von-mercadona-steigt-in-2024-um-9-auf-38-835-millionen-euro","status":"publish","type":"post","link":"https:\/\/agronoticias.es\/de\/spanien-umsatz-von-mercadona-steigt-in-2024-um-9-auf-38-835-millionen-euro\/","title":{"rendered":"Spanien: Umsatz von Mercadona steigt in 2024 um 9% auf 38.835 Millionen Euro."},"content":{"rendered":"\n<p><\/p>\n\n\n\n<p>Die spanische Supermarktkette Mercadona hat nach eigenen Angaben ihren konsolidierten Umsatz im Jahr 2024 um 9% auf 38,835 Mrd Euro gesteigert. Davon entfallen 37,057 Mrd Euro auf das Gesch\u00e4ft in Spanien und die restlichen 1,778 Mrd Euro auf Portugal, wo Mercadona 60 der insgesamt 1.674 Gesch\u00e4fte betreibt, die Ende 2024 das Supermarktnetz des Unternehmens bilden.<\/p>\n\n\n\n<p>Diese Umsatzsteigerung war dank der Arbeit von der Einkaufs- und der Verschreibungsabteilung in Zusammenarbeit mit den Lieferanten m\u00f6glich. So konnte das Unternehmen nach der Senkung von 2.000 Preisen, die f\u00fcr die Kunden eine Ersparnis von 650 Mio Euro bedeutete, weiterhin den Einkaufskorb mit einer starken Qualit\u00e4t zum g\u00fcnstigsten Preis auf dem Markt &nbsp;&nbsp;anbieten (2% weniger), sowie ein Einkaufserlebnis mit einem effizienten Sortiment, das immer mehr Kunden dazu veranlasst, Mercadona als die beste Option zu w\u00e4hlen.<\/p>\n\n\n\n<p>In &nbsp;2024 hat Mercadona mehr als 6.000 neue stabile und hochwertige Arbeitspl\u00e4tze geschaffen, 4.300 in Spanien und 1.700 in Portugal, insgesamt sind es 103.000 bzw. 7.000.<\/p>\n\n\n\n<p>In&nbsp; 2024 erzielte Mercadona sein bestes Rentabilit\u00e4tsresultat aller Zeiten, einen Nettogewinn von 3,9 % des Nettoumsatzes. Das ist das Ergebnis einer nachhaltigen Investition von 1,045 Mrd in diesen zw\u00f6lf Monaten, die dem Unternehmen bedeutende Verbesserungen in Bezug auf Management, Produktivit\u00e4t und Effizienz bringt. Infolgedessen ist die Gewinnbeteiligung auf 2,8 Mrd Euro gestiegen, die unter anderem wie folgt aufgeteilt wurden: 700 Mio Euro f\u00fcr die Belegschaft und 716 Mio Euro f\u00fcr Steuern, davon 506 Mio. Euro &nbsp;Gewinnsteuer &nbsp;mit einem effektiven Steuersatz von 25 %.<\/p>\n\n\n\n<p>All dies hat zu einem Nettogewinn von 1,384 Mrd. Euro gef\u00fchrt, 37 % mehr als 2023. Davon gehen 180 Mio Euro auf das Finanz-Management zur\u00fcck. Von dem Gesamtgewinn wurden 1,109 Mrd Euro (80 %) das Unternehmen reinvestiert und die restlichen 275 Mio. Euro (20 %) als Dividende ausgesch\u00fcttet. Das Unternehmen plant, bis 2025 mehr als 1 Milliarde Euro zu investieren und \u00fcber 1.000 Arbeitspl\u00e4tze zu schaffen. Die Prognosen sehen ebenfalls einen Umsatzanstieg von 3,5 % auf 40,1 Mrd Euro und die Konsolidierung eines Gewinns auf dem Niveau des letzten Gesch\u00e4ftsjahres vor. Quelle und Foto: Mercadona<\/p>\n","protected":false},"excerpt":{"rendered":"<p>Die spanische Supermarktkette Mercadona hat nach eigenen Angaben ihren konsolidierten Umsatz im Jahr 2024 um 9% auf 38,835<\/p>\n","protected":false},"author":1,"featured_media":2914,"comment_status":"closed","ping_status":"closed","sticky":false,"template":"","format":"standard","meta":{"footnotes":""},"categories":[34],"tags":[],"class_list":["post-2913","post","type-post","status-publish","format-standard","has-post-thumbnail","hentry","category-allgemein"],"featured_image_urls":{"full":["https:\/\/agronoticias.es\/de\/wp-content\/uploads\/2025\/03\/mercadona-25.jpg",720,449,false],"thumbnail":["https:\/\/agronoticias.es\/de\/wp-content\/uploads\/2025\/03\/mercadona-25-150x150.jpg",150,150,true],"medium":["https:\/\/agronoticias.es\/de\/wp-content\/uploads\/2025\/03\/mercadona-25-300x187.jpg",300,187,true],"medium_large":["https:\/\/agronoticias.es\/de\/wp-content\/uploads\/2025\/03\/mercadona-25.jpg",640,399,false],"large":["https:\/\/agronoticias.es\/de\/wp-content\/uploads\/2025\/03\/mercadona-25.jpg",640,399,false],"1536x1536":["https:\/\/agronoticias.es\/de\/wp-content\/uploads\/2025\/03\/mercadona-25.jpg",720,449,false],"2048x2048":["https:\/\/agronoticias.es\/de\/wp-content\/uploads\/2025\/03\/mercadona-25.jpg",720,449,false],"morenews-large":["https:\/\/agronoticias.es\/de\/wp-content\/uploads\/2025\/03\/mercadona-25.jpg",720,449,false],"morenews-medium":["https:\/\/agronoticias.es\/de\/wp-content\/uploads\/2025\/03\/mercadona-25-590x410.jpg",590,410,true]},"author_info":{"display_name":"admin","author_link":"https:\/\/agronoticias.es\/de\/author\/admin\/"},"category_info":"<a href=\"https:\/\/agronoticias.es\/de\/category\/allgemein\/\" rel=\"category tag\">Allgemein<\/a>","tag_info":"Allgemein","comment_count":"0","_links":{"self":[{"href":"https:\/\/agronoticias.es\/de\/wp-json\/wp\/v2\/posts\/2913","targetHints":{"allow":["GET"]}}],"collection":[{"href":"https:\/\/agronoticias.es\/de\/wp-json\/wp\/v2\/posts"}],"about":[{"href":"https:\/\/agronoticias.es\/de\/wp-json\/wp\/v2\/types\/post"}],"author":[{"embeddable":true,"href":"https:\/\/agronoticias.es\/de\/wp-json\/wp\/v2\/users\/1"}],"replies":[{"embeddable":true,"href":"https:\/\/agronoticias.es\/de\/wp-json\/wp\/v2\/comments?post=2913"}],"version-history":[{"count":2,"href":"https:\/\/agronoticias.es\/de\/wp-json\/wp\/v2\/posts\/2913\/revisions"}],"predecessor-version":[{"id":2916,"href":"https:\/\/agronoticias.es\/de\/wp-json\/wp\/v2\/posts\/2913\/revisions\/2916"}],"wp:featuredmedia":[{"embeddable":true,"href":"https:\/\/agronoticias.es\/de\/wp-json\/wp\/v2\/media\/2914"}],"wp:attachment":[{"href":"https:\/\/agronoticias.es\/de\/wp-json\/wp\/v2\/media?parent=2913"}],"wp:term":[{"taxonomy":"category","embeddable":true,"href":"https:\/\/agronoticias.es\/de\/wp-json\/wp\/v2\/categories?post=2913"},{"taxonomy":"post_tag","embeddable":true,"href":"https:\/\/agronoticias.es\/de\/wp-json\/wp\/v2\/tags?post=2913"}],"curies":[{"name":"wp","href":"https:\/\/api.w.org\/{rel}","templated":true}]}}