{"id":2907,"date":"2025-03-11T12:51:16","date_gmt":"2025-03-11T11:51:16","guid":{"rendered":"https:\/\/agronoticias.es\/de\/?p=2907"},"modified":"2025-03-11T12:51:18","modified_gmt":"2025-03-11T11:51:18","slug":"extremadura-spanien-drei-neue-mit-dem-gutesiegel-dop-cereza-del-jerte-zertifizierte-kirschsorten","status":"publish","type":"post","link":"https:\/\/agronoticias.es\/de\/extremadura-spanien-drei-neue-mit-dem-gutesiegel-dop-cereza-del-jerte-zertifizierte-kirschsorten\/","title":{"rendered":"Extremadura-Spanien: Drei neue mit dem G\u00fctesiegel DOP Cereza del Jerte zertifizierte Kirschsorten"},"content":{"rendered":"\n<p><\/p>\n\n\n\n<p>Der Kontrollrat der \u201eDOP Cereza del Jerte\u201c (g.U. \u2013 gesch\u00fctzte Ursprungsbezeichnung) wird nach eigenen Angaben in dieser Saison drei neue Kirschsorten zertifizieren. Dabei handelt es sich um die bekannten Sorten Van, Lapins und Burlat. Die DOP hat eine \u00c4nderung ihrer Vorschriften erreicht, um die Produktzahl mit diesem G\u00fctesiegel zu erh\u00f6hen.&nbsp; Mit diesen neuen Zertifizierungen wird die DOP Cereza del Jerte je nach Wetterlage \u00fcber 10 Mio kg bis 12 Mio kg Kirschen mehr&nbsp; verf\u00fcgen. Dar\u00fcberhinaus wird es w\u00e4hrend der gesamten Erntesaison im Valle del Jerte zertifizierte Erzeugnisse auf dem Markt geben.<\/p>\n\n\n\n<p>Der Pr\u00e4sident der DOP, Jos\u00e9 Antonio Tierno, betonte, dass die Zertifizierung der neuen Kirschsorten eine sehr gute Nachricht sei. \u201eSie wird es der g.U. erm\u00f6glichen, die Bed\u00fcrfnisse des Marktes zu befriedigen, und eine gr\u00f6ssere Pr\u00e4senz der zertifizierten Kirschen gegen\u00fcber den Verbrauchern erreichen. Das bedeutet f\u00fcr die Erzeuger die M\u00f6glichkeit, auch weiterhin von diesem differenzierten und hervorragenden Produkt leben zu k\u00f6nnen. Die neuen Sorten erg\u00e4nzen die Picota del Jerte, die weiterhin unser Markenzeichen und unser Aush\u00e4ngeschild ist, weil es sich um eine einzigartige Sorte aus dem Valle del Jerte handelt\u201c, erkl\u00e4rte Jos\u00e9 Antonio Tierno. Die DOP hat die Aufnahme der neuen Sorten beantragt, um den Produktionsr\u00fcckgang der letzten Jahre aufgrund des Klimawandels und der nat\u00fcrlichen Entwicklung der Kulturen zu bew\u00e4ltigen.<\/p>\n","protected":false},"excerpt":{"rendered":"<p>Der Kontrollrat der \u201eDOP Cereza del Jerte\u201c (g.U. \u2013 gesch\u00fctzte Ursprungsbezeichnung) wird nach eigenen Angaben in dieser Saison<\/p>\n","protected":false},"author":1,"featured_media":2908,"comment_status":"closed","ping_status":"closed","sticky":false,"template":"","format":"standard","meta":{"footnotes":""},"categories":[34],"tags":[],"class_list":["post-2907","post","type-post","status-publish","format-standard","has-post-thumbnail","hentry","category-allgemein"],"featured_image_urls":{"full":["https:\/\/agronoticias.es\/de\/wp-content\/uploads\/2025\/03\/cerezajerte.jpg",600,449,false],"thumbnail":["https:\/\/agronoticias.es\/de\/wp-content\/uploads\/2025\/03\/cerezajerte-150x150.jpg",150,150,true],"medium":["https:\/\/agronoticias.es\/de\/wp-content\/uploads\/2025\/03\/cerezajerte-300x225.jpg",300,225,true],"medium_large":["https:\/\/agronoticias.es\/de\/wp-content\/uploads\/2025\/03\/cerezajerte.jpg",600,449,false],"large":["https:\/\/agronoticias.es\/de\/wp-content\/uploads\/2025\/03\/cerezajerte.jpg",600,449,false],"1536x1536":["https:\/\/agronoticias.es\/de\/wp-content\/uploads\/2025\/03\/cerezajerte.jpg",600,449,false],"2048x2048":["https:\/\/agronoticias.es\/de\/wp-content\/uploads\/2025\/03\/cerezajerte.jpg",600,449,false],"morenews-large":["https:\/\/agronoticias.es\/de\/wp-content\/uploads\/2025\/03\/cerezajerte.jpg",600,449,false],"morenews-medium":["https:\/\/agronoticias.es\/de\/wp-content\/uploads\/2025\/03\/cerezajerte-590x410.jpg",590,410,true]},"author_info":{"display_name":"admin","author_link":"https:\/\/agronoticias.es\/de\/author\/admin\/"},"category_info":"<a href=\"https:\/\/agronoticias.es\/de\/category\/allgemein\/\" rel=\"category tag\">Allgemein<\/a>","tag_info":"Allgemein","comment_count":"0","_links":{"self":[{"href":"https:\/\/agronoticias.es\/de\/wp-json\/wp\/v2\/posts\/2907","targetHints":{"allow":["GET"]}}],"collection":[{"href":"https:\/\/agronoticias.es\/de\/wp-json\/wp\/v2\/posts"}],"about":[{"href":"https:\/\/agronoticias.es\/de\/wp-json\/wp\/v2\/types\/post"}],"author":[{"embeddable":true,"href":"https:\/\/agronoticias.es\/de\/wp-json\/wp\/v2\/users\/1"}],"replies":[{"embeddable":true,"href":"https:\/\/agronoticias.es\/de\/wp-json\/wp\/v2\/comments?post=2907"}],"version-history":[{"count":1,"href":"https:\/\/agronoticias.es\/de\/wp-json\/wp\/v2\/posts\/2907\/revisions"}],"predecessor-version":[{"id":2909,"href":"https:\/\/agronoticias.es\/de\/wp-json\/wp\/v2\/posts\/2907\/revisions\/2909"}],"wp:featuredmedia":[{"embeddable":true,"href":"https:\/\/agronoticias.es\/de\/wp-json\/wp\/v2\/media\/2908"}],"wp:attachment":[{"href":"https:\/\/agronoticias.es\/de\/wp-json\/wp\/v2\/media?parent=2907"}],"wp:term":[{"taxonomy":"category","embeddable":true,"href":"https:\/\/agronoticias.es\/de\/wp-json\/wp\/v2\/categories?post=2907"},{"taxonomy":"post_tag","embeddable":true,"href":"https:\/\/agronoticias.es\/de\/wp-json\/wp\/v2\/tags?post=2907"}],"curies":[{"name":"wp","href":"https:\/\/api.w.org\/{rel}","templated":true}]}}