{"id":2894,"date":"2025-03-05T11:25:51","date_gmt":"2025-03-05T10:25:51","guid":{"rendered":"https:\/\/agronoticias.es\/de\/?p=2894"},"modified":"2025-03-05T11:25:52","modified_gmt":"2025-03-05T10:25:52","slug":"challenge-accepted-krisen-meistern-und-chancen-nutzen","status":"publish","type":"post","link":"https:\/\/agronoticias.es\/de\/challenge-accepted-krisen-meistern-und-chancen-nutzen\/","title":{"rendered":"Challenge accepted! Krisen meistern und Chancen nutzen."},"content":{"rendered":"\n<p> <\/p>\n\n\n\n<p>Der Deutsche Verpackungskongress, am 20. M\u00e4rz 2025 in Berlin, ist der Netzwerk- und Branchengipfel f\u00fcr Verantwortliche aus der gesamten Wertsch\u00f6pfungskette der Verpackung mit jetzt schon \u00fcber 200 registrierten Teilnehmern.<\/p>\n\n\n\n<p>Unter dem Motto \u201eChallenge accepted! Krisen meistern und Chancen nutzen\u201c bietet der Kongress zu seinem 20j\u00e4hrigen Jubil\u00e4um dieses Jahr Top-Vortr\u00e4ge zur nationalen und globalen Entwicklungen mit Blick auf Finanzen und Politik, zu Strategien und Innovationen f\u00fchrender Unternehmen sowie zu Tools und Wegen bei Digitalisierung und KI.<\/p>\n\n\n\n<p>Der Deutsche Verpackungskongress ist das j\u00e4hrliche Forum f\u00fcr Unternehmer, Gesch\u00e4ftsf\u00fchrer und Verantwortliche aus Industrie, Handel und Markenartikler. Als Branchengipfel und Netzwerktreffen bietet der Kongress den idealen Rahmen, um partnerschaftlich voneinander zu lernen und strategische Fragen, entscheidende Trends, Marktentwicklungen und Best Practice zu diskutieren.<\/p>\n\n\n\n<p>Der Kongress wirft seinen Blick auf das gro\u00dfe Ganze. Er sucht branchen\u00fcbergreifenden und interdisziplin\u00e4ren Austausch. \u00d6konomisch, \u00f6kologisch und sozial relevante Einfl\u00fcsse und Zukunftsstrategien sind dabei fester Bestandteil der Agenda.<\/p>\n\n\n\n<p>Hochwertige Informationen, entscheidende Insights, praktische Arbeit in Workshops und beste nationale sowie internationale Kontakte machen den Verpackungskongress zu einem wichtigen Impulsgeber f\u00fcr Entscheider aus der gesamten Wertsch\u00f6pfungskette. Quelle und Foto: dvi<\/p>\n\n\n\n<p><\/p>\n","protected":false},"excerpt":{"rendered":"<p>Der Deutsche Verpackungskongress, am 20. M\u00e4rz 2025 in Berlin, ist der Netzwerk- und Branchengipfel f\u00fcr Verantwortliche aus der<\/p>\n","protected":false},"author":1,"featured_media":2895,"comment_status":"closed","ping_status":"closed","sticky":false,"template":"","format":"standard","meta":{"footnotes":""},"categories":[34],"tags":[],"class_list":["post-2894","post","type-post","status-publish","format-standard","has-post-thumbnail","hentry","category-allgemein"],"featured_image_urls":{"full":["https:\/\/agronoticias.es\/de\/wp-content\/uploads\/2025\/03\/dvi-Deutsches-Verpackungs-Institut-logo.png",502,200,false],"thumbnail":["https:\/\/agronoticias.es\/de\/wp-content\/uploads\/2025\/03\/dvi-Deutsches-Verpackungs-Institut-logo-150x150.png",150,150,true],"medium":["https:\/\/agronoticias.es\/de\/wp-content\/uploads\/2025\/03\/dvi-Deutsches-Verpackungs-Institut-logo-300x120.png",300,120,true],"medium_large":["https:\/\/agronoticias.es\/de\/wp-content\/uploads\/2025\/03\/dvi-Deutsches-Verpackungs-Institut-logo.png",502,200,false],"large":["https:\/\/agronoticias.es\/de\/wp-content\/uploads\/2025\/03\/dvi-Deutsches-Verpackungs-Institut-logo.png",502,200,false],"1536x1536":["https:\/\/agronoticias.es\/de\/wp-content\/uploads\/2025\/03\/dvi-Deutsches-Verpackungs-Institut-logo.png",502,200,false],"2048x2048":["https:\/\/agronoticias.es\/de\/wp-content\/uploads\/2025\/03\/dvi-Deutsches-Verpackungs-Institut-logo.png",502,200,false],"morenews-large":["https:\/\/agronoticias.es\/de\/wp-content\/uploads\/2025\/03\/dvi-Deutsches-Verpackungs-Institut-logo.png",502,200,false],"morenews-medium":["https:\/\/agronoticias.es\/de\/wp-content\/uploads\/2025\/03\/dvi-Deutsches-Verpackungs-Institut-logo.png",502,200,false]},"author_info":{"display_name":"admin","author_link":"https:\/\/agronoticias.es\/de\/author\/admin\/"},"category_info":"<a href=\"https:\/\/agronoticias.es\/de\/category\/allgemein\/\" rel=\"category tag\">Allgemein<\/a>","tag_info":"Allgemein","comment_count":"0","_links":{"self":[{"href":"https:\/\/agronoticias.es\/de\/wp-json\/wp\/v2\/posts\/2894","targetHints":{"allow":["GET"]}}],"collection":[{"href":"https:\/\/agronoticias.es\/de\/wp-json\/wp\/v2\/posts"}],"about":[{"href":"https:\/\/agronoticias.es\/de\/wp-json\/wp\/v2\/types\/post"}],"author":[{"embeddable":true,"href":"https:\/\/agronoticias.es\/de\/wp-json\/wp\/v2\/users\/1"}],"replies":[{"embeddable":true,"href":"https:\/\/agronoticias.es\/de\/wp-json\/wp\/v2\/comments?post=2894"}],"version-history":[{"count":1,"href":"https:\/\/agronoticias.es\/de\/wp-json\/wp\/v2\/posts\/2894\/revisions"}],"predecessor-version":[{"id":2896,"href":"https:\/\/agronoticias.es\/de\/wp-json\/wp\/v2\/posts\/2894\/revisions\/2896"}],"wp:featuredmedia":[{"embeddable":true,"href":"https:\/\/agronoticias.es\/de\/wp-json\/wp\/v2\/media\/2895"}],"wp:attachment":[{"href":"https:\/\/agronoticias.es\/de\/wp-json\/wp\/v2\/media?parent=2894"}],"wp:term":[{"taxonomy":"category","embeddable":true,"href":"https:\/\/agronoticias.es\/de\/wp-json\/wp\/v2\/categories?post=2894"},{"taxonomy":"post_tag","embeddable":true,"href":"https:\/\/agronoticias.es\/de\/wp-json\/wp\/v2\/tags?post=2894"}],"curies":[{"name":"wp","href":"https:\/\/api.w.org\/{rel}","templated":true}]}}