{"id":2882,"date":"2025-02-28T10:29:38","date_gmt":"2025-02-28T09:29:38","guid":{"rendered":"https:\/\/agronoticias.es\/de\/?p=2882"},"modified":"2025-02-28T10:29:38","modified_gmt":"2025-02-28T09:29:38","slug":"valencia-10-grossere-avocadoproduktion-erwartet","status":"publish","type":"post","link":"https:\/\/agronoticias.es\/de\/valencia-10-grossere-avocadoproduktion-erwartet\/","title":{"rendered":"Valencia: 10 % gr\u00f6ssere Avocadoproduktion erwartet"},"content":{"rendered":"\n<p>Die Avocado-Saison im Land Valencia geht mit dem Beginn der Ernte der Hauptsorte Lamb, die mehr als 60 % der Produktion ausmacht, in ihre entscheidende Phase. Die valencianische Agrarorganisation AVA-ASAJA und der Verband der Avocadoproduzenten ASOPROA prognostizieren im Vergleich zur vergangenen Saison allgemein einen Produktionsanstieg von 10 %. Das entspricht dem Aufw\u00e4rtstrend der letzten Jahre. Trotz der Produktionsverluste auf einigen Fincas wird die Ernte durch den Produktionseintritt von Neupflanzungen, die Wasserverf\u00fcgbarkeit und den geringen Sch\u00e4dlings- und Krankheitsbefall auf etwa 23.000 t gesch\u00e4tzt. Das macht mehr als 25 % der nationalen Avocadoproduktion aus.<\/p>\n\n\n\n<p>Die valencianischen Produzenten beenden derzeit die Ernte der Sorte Hass, die in Spanien und weltweit am meisten verbreitende Variet\u00e4t. Aufgrund der Wetterbedingungen reifen die Fr\u00fcchte in diesem Jahr fr\u00fcher, so dass der Sektor davon ausgeht, bereits Anfang M\u00e4rz mit der Ernte und Vermarktung der Sorte Lamb Hass zu beginnen, w\u00e4hrend der \u00fcbliche Termin die dritte M\u00e4rzwoche ist.<\/p>\n\n\n\n<p>AVA-ASAJA und ASOPROA fordern alle Beteiligten der Kette auf, \u201emit der f\u00fcr den Avocado-Sektor charakteristischen Professionalit\u00e4t, Intelligenz und Sorgfalt zu handeln und die Fr\u00fcchte dann zu ernten, wenn sie die optimalen Reifebedingungen erreicht haben, damit der Verbraucher in den Genuss der hervorragenden Qualit\u00e4t unserer Avocados kommt\u201c.<\/p>\n\n\n\n<p><a><\/a> Aufgrund des steigenden Konsums von Avocados sind die Preise im Ursprung derzeit stabil. Nach letzten Studien ist ihr Konsum im vergangenen Jahr um 13 % gestiegen. 80 % der spanischen Haushalte haben in diesen zw\u00f6lf Monaten Avocados gekauft. In Frankreich liegt der durchschnittliche Pro-Kopf-Verbrauch bereits bei 2,3 kg, in den USA sind es 4 kg.<\/p>\n\n\n\n<p>Aus diesem Grund betonen AVA-ASAJA und ASOPROA die Notwendigkeit, dass der Sektor \u201eauf die Differenzierung unserer Produktion setzt \u00fcber die Garantie einer maximaler Nachhaltigkeit und durch Promotion auf den anspruchsvollsten M\u00e4rkten, indem wir Herkunftsmarken und Verbraucherkampagnen f\u00f6rdern.\u00bb Das neue Siegel \u201eAvocados Comunidad Valenciana CV\u201c ist bereits seit dieser Saison in den Superm\u00e4rkten von Masymas zu finden, die \u00fcber die Betreiber Alcoaxarqu\u00eda und Anecoop vermarktet werden. Quelle: ava asaja<\/p>\n","protected":false},"excerpt":{"rendered":"<p>Die Avocado-Saison im Land Valencia geht mit dem Beginn der Ernte der Hauptsorte Lamb, die mehr als 60<\/p>\n","protected":false},"author":1,"featured_media":2883,"comment_status":"closed","ping_status":"closed","sticky":false,"template":"","format":"standard","meta":{"footnotes":""},"categories":[34],"tags":[],"class_list":["post-2882","post","type-post","status-publish","format-standard","has-post-thumbnail","hentry","category-allgemein"],"featured_image_urls":{"full":["https:\/\/agronoticias.es\/de\/wp-content\/uploads\/2025\/02\/Aguacate-valencia.jpg",800,531,false],"thumbnail":["https:\/\/agronoticias.es\/de\/wp-content\/uploads\/2025\/02\/Aguacate-valencia-150x150.jpg",150,150,true],"medium":["https:\/\/agronoticias.es\/de\/wp-content\/uploads\/2025\/02\/Aguacate-valencia-300x199.jpg",300,199,true],"medium_large":["https:\/\/agronoticias.es\/de\/wp-content\/uploads\/2025\/02\/Aguacate-valencia-768x510.jpg",640,425,true],"large":["https:\/\/agronoticias.es\/de\/wp-content\/uploads\/2025\/02\/Aguacate-valencia.jpg",640,425,false],"1536x1536":["https:\/\/agronoticias.es\/de\/wp-content\/uploads\/2025\/02\/Aguacate-valencia.jpg",800,531,false],"2048x2048":["https:\/\/agronoticias.es\/de\/wp-content\/uploads\/2025\/02\/Aguacate-valencia.jpg",800,531,false],"morenews-large":["https:\/\/agronoticias.es\/de\/wp-content\/uploads\/2025\/02\/Aguacate-valencia.jpg",800,531,false],"morenews-medium":["https:\/\/agronoticias.es\/de\/wp-content\/uploads\/2025\/02\/Aguacate-valencia-590x410.jpg",590,410,true]},"author_info":{"display_name":"admin","author_link":"https:\/\/agronoticias.es\/de\/author\/admin\/"},"category_info":"<a href=\"https:\/\/agronoticias.es\/de\/category\/allgemein\/\" rel=\"category tag\">Allgemein<\/a>","tag_info":"Allgemein","comment_count":"0","_links":{"self":[{"href":"https:\/\/agronoticias.es\/de\/wp-json\/wp\/v2\/posts\/2882","targetHints":{"allow":["GET"]}}],"collection":[{"href":"https:\/\/agronoticias.es\/de\/wp-json\/wp\/v2\/posts"}],"about":[{"href":"https:\/\/agronoticias.es\/de\/wp-json\/wp\/v2\/types\/post"}],"author":[{"embeddable":true,"href":"https:\/\/agronoticias.es\/de\/wp-json\/wp\/v2\/users\/1"}],"replies":[{"embeddable":true,"href":"https:\/\/agronoticias.es\/de\/wp-json\/wp\/v2\/comments?post=2882"}],"version-history":[{"count":1,"href":"https:\/\/agronoticias.es\/de\/wp-json\/wp\/v2\/posts\/2882\/revisions"}],"predecessor-version":[{"id":2884,"href":"https:\/\/agronoticias.es\/de\/wp-json\/wp\/v2\/posts\/2882\/revisions\/2884"}],"wp:featuredmedia":[{"embeddable":true,"href":"https:\/\/agronoticias.es\/de\/wp-json\/wp\/v2\/media\/2883"}],"wp:attachment":[{"href":"https:\/\/agronoticias.es\/de\/wp-json\/wp\/v2\/media?parent=2882"}],"wp:term":[{"taxonomy":"category","embeddable":true,"href":"https:\/\/agronoticias.es\/de\/wp-json\/wp\/v2\/categories?post=2882"},{"taxonomy":"post_tag","embeddable":true,"href":"https:\/\/agronoticias.es\/de\/wp-json\/wp\/v2\/tags?post=2882"}],"curies":[{"name":"wp","href":"https:\/\/api.w.org\/{rel}","templated":true}]}}