{"id":2863,"date":"2025-02-23T19:12:29","date_gmt":"2025-02-23T18:12:29","guid":{"rendered":"https:\/\/agronoticias.es\/de\/?p=2863"},"modified":"2025-02-24T09:24:43","modified_gmt":"2025-02-24T08:24:43","slug":"almeria-lange-auberginen-und-zucchini-nahern-sich-preiskrise","status":"publish","type":"post","link":"https:\/\/agronoticias.es\/de\/almeria-lange-auberginen-und-zucchini-nahern-sich-preiskrise\/","title":{"rendered":"Almer\u00eda: Lange Auberginen und Zucchini n\u00e4hern sich Preiskrise"},"content":{"rendered":"\n<p><\/p>\n\n\n\n<p>Auch in KW 7\/25 erzielen Auberginen und Zucchini in den almeriensischen Vermarktungszentren nur sehr niedrige Preise. Dagegen gab es f\u00fcr Gurken und Paprika die h\u00f6chsten Preise der aktuellen Saison, w\u00e4hrend Tomaten&nbsp; das stabilste Produkt sind.<\/p>\n\n\n\n<p>Seit Anfang Februar gibt es f\u00fcr lange Auberginen nur geringe Preise, die in KW 7\/25 zwischen 0,45 Euro\/kg und 0,30 Euro\/kg lagen. Gestreifte Auberginen konnten sich dagegen mit 0,90 Euro\/kg bis 0,60 Euro\/kg auf einem hohen Niveau halten. Auch alle Zucchinisorten n\u00e4herten sich mit 0,45 Euro\/kg bis 0,30 Euro\/kg einer Preiskrise. F\u00fcr gr\u00fcne Bohnen Helda gab es es KW 7\/25 6,55 Euro\/kg bis 5 Euro\/kg. Die Sorte Perona semi erzielte im Durchschnitt 7 Euro\/kg, Sorte Rastra im Durchschnitt 11 Euro\/kg und gr\u00fcne Bohnen Strike 5,80 Euro\/kg bis 4,60 Euro\/kg.<\/p>\n\n\n\n<p>Obwohl die Tomatenpreise in KW 7\/25 etwas nachgegeben haben, sind sie immer noch f\u00fcr die Erzeuger rentabel. Strauchtomaten brachten 0,75 Euro\/kg bis 0,60 Euro\/kg, Tomaten pera 1 Euro\/kg bis 0,80 Euro\/kg, longlife im Durchschnitt 0,70 Euro\/kg und runde 0,90 Euro\/kg bis 0,75 Euro\/kg.<\/p>\n\n\n\n<p>Aufgrund des kleinen Angebotes durch den Kulturwechsel fielen die Gurkenpreise in KW 7\/25sehr hoch aus. F\u00fcr Schlangengurken gab im Durchschnitt 1,40 Euro\/kg, f\u00fcr Gurken corto negro 1,70 Euro\/kg bis 1,40 Euro\/kg und Typ franc\u00e9s 1,30 Euro\/kg bis 1,10 Euro\/kg.<\/p>\n\n\n\n<p>Paprika erzielte in den almeriensischen Vermarktungszentren die h\u00f6chsten Preise der aktuellen Kampagne. Paprika italiano gr\u00fcn lag zwischen 1,90 Euro\/kg und 1,60 Euro\/kg, italiano rot im Durchschnitt bei 1,80 Euro\/kg, Paprika lamuyo gr\u00fcn zwischen 2 Euro\/kg und 1,60 Euro\/kg, lamuyo rot zwischen 2 Euro\/kg und 1,70 Euro\/kg. Bei Paprika california erzielte california gelb mit im Durchschnitt 1,90 Euro\/kg die h\u00f6chsten Preise, rot brachte 2 Euro\/kg bis 1,75 Euro\/kg und california gr\u00fcn 1,50 Euro\/kg bis 1,30 Euro\/kg. <\/p>\n\n\n\n<p>Angesichts der Situation bei Auberginen hat der andalusische O+G-Dachverband, HORTYFRUTA, am 21.2.25 beschlossen, die Qualit\u00e4tsnormen f\u00fcr lange schwarze Auberginen aus konventionellem Anbau f\u00fcr den Frischverzehr zu erweitern. Das bedeutet, dass ab dem 22. Februar 2025 00:00 Uhr keine langen schwarzen Auberginen der Cat II vermarktet werden d\u00fcrfen, sondern nur noch Cat I und Cat Extra auf den Markt kommen.<\/p>\n","protected":false},"excerpt":{"rendered":"<p>Auch in KW 7\/25 erzielen Auberginen und Zucchini in den almeriensischen Vermarktungszentren nur sehr niedrige Preise. Dagegen gab<\/p>\n","protected":false},"author":1,"featured_media":2865,"comment_status":"closed","ping_status":"closed","sticky":false,"template":"","format":"standard","meta":{"footnotes":""},"categories":[34],"tags":[],"class_list":["post-2863","post","type-post","status-publish","format-standard","has-post-thumbnail","hentry","category-allgemein"],"featured_image_urls":{"full":["https:\/\/agronoticias.es\/de\/wp-content\/uploads\/2025\/02\/calabacin.jpg",768,658,false],"thumbnail":["https:\/\/agronoticias.es\/de\/wp-content\/uploads\/2025\/02\/calabacin-150x150.jpg",150,150,true],"medium":["https:\/\/agronoticias.es\/de\/wp-content\/uploads\/2025\/02\/calabacin-300x257.jpg",300,257,true],"medium_large":["https:\/\/agronoticias.es\/de\/wp-content\/uploads\/2025\/02\/calabacin.jpg",640,548,false],"large":["https:\/\/agronoticias.es\/de\/wp-content\/uploads\/2025\/02\/calabacin.jpg",640,548,false],"1536x1536":["https:\/\/agronoticias.es\/de\/wp-content\/uploads\/2025\/02\/calabacin.jpg",768,658,false],"2048x2048":["https:\/\/agronoticias.es\/de\/wp-content\/uploads\/2025\/02\/calabacin.jpg",768,658,false],"morenews-large":["https:\/\/agronoticias.es\/de\/wp-content\/uploads\/2025\/02\/calabacin-768x575.jpg",768,575,true],"morenews-medium":["https:\/\/agronoticias.es\/de\/wp-content\/uploads\/2025\/02\/calabacin-590x410.jpg",590,410,true]},"author_info":{"display_name":"admin","author_link":"https:\/\/agronoticias.es\/de\/author\/admin\/"},"category_info":"<a href=\"https:\/\/agronoticias.es\/de\/category\/allgemein\/\" rel=\"category tag\">Allgemein<\/a>","tag_info":"Allgemein","comment_count":"0","_links":{"self":[{"href":"https:\/\/agronoticias.es\/de\/wp-json\/wp\/v2\/posts\/2863","targetHints":{"allow":["GET"]}}],"collection":[{"href":"https:\/\/agronoticias.es\/de\/wp-json\/wp\/v2\/posts"}],"about":[{"href":"https:\/\/agronoticias.es\/de\/wp-json\/wp\/v2\/types\/post"}],"author":[{"embeddable":true,"href":"https:\/\/agronoticias.es\/de\/wp-json\/wp\/v2\/users\/1"}],"replies":[{"embeddable":true,"href":"https:\/\/agronoticias.es\/de\/wp-json\/wp\/v2\/comments?post=2863"}],"version-history":[{"count":2,"href":"https:\/\/agronoticias.es\/de\/wp-json\/wp\/v2\/posts\/2863\/revisions"}],"predecessor-version":[{"id":2867,"href":"https:\/\/agronoticias.es\/de\/wp-json\/wp\/v2\/posts\/2863\/revisions\/2867"}],"wp:featuredmedia":[{"embeddable":true,"href":"https:\/\/agronoticias.es\/de\/wp-json\/wp\/v2\/media\/2865"}],"wp:attachment":[{"href":"https:\/\/agronoticias.es\/de\/wp-json\/wp\/v2\/media?parent=2863"}],"wp:term":[{"taxonomy":"category","embeddable":true,"href":"https:\/\/agronoticias.es\/de\/wp-json\/wp\/v2\/categories?post=2863"},{"taxonomy":"post_tag","embeddable":true,"href":"https:\/\/agronoticias.es\/de\/wp-json\/wp\/v2\/tags?post=2863"}],"curies":[{"name":"wp","href":"https:\/\/api.w.org\/{rel}","templated":true}]}}