{"id":2860,"date":"2025-02-20T09:18:42","date_gmt":"2025-02-20T08:18:42","guid":{"rendered":"https:\/\/agronoticias.es\/de\/?p=2860"},"modified":"2025-02-20T09:18:44","modified_gmt":"2025-02-20T08:18:44","slug":"kommission-legt-fahrplan-fur-einen-florierenden-agrar-und-lebensmittelsektor-in-der-eu-vor","status":"publish","type":"post","link":"https:\/\/agronoticias.es\/de\/kommission-legt-fahrplan-fur-einen-florierenden-agrar-und-lebensmittelsektor-in-der-eu-vor\/","title":{"rendered":"Kommission legt Fahrplan f\u00fcr einen florierenden Agrar- und Lebensmittelsektor in der EU vor"},"content":{"rendered":"\n<p>Gestern legte die Kommission ihre Vision f\u00fcr Landwirtschaft und Ern\u00e4hrung vor, einen ehrgeizigen Fahrplan f\u00fcr die Zukunft der Landwirtschaft und der Ern\u00e4hrung in Europa. Dieser Fahrplan schafft die Voraussetzungen f\u00fcr ein attraktives, wettbewerbsf\u00e4higes, widerstandsf\u00e4higes, zukunftsorientiertes und faires Agrar- und Lebensmittelsystem f\u00fcr derzeitige und k\u00fcnftige Generationen von Landwirten und Lebensmittelunternehmern.<\/p>\n\n\n\n<p>Die weitere Vereinfachung unserer Politik und die verst\u00e4rkte Einf\u00fchrung von Innovation und Digitalisierung sind Voraussetzungen f\u00fcr alle in der Vision dargelegten Ma\u00dfnahmen. Im Laufe des Jahres 2025 wird die Kommission ein umfassendes Vereinfachungspaket f\u00fcr den derzeitigen Rechtsrahmen f\u00fcr die Landwirtschaft sowie eine EU-Digitalstrategie f\u00fcr die Landwirtschaft vorschlagen, um den \u00dcbergang zur digitalf\u00e4higen Landwirtschaft zu unterst\u00fctzen.<\/p>\n\n\n\n<p>Ursula von der Leyen, Pr\u00e4sidentin der Europ\u00e4ischen Kommission, erkl\u00e4rte: \u201eUnsereLandwirte stehen im Mittelpunkt des Lebensmittelproduktionssystems der EU. Dank ihrer t\u00e4glichen, harten Arbeit haben wir alle sichere und qualitativ hochwertige Lebensmittel. Dennoch stehen unsere Landwirte vor den wachsenden Herausforderungen des globalen Wettbewerbs und des Klimawandels. Deshalb bieten wir heute eine umfassende Strategie an, die die Landwirtschaft attraktiver, widerstandsf\u00e4higer und nachhaltiger macht.\u201c<\/p>\n\n\n\n<p><strong>Die Vision umrei\u00dft vier Schwerpunktbereiche:<\/strong><\/p>\n\n\n\n<p><strong>Ein attraktiver Sektor:<\/strong> Die Landwirtschaft muss \u00fcber die notwendige Stabilit\u00e4t verf\u00fcgen, um junge Menschen zum Berufseinstieg zu ermutigen, unter anderem durch ein faires Einkommen und eine gezieltere \u00f6ffentliche Unterst\u00fctzung. Sie m\u00fcssen auch aktiv unterst\u00fctzt werden, um die Vorteile von Innovationen und neuen Gesch\u00e4ftsmodellen, einschlie\u00dflich CO2- und Naturgutschriften, als erg\u00e4nzende Einkommensquellen zu nutzen. Die Kommission setzt sich daf\u00fcr ein, dass Landwirte nicht gezwungen werden, ihre Erzeugnisse systematisch unter den Produktionskosten zu verkaufen, und wird zu diesem Zweck konkrete Ma\u00dfnahmen ergreifen, unter anderem durch die \u00dcberarbeitung der Richtlinie \u00fcber unlautere Handelspraktiken. Dar\u00fcber hinaus wird die Kommission 2025 eine Strategie zur Erneuerung der Generation vorlegen, die Empfehlungen zu Ma\u00dfnahmen enth\u00e4lt, die sowohl auf EU-Ebene als auch auf nationaler\/regionaler Ebene erforderlich sind, um die Hindernisse f\u00fcr den Eintritt junger und neuer Menschen in den Beruf zu beseitigen.<\/p>\n\n\n\n<p><br><strong>Ein wettbewerbsf\u00e4higer und widerstandsf\u00e4higer Sektor:<\/strong> Die EU wird der Ern\u00e4hrungssicherheit und -souver\u00e4nit\u00e4t weiterhin auf unterschiedliche Weise Vorrang einr\u00e4umen. Handelsverhandlungen und -abkommen werden in vollem Umfang genutzt und gleichzeitig die Interessen der europ\u00e4ischen Landwirte gesch\u00fctzt. Die Vision entspricht auch den Forderungen von Landwirten, B\u00fcrgern und der Gesellschaft insgesamt nach einer st\u00e4rkeren Angleichung der Produktionsstandards f\u00fcr eingef\u00fchrte Erzeugnisse, um sicherzustellen, dass die ehrgeizigen Standards der EU nicht zu Wettbewerbsnachteilen f\u00fchren, w\u00e4hrend sie mit internationalen Vorschriften im Einklang stehen. Aus diesem Grund wird die Kommission ab 2025 Ma\u00dfnahmen ergreifen, um die Auswirkungen gr\u00f6\u00dferer Koh\u00e4renzen bei den Normen in Bezug auf die in der EU verbotenen gef\u00e4hrlichen Pestizide und auf den Tierschutz zu bewerten. Dar\u00fcber hinaus bleibt die strenge Durchsetzung und Kontrolle der Lebensmittelsicherheitsstandards eine nicht verhandelbare Priorit\u00e4t. Die Kommission wird sich verst\u00e4rkt auf die Tierhaltung konzentrieren, um die langfristige Zukunft des Sektors zu f\u00f6rdern.<\/p>\n\n\n\n<p><br><strong>Eine zukunftssichere Branche:<\/strong> Dereurop\u00e4ische Agrarsektor spielt eine wichtige Rolle beim \u00dcbergang zu einer kohlenstoffarmen Wirtschaft. In der Vision wird anerkannt, dass Klimaschutzma\u00dfnahmen mit Ern\u00e4hrungssicherheit in Einklang gebracht werden m\u00fcssen und dass der Sektor vor besonderen Herausforderungen steht. Landwirte sollten f\u00fcr die Einf\u00fchrung naturfreundlicher Praktiken belohnt werden. In diesem Zusammenhang wird die Kommission jedes weitere Verbot der Verwendung von Pestiziden sorgf\u00e4ltig pr\u00fcfen, wenn innerhalb einer angemessenen Frist keine Alternativen zur Verf\u00fcgung stehen, und den Zugang zu Biopestiziden auf dem EU-Markt straffen. Die Kommission wird auch ein freiwilliges Benchmarking-System,den \u201eNachhaltigkeitskompass f\u00fcr landwirtschaftliche Betriebe\u201c, entwickeln, um Landwirten dabei zu helfen, ihre Leistung auf Betriebsebene zu messen und zu verbessern. Eine Wasserresilienzstrategie wird ebenfalls ausgearbeitet, um der dringenden Notwendigkeit einer effizienteren Wassernutzung Rechnung zu tragen.<\/p>\n\n\n\n<p><br><strong>Faire Lebens- und Arbeitsbedingungen in l\u00e4ndlichen Gebieten:<\/strong> Die Kommission wird einen aktualisierten Aktionsplan f\u00fcr den l\u00e4ndlichen Raum vorlegen, um sicherzustellen, dass die l\u00e4ndlichen Gebiete lebendig, funktional und eng mit dem Kultur- und Naturerbe der EU verbunden bleiben. Ein j\u00e4hrlicher Ern\u00e4hrungsdialog wird auch mit einem breiten Spektrum von Akteuren, darunter Verbraucher, Landwirte, Industrie und Beh\u00f6rden, eingeleitet, um L\u00f6sungen f\u00fcr Fragen wie Erschwinglichkeit von Lebensmitteln und Innovation zu finden. Auch die Verringerung der Lebensmittelverschwendung und die Ber\u00fccksichtigung gesellschaftlicher Belange im Bereich des Tierschutzes werden von der Kommission in Zukunft eingehend gepr\u00fcft.<br>Mit Blick auf die Zukunft wird die k\u00fcnftige Gemeinsame Agrarpolitik (GAP) als Teil des anstehenden MFR-Vorschlags einfacher und gezielter gestaltet, wobei die Unterst\u00fctzung st\u00e4rker auf Landwirte ausgerichtet sein wird, die sich aktiv an der Nahrungsmittelproduktion beteiligen, wobei ein besonderer Schwerpunkt auf Junglandwirten und Landwirten in Gebieten mit naturbedingten Benachteiligungen liegt. Anreize statt Bedingungen werden bevorzugt. quelle: EU Kommision<\/p>\n","protected":false},"excerpt":{"rendered":"<p>Gestern legte die Kommission ihre Vision f\u00fcr Landwirtschaft und Ern\u00e4hrung vor, einen ehrgeizigen Fahrplan f\u00fcr die Zukunft der<\/p>\n","protected":false},"author":1,"featured_media":2861,"comment_status":"closed","ping_status":"closed","sticky":false,"template":"","format":"standard","meta":{"footnotes":""},"categories":[34],"tags":[],"class_list":["post-2860","post","type-post","status-publish","format-standard","has-post-thumbnail","hentry","category-allgemein"],"featured_image_urls":{"full":["https:\/\/agronoticias.es\/de\/wp-content\/uploads\/2025\/02\/campo-flor.jpg",800,531,false],"thumbnail":["https:\/\/agronoticias.es\/de\/wp-content\/uploads\/2025\/02\/campo-flor-150x150.jpg",150,150,true],"medium":["https:\/\/agronoticias.es\/de\/wp-content\/uploads\/2025\/02\/campo-flor-300x199.jpg",300,199,true],"medium_large":["https:\/\/agronoticias.es\/de\/wp-content\/uploads\/2025\/02\/campo-flor-768x510.jpg",640,425,true],"large":["https:\/\/agronoticias.es\/de\/wp-content\/uploads\/2025\/02\/campo-flor.jpg",640,425,false],"1536x1536":["https:\/\/agronoticias.es\/de\/wp-content\/uploads\/2025\/02\/campo-flor.jpg",800,531,false],"2048x2048":["https:\/\/agronoticias.es\/de\/wp-content\/uploads\/2025\/02\/campo-flor.jpg",800,531,false],"morenews-large":["https:\/\/agronoticias.es\/de\/wp-content\/uploads\/2025\/02\/campo-flor.jpg",800,531,false],"morenews-medium":["https:\/\/agronoticias.es\/de\/wp-content\/uploads\/2025\/02\/campo-flor-590x410.jpg",590,410,true]},"author_info":{"display_name":"admin","author_link":"https:\/\/agronoticias.es\/de\/author\/admin\/"},"category_info":"<a href=\"https:\/\/agronoticias.es\/de\/category\/allgemein\/\" rel=\"category tag\">Allgemein<\/a>","tag_info":"Allgemein","comment_count":"0","_links":{"self":[{"href":"https:\/\/agronoticias.es\/de\/wp-json\/wp\/v2\/posts\/2860","targetHints":{"allow":["GET"]}}],"collection":[{"href":"https:\/\/agronoticias.es\/de\/wp-json\/wp\/v2\/posts"}],"about":[{"href":"https:\/\/agronoticias.es\/de\/wp-json\/wp\/v2\/types\/post"}],"author":[{"embeddable":true,"href":"https:\/\/agronoticias.es\/de\/wp-json\/wp\/v2\/users\/1"}],"replies":[{"embeddable":true,"href":"https:\/\/agronoticias.es\/de\/wp-json\/wp\/v2\/comments?post=2860"}],"version-history":[{"count":1,"href":"https:\/\/agronoticias.es\/de\/wp-json\/wp\/v2\/posts\/2860\/revisions"}],"predecessor-version":[{"id":2862,"href":"https:\/\/agronoticias.es\/de\/wp-json\/wp\/v2\/posts\/2860\/revisions\/2862"}],"wp:featuredmedia":[{"embeddable":true,"href":"https:\/\/agronoticias.es\/de\/wp-json\/wp\/v2\/media\/2861"}],"wp:attachment":[{"href":"https:\/\/agronoticias.es\/de\/wp-json\/wp\/v2\/media?parent=2860"}],"wp:term":[{"taxonomy":"category","embeddable":true,"href":"https:\/\/agronoticias.es\/de\/wp-json\/wp\/v2\/categories?post=2860"},{"taxonomy":"post_tag","embeddable":true,"href":"https:\/\/agronoticias.es\/de\/wp-json\/wp\/v2\/tags?post=2860"}],"curies":[{"name":"wp","href":"https:\/\/api.w.org\/{rel}","templated":true}]}}