{"id":2849,"date":"2025-02-13T16:07:53","date_gmt":"2025-02-13T15:07:53","guid":{"rendered":"https:\/\/agronoticias.es\/de\/?p=2849"},"modified":"2025-02-13T16:07:56","modified_gmt":"2025-02-13T15:07:56","slug":"almeria-grupo-agroponiente-erwartet-deutliches-produktionswachstum-in-der-fruhjahrskampagne","status":"publish","type":"post","link":"https:\/\/agronoticias.es\/de\/almeria-grupo-agroponiente-erwartet-deutliches-produktionswachstum-in-der-fruhjahrskampagne\/","title":{"rendered":"Almer\u00eda: Grupo Agroponiente erwartet deutliches Produktionswachstum in der Fr\u00fchjahrskampagne"},"content":{"rendered":"\n<p> <\/p>\n\n\n\n<p><\/p>\n\n\n\n<p>Grupo Agroponiente &nbsp;(El Ejido\/Almer\u00eda) arbeitet bereits intensiv an der allgemeinen Produktplanung der Fr\u00fchjahrskampagne 2025, insbesondere f\u00fcr&nbsp; Zucker- und Wassermelonen. Wie jedes Jahr haben die Techniker und Verantwortlichen f\u00fcr die Produktion eine umfassende Planung und Bewertung der Kulturen und Anpflanzungen vorgenommen, um die logistischen und kommerziellen Aktivit\u00e4ten zum richtigen Zeitpunkt perfekt zu strukturieren.<\/p>\n\n\n\n<p>Die Prognosen deuten auf eine allgemein ziemlich ausgeglichene Pflanzung hin, mit einem nachhaltigen und langsamen Wachstum und besonderem Mengenzuwachs bei Freilandkulturen und Wassermelonen Fashion, obwohl die Produktions- und Vermarktungszahlen bei allen Spezialit\u00e4ten steigen werden.<\/p>\n\n\n\n<p>Das Unternehmen erwartet in dieser Saison etwa 60 Mio kg Wassermelonen und ca. 10 Mio kg Zuckermelonen. Die Anbaufl\u00e4che f\u00fcr Wassermelonen ist von 2.900 ha auf \u00fcber 3.200 ha gestiegen und f\u00fcr Zuckermelonen von 1.100 ha auf 1.300 ha. Auch die Fl\u00e4che f\u00fcr Produkte wie bspw. Auberginen und besonders Zucchini haben deutlich zugenommen, w\u00e4hrend sie bei Paprika zur\u00fcckgegangen ist.<\/p>\n\n\n\n<p>Diese Zahlen sind wie jedes Jahr das Ergebnis der sorgf\u00e4ltigen Kampagnenplanung, die das Unternehmen regelm\u00e4ssig mit den Erzeugern durchf\u00fchrt, was die logistischen Prognosen und Relationen\u00a0 mit den Marktteilnehmern erheblich erleichtert, wenn es darum geht, Programme abzuschliessen. Bernardo Villegas von Grupo Agroponiente erkl\u00e4rte: \u201eDie Planungen sind f\u00fcr die Saisonentwicklung f\u00fcr alle sehr wichtig. So wie in den letzten Jahren spiegeln sie auch diesmal\u00a0 die Zunahme der Fl\u00e4chen, Erzeugern und Mengen wider. Wir befinden uns auf einem Wachstumsniveau, das wir vorher nicht kannten, und m\u00fcssen uns f\u00fcr das Vertrauen der Erzeuger und nat\u00fcrlich der Treuer unserer Kunden bedanken.\u201c Quelle und Foto: Grupo Agroponiente<\/p>\n","protected":false},"excerpt":{"rendered":"<p>Grupo Agroponiente &nbsp;(El Ejido\/Almer\u00eda) arbeitet bereits intensiv an der allgemeinen Produktplanung der Fr\u00fchjahrskampagne 2025, insbesondere f\u00fcr&nbsp; Zucker- und<\/p>\n","protected":false},"author":1,"featured_media":2850,"comment_status":"closed","ping_status":"closed","sticky":false,"template":"","format":"standard","meta":{"footnotes":""},"categories":[34],"tags":[],"class_list":["post-2849","post","type-post","status-publish","format-standard","has-post-thumbnail","hentry","category-allgemein"],"featured_image_urls":{"full":["https:\/\/agronoticias.es\/de\/wp-content\/uploads\/2025\/02\/Grupo-Agroponiente-Planung-Fruhjahrskampagne-scaled.jpg",2560,1439,false],"thumbnail":["https:\/\/agronoticias.es\/de\/wp-content\/uploads\/2025\/02\/Grupo-Agroponiente-Planung-Fruhjahrskampagne-150x150.jpg",150,150,true],"medium":["https:\/\/agronoticias.es\/de\/wp-content\/uploads\/2025\/02\/Grupo-Agroponiente-Planung-Fruhjahrskampagne-300x169.jpg",300,169,true],"medium_large":["https:\/\/agronoticias.es\/de\/wp-content\/uploads\/2025\/02\/Grupo-Agroponiente-Planung-Fruhjahrskampagne-768x432.jpg",640,360,true],"large":["https:\/\/agronoticias.es\/de\/wp-content\/uploads\/2025\/02\/Grupo-Agroponiente-Planung-Fruhjahrskampagne-1024x576.jpg",640,360,true],"1536x1536":["https:\/\/agronoticias.es\/de\/wp-content\/uploads\/2025\/02\/Grupo-Agroponiente-Planung-Fruhjahrskampagne-1536x863.jpg",1536,863,true],"2048x2048":["https:\/\/agronoticias.es\/de\/wp-content\/uploads\/2025\/02\/Grupo-Agroponiente-Planung-Fruhjahrskampagne-2048x1151.jpg",2048,1151,true],"morenews-large":["https:\/\/agronoticias.es\/de\/wp-content\/uploads\/2025\/02\/Grupo-Agroponiente-Planung-Fruhjahrskampagne-825x575.jpg",825,575,true],"morenews-medium":["https:\/\/agronoticias.es\/de\/wp-content\/uploads\/2025\/02\/Grupo-Agroponiente-Planung-Fruhjahrskampagne-590x410.jpg",590,410,true]},"author_info":{"display_name":"admin","author_link":"https:\/\/agronoticias.es\/de\/author\/admin\/"},"category_info":"<a href=\"https:\/\/agronoticias.es\/de\/category\/allgemein\/\" rel=\"category tag\">Allgemein<\/a>","tag_info":"Allgemein","comment_count":"0","_links":{"self":[{"href":"https:\/\/agronoticias.es\/de\/wp-json\/wp\/v2\/posts\/2849","targetHints":{"allow":["GET"]}}],"collection":[{"href":"https:\/\/agronoticias.es\/de\/wp-json\/wp\/v2\/posts"}],"about":[{"href":"https:\/\/agronoticias.es\/de\/wp-json\/wp\/v2\/types\/post"}],"author":[{"embeddable":true,"href":"https:\/\/agronoticias.es\/de\/wp-json\/wp\/v2\/users\/1"}],"replies":[{"embeddable":true,"href":"https:\/\/agronoticias.es\/de\/wp-json\/wp\/v2\/comments?post=2849"}],"version-history":[{"count":1,"href":"https:\/\/agronoticias.es\/de\/wp-json\/wp\/v2\/posts\/2849\/revisions"}],"predecessor-version":[{"id":2851,"href":"https:\/\/agronoticias.es\/de\/wp-json\/wp\/v2\/posts\/2849\/revisions\/2851"}],"wp:featuredmedia":[{"embeddable":true,"href":"https:\/\/agronoticias.es\/de\/wp-json\/wp\/v2\/media\/2850"}],"wp:attachment":[{"href":"https:\/\/agronoticias.es\/de\/wp-json\/wp\/v2\/media?parent=2849"}],"wp:term":[{"taxonomy":"category","embeddable":true,"href":"https:\/\/agronoticias.es\/de\/wp-json\/wp\/v2\/categories?post=2849"},{"taxonomy":"post_tag","embeddable":true,"href":"https:\/\/agronoticias.es\/de\/wp-json\/wp\/v2\/tags?post=2849"}],"curies":[{"name":"wp","href":"https:\/\/api.w.org\/{rel}","templated":true}]}}