{"id":2846,"date":"2025-02-12T12:19:04","date_gmt":"2025-02-12T11:19:04","guid":{"rendered":"https:\/\/agronoticias.es\/de\/?p=2846"},"modified":"2025-03-10T12:28:16","modified_gmt":"2025-03-10T11:28:16","slug":"fruit-logistica-2025-innovationen-und-insights-sorgen-fur-besucherrekord","status":"publish","type":"post","link":"https:\/\/agronoticias.es\/de\/fruit-logistica-2025-innovationen-und-insights-sorgen-fur-besucherrekord\/","title":{"rendered":"FRUIT LOGISTICA 2025: Innovationen und Insights sorgen f\u00fcr Besucherrekord."},"content":{"rendered":"\n<p> <\/p>\n\n\n\n<p><\/p>\n\n\n\n<p>Berlin war letzte Woche der Ort, an dem Gesch\u00e4fte gemacht wurden, als mehr als 91.000 Menschen aus dem weltweiten Obst- und Gem\u00fcsehandel zur FRUIT LOGISTICA 2025 zusammenkamen. Vom 5. bis 7. Februar zog die f\u00fchrende Fachmesse f\u00fcr den globalen Fruchthandel noch mehr internationale Fachbesucher:innen und Aussteller zu ihrer aktuellen Ausgabe an und bot den Teilnehmenden drei Tage lang unvergleichliches Marketing, Networking, Innovationen und Insights. Offiziellen Umfrageergebnissen zufolge erreichte die diesj\u00e4hrige Messe einen neuen H\u00f6chststand in Bezug auf die Qualit\u00e4t der 67.500 Fachbesuchenden sowie eine Zunahme der erfolgreichen Gesch\u00e4fte. Auch die Zufriedenheit der 23.500 Ausstellungsvertreter erreichte einen neuen H\u00f6chststand. Deshalb nimmt der Veranstalter Messe Berlin ab sofort Standbuchungen f\u00fcr FRUIT LOGISTICA 2026 entgegen.<\/p>\n\n\n\n<p>Innovation stand im Mittelpunkt der diesj\u00e4hrigen Veranstaltung, unterstrichen durch den Einfallsreichtum der Unternehmen, die sich um den wichtigsten Innovationspreis der Fruchthandelsbranche bewarben, oder die bahnbrechenden Technologien, die w\u00e4hrend der dreit\u00e4gigen Startup World vorgestellt wurden. \u201eDie Leute wissen, dass sie auf der FRUIT LOGISTICA immer etwas Neues sehen und Entscheidungstr\u00e4ger aus der ganzen Welt treffen\u00bb, sagte Alexander Stein, Direktor der FRUIT LOGISTICA. Und dank des offiziellen Partners Fruitnet hatten Zehntausende die M\u00f6glichkeit, auf sechs B\u00fchnen in den Hallen Hunderte von Fachvortr\u00e4gen zu allen Aspekten der Branche zu h\u00f6ren. \u201eDer internationale Obst- und Gem\u00fcsemarkt h\u00e4lt derzeit gro\u00dfe Herausforderung bereit\u00bb, f\u00fcgte Stein hinzu, \u201eaber das Feedback unserer Fachbesuchenden und Aussteller zeigt, dass Wachstum m\u00f6glich ist, und die richtigen Leute hier waren, um dieses Potenzial zu verwirklichen.\u00bb<\/p>\n\n\n\n<p>Nach ersten Trends aus der Ausstellerbefragung erzielten 9 von 10 Befragten ein sehr gutes bis zufriedenstellendes Gesch\u00e4ftsergebnis auf der FRUIT LOGISTICA 2025 und haben positive Erwartungen f\u00fcr das Nachmessegesch\u00e4ft. Die gleiche Anzahl plant bereits die Teilnahme an der n\u00e4chsten Veranstaltung 2026.<\/p>\n\n\n\n<p>Nach den vorl\u00e4ufigen Ergebnissen der repr\u00e4sentativen Fachbesucherbefragung sind auch die Fachbesucher:innen sehr zufrieden. 94 % der Befragten gaben einen positiven Gesamteindruck an und 95 % w\u00fcrden die Veranstaltung in ihrem gesch\u00e4ftlichen Umfeld weiter empfehlen. 9 von 10 der Befragten planen bereits, die FRUIT LOGISTICA im n\u00e4chsten Jahr wieder zu besuchen.<\/p>\n\n\n\n<p>Auch das hochkar\u00e4tige Publikum trug zu den positiven Ergebnissen der Messe bei: 3 von 4 Fachbesuchern treffen Einkaufs- oder Beschaffungsentscheidungen in ihrem Unternehmen. Daraus ergeben sich umfangreiche Gesch\u00e4ftsaktivit\u00e4ten: Mehr als 80 % der Befragten kn\u00fcpften auf der FRUIT LOGISTICA 2025 neue Gesch\u00e4ftskontakte, \u00fcber ein Drittel konnte auf der Messe selbst neue Kontakte kn\u00fcpfen.<\/p>\n\n\n\n<p>Mehr Information<\/p>\n\n\n\n<p><a href=\"https:\/\/www.fruitlogistica.com\/de\/presse\/pressemitteilungen\/news_20608.html?referrer=\/presse\/pressemitteilungen\/#news-de-20608\">https:\/\/www.fruitlogistica.com\/de\/presse\/pressemitteilungen\/news_20608.html?referrer=\/presse\/pressemitteilungen\/#news-de-20608<\/a><\/p>\n","protected":false},"excerpt":{"rendered":"<p>Berlin war letzte Woche der Ort, an dem Gesch\u00e4fte gemacht wurden, als mehr als 91.000 Menschen aus dem<\/p>\n","protected":false},"author":1,"featured_media":2847,"comment_status":"closed","ping_status":"closed","sticky":false,"template":"","format":"standard","meta":{"footnotes":""},"categories":[34,1],"tags":[],"class_list":["post-2846","post","type-post","status-publish","format-standard","has-post-thumbnail","hentry","category-allgemein","category-veranstaltungen"],"featured_image_urls":{"full":["https:\/\/agronoticias.es\/de\/wp-content\/uploads\/2025\/02\/FL-25-logo.png",800,200,false],"thumbnail":["https:\/\/agronoticias.es\/de\/wp-content\/uploads\/2025\/02\/FL-25-logo-150x150.png",150,150,true],"medium":["https:\/\/agronoticias.es\/de\/wp-content\/uploads\/2025\/02\/FL-25-logo-300x75.png",300,75,true],"medium_large":["https:\/\/agronoticias.es\/de\/wp-content\/uploads\/2025\/02\/FL-25-logo-768x192.png",640,160,true],"large":["https:\/\/agronoticias.es\/de\/wp-content\/uploads\/2025\/02\/FL-25-logo.png",640,160,false],"1536x1536":["https:\/\/agronoticias.es\/de\/wp-content\/uploads\/2025\/02\/FL-25-logo.png",800,200,false],"2048x2048":["https:\/\/agronoticias.es\/de\/wp-content\/uploads\/2025\/02\/FL-25-logo.png",800,200,false],"morenews-large":["https:\/\/agronoticias.es\/de\/wp-content\/uploads\/2025\/02\/FL-25-logo.png",800,200,false],"morenews-medium":["https:\/\/agronoticias.es\/de\/wp-content\/uploads\/2025\/02\/FL-25-logo-590x200.png",590,200,true]},"author_info":{"display_name":"admin","author_link":"https:\/\/agronoticias.es\/de\/author\/admin\/"},"category_info":"<a href=\"https:\/\/agronoticias.es\/de\/category\/allgemein\/\" rel=\"category tag\">Allgemein<\/a> <a href=\"https:\/\/agronoticias.es\/de\/category\/veranstaltungen\/\" rel=\"category tag\">Veranstaltungen<\/a>","tag_info":"Veranstaltungen","comment_count":"0","_links":{"self":[{"href":"https:\/\/agronoticias.es\/de\/wp-json\/wp\/v2\/posts\/2846","targetHints":{"allow":["GET"]}}],"collection":[{"href":"https:\/\/agronoticias.es\/de\/wp-json\/wp\/v2\/posts"}],"about":[{"href":"https:\/\/agronoticias.es\/de\/wp-json\/wp\/v2\/types\/post"}],"author":[{"embeddable":true,"href":"https:\/\/agronoticias.es\/de\/wp-json\/wp\/v2\/users\/1"}],"replies":[{"embeddable":true,"href":"https:\/\/agronoticias.es\/de\/wp-json\/wp\/v2\/comments?post=2846"}],"version-history":[{"count":1,"href":"https:\/\/agronoticias.es\/de\/wp-json\/wp\/v2\/posts\/2846\/revisions"}],"predecessor-version":[{"id":2848,"href":"https:\/\/agronoticias.es\/de\/wp-json\/wp\/v2\/posts\/2846\/revisions\/2848"}],"wp:featuredmedia":[{"embeddable":true,"href":"https:\/\/agronoticias.es\/de\/wp-json\/wp\/v2\/media\/2847"}],"wp:attachment":[{"href":"https:\/\/agronoticias.es\/de\/wp-json\/wp\/v2\/media?parent=2846"}],"wp:term":[{"taxonomy":"category","embeddable":true,"href":"https:\/\/agronoticias.es\/de\/wp-json\/wp\/v2\/categories?post=2846"},{"taxonomy":"post_tag","embeddable":true,"href":"https:\/\/agronoticias.es\/de\/wp-json\/wp\/v2\/tags?post=2846"}],"curies":[{"name":"wp","href":"https:\/\/api.w.org\/{rel}","templated":true}]}}