{"id":2832,"date":"2025-02-11T10:17:48","date_gmt":"2025-02-11T09:17:48","guid":{"rendered":"https:\/\/agronoticias.es\/de\/?p=2832"},"modified":"2025-02-11T10:18:19","modified_gmt":"2025-02-11T09:18:19","slug":"cricket-konsolidiert-seine-prasenz-in-deutschland-mit-der-teilnahme-an-der-fruit-logistica-2025","status":"publish","type":"post","link":"https:\/\/agronoticias.es\/de\/cricket-konsolidiert-seine-prasenz-in-deutschland-mit-der-teilnahme-an-der-fruit-logistica-2025\/","title":{"rendered":"Cricket konsolidiert seine Pr\u00e4senz in Deutschland mit der Teilnahme an der Fruit Logistica 2025"},"content":{"rendered":"\n<p>F\u00fcr Cricket (Lorca\/Murcia) war die Fruit Logistica 25 eine Schl\u00fcsselveranstaltung in seiner Wachstumsstrategie, da sie seine Pr\u00e4senz in Deutschland best\u00e4tigte, wohin mehr als 30 % seiner Exporte und 7 % seines gesamten Bio-Volumens gehen. \u201eWir hatten sehr produktive Tage, in denen wir die Handelsbeziehungen gest\u00e4rkt und die Entwicklung der Kampagne in einem Markt analysiert haben, der uns f\u00fcr unsere Qualit\u00e4t und Spezialisierung anerkennt\u201c, erkl\u00e4rte Juan Mar\u00edn, Generaldirektor von Cricket.<\/p>\n\n\n\n<p>Die Messe fiel mit dem H\u00f6hepunkt der Wintersaison und einem wichtigen Zeitraum f\u00fcr die Planung der Sommerkampagne zusammen. In Deutschland konsolidiert das Unternehmen weiterhin seine Position als bevorzugter Lieferant und unterstreicht sein Engagement f\u00fcr Qualit\u00e4t, Lebensmittelsicherheit und Nachhaltigkeit. \u201eMehr als drei Tage lang haben wir uns mit unseren Kunden getroffen, um die Marktsituation zu bewerten, die Werbema\u00dfnahmen zu \u00fcberarbeiten und Aktionen f\u00fcr die kommenden Monate vorzubereiten. Es ist wichtig, hier zu sein, um die Trends zu verstehen und unsere Pr\u00e4senz zu verst\u00e4rken\u201c, betonte Mar\u00edn.<\/p>\n\n\n\n<p>Im Bio-Segment hat die Inflation das Wachstum gebremst, obwohl Deutschland ein Vorreiter in der Entwicklung war, ein Trend, der in den kommenden Jahren stabil bleiben d\u00fcrfte.<\/p>\n\n\n\n<p><a><\/a> W\u00e4hrend der Messe sprach Cricket mit seinen Kunden und strategischen Partnern auch \u00fcber die neue europ\u00e4ische Verpackungsverordnung (PPWR), die ein gr\u00f6\u00dferes internes Management und h\u00f6here Kosten bedeutet, aber auch ein Schritt nach vorne in bezug auf Nachhaltigkeit ist.<\/p>\n\n\n\n<p>Cricket pr\u00e4sentierte auch die in den letzten drei Jahren erzielten Fortschritte wie bspw. die 15 %ige Reduzierung des Einsatzes von Pflanzenschutzmitteln dank der Einf\u00fchrung nachhaltiger Techniken. \u201eJede Ausgabe der Fruit Logistica erm\u00f6glicht es uns, unseren Kunden n\u00e4her zu kommen und die Innovationen zu bewerten, die wir zur Verbesserung der Wertsch\u00f6pfungs- und Lieferkette beitragen k\u00f6nnen. Wir nehmen seit mehr als 30 Jahren an dieser Messe teil und sind bereits dabei, die Ausgabe 2026 zu organisieren\u201c, betonte Mar\u00edn. Quelle und Foto: Cricket<\/p>\n","protected":false},"excerpt":{"rendered":"<p>F\u00fcr Cricket (Lorca\/Murcia) war die Fruit Logistica 25 eine Schl\u00fcsselveranstaltung in seiner Wachstumsstrategie, da sie seine Pr\u00e4senz in<\/p>\n","protected":false},"author":1,"featured_media":2834,"comment_status":"closed","ping_status":"closed","sticky":false,"template":"","format":"standard","meta":{"footnotes":""},"categories":[34],"tags":[],"class_list":["post-2832","post","type-post","status-publish","format-standard","has-post-thumbnail","hentry","category-allgemein"],"featured_image_urls":{"full":["https:\/\/agronoticias.es\/de\/wp-content\/uploads\/2025\/02\/cricketfl25.jpeg",2048,1536,false],"thumbnail":["https:\/\/agronoticias.es\/de\/wp-content\/uploads\/2025\/02\/cricketfl25-150x150.jpeg",150,150,true],"medium":["https:\/\/agronoticias.es\/de\/wp-content\/uploads\/2025\/02\/cricketfl25-300x225.jpeg",300,225,true],"medium_large":["https:\/\/agronoticias.es\/de\/wp-content\/uploads\/2025\/02\/cricketfl25-768x576.jpeg",640,480,true],"large":["https:\/\/agronoticias.es\/de\/wp-content\/uploads\/2025\/02\/cricketfl25-1024x768.jpeg",640,480,true],"1536x1536":["https:\/\/agronoticias.es\/de\/wp-content\/uploads\/2025\/02\/cricketfl25-1536x1152.jpeg",1536,1152,true],"2048x2048":["https:\/\/agronoticias.es\/de\/wp-content\/uploads\/2025\/02\/cricketfl25.jpeg",2048,1536,false],"morenews-large":["https:\/\/agronoticias.es\/de\/wp-content\/uploads\/2025\/02\/cricketfl25-825x575.jpeg",825,575,true],"morenews-medium":["https:\/\/agronoticias.es\/de\/wp-content\/uploads\/2025\/02\/cricketfl25-590x410.jpeg",590,410,true]},"author_info":{"display_name":"admin","author_link":"https:\/\/agronoticias.es\/de\/author\/admin\/"},"category_info":"<a href=\"https:\/\/agronoticias.es\/de\/category\/allgemein\/\" rel=\"category tag\">Allgemein<\/a>","tag_info":"Allgemein","comment_count":"0","_links":{"self":[{"href":"https:\/\/agronoticias.es\/de\/wp-json\/wp\/v2\/posts\/2832","targetHints":{"allow":["GET"]}}],"collection":[{"href":"https:\/\/agronoticias.es\/de\/wp-json\/wp\/v2\/posts"}],"about":[{"href":"https:\/\/agronoticias.es\/de\/wp-json\/wp\/v2\/types\/post"}],"author":[{"embeddable":true,"href":"https:\/\/agronoticias.es\/de\/wp-json\/wp\/v2\/users\/1"}],"replies":[{"embeddable":true,"href":"https:\/\/agronoticias.es\/de\/wp-json\/wp\/v2\/comments?post=2832"}],"version-history":[{"count":1,"href":"https:\/\/agronoticias.es\/de\/wp-json\/wp\/v2\/posts\/2832\/revisions"}],"predecessor-version":[{"id":2833,"href":"https:\/\/agronoticias.es\/de\/wp-json\/wp\/v2\/posts\/2832\/revisions\/2833"}],"wp:featuredmedia":[{"embeddable":true,"href":"https:\/\/agronoticias.es\/de\/wp-json\/wp\/v2\/media\/2834"}],"wp:attachment":[{"href":"https:\/\/agronoticias.es\/de\/wp-json\/wp\/v2\/media?parent=2832"}],"wp:term":[{"taxonomy":"category","embeddable":true,"href":"https:\/\/agronoticias.es\/de\/wp-json\/wp\/v2\/categories?post=2832"},{"taxonomy":"post_tag","embeddable":true,"href":"https:\/\/agronoticias.es\/de\/wp-json\/wp\/v2\/tags?post=2832"}],"curies":[{"name":"wp","href":"https:\/\/api.w.org\/{rel}","templated":true}]}}