{"id":2819,"date":"2025-02-04T11:42:06","date_gmt":"2025-02-04T10:42:06","guid":{"rendered":"https:\/\/agronoticias.es\/de\/?p=2819"},"modified":"2025-02-04T11:42:07","modified_gmt":"2025-02-04T10:42:07","slug":"novacoop-mediterranea-prasentiert-auf-der-fruit-logistica-breiten-obstkatalog","status":"publish","type":"post","link":"https:\/\/agronoticias.es\/de\/novacoop-mediterranea-prasentiert-auf-der-fruit-logistica-breiten-obstkatalog\/","title":{"rendered":"NOVACOOP MEDITERRANEA pr\u00e4sentiert \u00a0auf der Fruit Logistica breiten Obstkatalog"},"content":{"rendered":"\n<p> <\/p>\n\n\n\n<p> <\/p>\n\n\n\n<p>Novacoop Mediterranea, das aus der Allianz zwischen Actel und Fruits de Ponent hervorgegangen ist, nimmt mit einem eigenen Stand an der Fruit Logistica teil (Hall 27 C51), um den europ\u00e4ischen Kunden seine Produktpalette zu pr\u00e4sentieren, die mehr als 100.000 t frisches Obst und Citrus umfasst.<\/p>\n\n\n\n<p>Die Fruit Logistica ist eine Schl\u00fcsselveranstaltung &nbsp;im Kalender von Novacoop Mediterranea, denn \u201ediese internationale Messe ist nicht nur eine Gelegenheit, die Beziehungen zu unseren Kunden zu st\u00e4rken und die kommenden Fr\u00fchjahrs- und Sommerkampagnen zu planen, sondern auch ein privilegierter Rahmen, um neue Kontakte zu kn\u00fcpfen und strategische Allianzen zu erkunden. Auf den mehr als 5.000 ha Anbaufl\u00e4chen unserer Erzeuger und in unseren Logistikzentren in Lleida arbeiten wir daran, eine breite Palette von Stein-, Kern- und Zitrusfr\u00fcchten anzubieten, um die Versorgung der internationalen M\u00e4rkte in den hei\u00dfesten Monaten des Jahres zu gew\u00e4hrleisten\u201c informierte das Unternehmen.<\/p>\n\n\n\n<p>Novacoop Mediterranea mit Sitz im Parque Agrobiotech de Gardeny (Lleida\/Katalonien) &nbsp;zeichnet sich durch seine Eigenproduktion aus, die dank der Arbeit und des Engagements von Hunderten von Erzeugern, die mit Fruits de Ponent und Actel verbunden sind, m\u00f6glich ist. Die Verpackungszentren sind so konzipiert, dass sie effizient auf die Anforderungen der Kunden reagieren und sich an die unterschiedlichen Bed\u00fcrfnisse des Marktes anpassen. Das Unternehmen, das sich stets f\u00fcr Qualit\u00e4t, Lebensmittelsicherheit und Nachhaltigkeit einsetzt, f\u00f6rdert ein Modell der Wertsch\u00f6pfung, bei dem die Region, die Menschen und die Innovation die S\u00e4ulen der Aktivit\u00e4ten sind.<\/p>\n\n\n\n<p>W\u00e4hrend der Messe wird das Verkaufsteam von Novacoop Mediterranea die Besucher empfangen, den Produktkatalog vorstellen und neue Gesch\u00e4ftsm\u00f6glichkeiten ausloten. Neben dem bekannten Obstsortiment wird das Unternehmen auch sein natives Oliven\u00f6l extra und seine Mandelpalette vorstellen. Quelle und Foto Novacoop Mediterranea<\/p>\n","protected":false},"excerpt":{"rendered":"<p>Novacoop Mediterranea, das aus der Allianz zwischen Actel und Fruits de Ponent hervorgegangen ist, nimmt mit einem eigenen<\/p>\n","protected":false},"author":1,"featured_media":2820,"comment_status":"closed","ping_status":"closed","sticky":false,"template":"","format":"standard","meta":{"footnotes":""},"categories":[34],"tags":[],"class_list":["post-2819","post","type-post","status-publish","format-standard","has-post-thumbnail","hentry","category-allgemein"],"featured_image_urls":{"full":["https:\/\/agronoticias.es\/de\/wp-content\/uploads\/2025\/02\/Team-Novacoop-Mediterranea.jpg",578,585,false],"thumbnail":["https:\/\/agronoticias.es\/de\/wp-content\/uploads\/2025\/02\/Team-Novacoop-Mediterranea-150x150.jpg",150,150,true],"medium":["https:\/\/agronoticias.es\/de\/wp-content\/uploads\/2025\/02\/Team-Novacoop-Mediterranea-296x300.jpg",296,300,true],"medium_large":["https:\/\/agronoticias.es\/de\/wp-content\/uploads\/2025\/02\/Team-Novacoop-Mediterranea.jpg",578,585,false],"large":["https:\/\/agronoticias.es\/de\/wp-content\/uploads\/2025\/02\/Team-Novacoop-Mediterranea.jpg",578,585,false],"1536x1536":["https:\/\/agronoticias.es\/de\/wp-content\/uploads\/2025\/02\/Team-Novacoop-Mediterranea.jpg",578,585,false],"2048x2048":["https:\/\/agronoticias.es\/de\/wp-content\/uploads\/2025\/02\/Team-Novacoop-Mediterranea.jpg",578,585,false],"morenews-large":["https:\/\/agronoticias.es\/de\/wp-content\/uploads\/2025\/02\/Team-Novacoop-Mediterranea-578x575.jpg",578,575,true],"morenews-medium":["https:\/\/agronoticias.es\/de\/wp-content\/uploads\/2025\/02\/Team-Novacoop-Mediterranea-578x410.jpg",578,410,true]},"author_info":{"display_name":"admin","author_link":"https:\/\/agronoticias.es\/de\/author\/admin\/"},"category_info":"<a href=\"https:\/\/agronoticias.es\/de\/category\/allgemein\/\" rel=\"category tag\">Allgemein<\/a>","tag_info":"Allgemein","comment_count":"0","_links":{"self":[{"href":"https:\/\/agronoticias.es\/de\/wp-json\/wp\/v2\/posts\/2819","targetHints":{"allow":["GET"]}}],"collection":[{"href":"https:\/\/agronoticias.es\/de\/wp-json\/wp\/v2\/posts"}],"about":[{"href":"https:\/\/agronoticias.es\/de\/wp-json\/wp\/v2\/types\/post"}],"author":[{"embeddable":true,"href":"https:\/\/agronoticias.es\/de\/wp-json\/wp\/v2\/users\/1"}],"replies":[{"embeddable":true,"href":"https:\/\/agronoticias.es\/de\/wp-json\/wp\/v2\/comments?post=2819"}],"version-history":[{"count":1,"href":"https:\/\/agronoticias.es\/de\/wp-json\/wp\/v2\/posts\/2819\/revisions"}],"predecessor-version":[{"id":2821,"href":"https:\/\/agronoticias.es\/de\/wp-json\/wp\/v2\/posts\/2819\/revisions\/2821"}],"wp:featuredmedia":[{"embeddable":true,"href":"https:\/\/agronoticias.es\/de\/wp-json\/wp\/v2\/media\/2820"}],"wp:attachment":[{"href":"https:\/\/agronoticias.es\/de\/wp-json\/wp\/v2\/media?parent=2819"}],"wp:term":[{"taxonomy":"category","embeddable":true,"href":"https:\/\/agronoticias.es\/de\/wp-json\/wp\/v2\/categories?post=2819"},{"taxonomy":"post_tag","embeddable":true,"href":"https:\/\/agronoticias.es\/de\/wp-json\/wp\/v2\/tags?post=2819"}],"curies":[{"name":"wp","href":"https:\/\/api.w.org\/{rel}","templated":true}]}}