{"id":2807,"date":"2025-01-30T10:16:22","date_gmt":"2025-01-30T09:16:22","guid":{"rendered":"https:\/\/agronoticias.es\/de\/?p=2807"},"modified":"2025-01-30T10:16:24","modified_gmt":"2025-01-30T09:16:24","slug":"veranstaltungsexperte-alexander-stein-ubernimmt-leitung-der-fruit-logistica","status":"publish","type":"post","link":"https:\/\/agronoticias.es\/de\/veranstaltungsexperte-alexander-stein-ubernimmt-leitung-der-fruit-logistica\/","title":{"rendered":"Veranstaltungsexperte Alexander Stein \u00fcbernimmt Leitung der FRUIT LOGISTICA"},"content":{"rendered":"\n<p> <\/p>\n\n\n\n<p>Die FRUIT LOGISTICA freut sich auf Alexander Stein als neuen Direktor. Ab dem 1. Februar 2025 wird er f\u00fcr das strategische Management der Messe, die vom 5. bis 7. Februar in Berlin stattfindet, zust\u00e4ndig sein. Er folgt auf Kai Mangelberger, der inzwischen als Bereichsleiter bei der Messe Berlin den k\u00fcrzlich geschaffenen Bereich \u201eMobility\u201c verantwortet.<\/p>\n\n\n\n<p>Alexander Stein bringt mehr als 20 Jahre Erfahrung in der Organisation von internationalen Messen und Events mit. Zuletzt war er verantwortlich f\u00fcr das Eventmanagement bei der ZBI Gruppe (zugeh\u00f6rig zu Union Investment). Davor hatte er eine F\u00fchrungsposition bei der N\u00fcrnbergMesse inne. So konnte er erst als stellvertretender Projektleiter der Weltleitmesse BioFach und sp\u00e4ter als Abteilungsleiter f\u00fcr die Bereiche Building &amp; Construction umfangreiches Know-how in der strategischen, konzeptionellen und vertrieblichen Weiterentwicklung von B2B-Veranstaltungen sammeln. Zudem verf\u00fcgt er \u00fcber umfassende Erfahrung im Bereich digitaler und hybrider Events.<\/p>\n\n\n\n<p>\u201eIn meinen bisherigen beruflichen Stationen habe ich wertvolle Erfahrungen in einem internationalen Umfeld gesammelt und die Messebranche aus unterschiedlichen Perspektiven kennengelernt \u2013 sowohl aus der Sicht der Veranstalter als auch der Aussteller\u201c, so Alexander Stein. \u201eDieses Wissen m\u00f6chte ich nun einbringen, um die FRUIT LOGISTICA als bedeutenden Treffpunkt f\u00fcr bestehende und neue Partner und als wichtigen Impulsgeber und Innovationstreiber f\u00fcr die Obst- und Gem\u00fcsebranche weiter zur st\u00e4rken.\u201c<\/p>\n\n\n\n<p>Die FRUIT LOGISTICA bildet die gesamte Wertsch\u00f6pfungskette f\u00fcr frisches Obst und Gem\u00fcse ab, vom Point of Seed bis zum Point of Sale. Mit \u00fcber 2.600 Ausstellern aus mehr als 90 L\u00e4ndern in 26 Messehallen ist die Messe ein unverzichtbarer Treffpunkt der Frischfruchtbranche. Quelle und Foto: Fruit Logistica<\/p>\n","protected":false},"excerpt":{"rendered":"<p>Die FRUIT LOGISTICA freut sich auf Alexander Stein als neuen Direktor. Ab dem 1. Februar 2025 wird er<\/p>\n","protected":false},"author":1,"featured_media":2808,"comment_status":"closed","ping_status":"closed","sticky":false,"template":"","format":"standard","meta":{"footnotes":""},"categories":[34],"tags":[],"class_list":["post-2807","post","type-post","status-publish","format-standard","has-post-thumbnail","hentry","category-allgemein"],"featured_image_urls":{"full":["https:\/\/agronoticias.es\/de\/wp-content\/uploads\/2025\/01\/Alexander-Stein-nueve-Director-Fruit-Logistica.jpg",696,464,false],"thumbnail":["https:\/\/agronoticias.es\/de\/wp-content\/uploads\/2025\/01\/Alexander-Stein-nueve-Director-Fruit-Logistica-150x150.jpg",150,150,true],"medium":["https:\/\/agronoticias.es\/de\/wp-content\/uploads\/2025\/01\/Alexander-Stein-nueve-Director-Fruit-Logistica-300x200.jpg",300,200,true],"medium_large":["https:\/\/agronoticias.es\/de\/wp-content\/uploads\/2025\/01\/Alexander-Stein-nueve-Director-Fruit-Logistica.jpg",640,427,false],"large":["https:\/\/agronoticias.es\/de\/wp-content\/uploads\/2025\/01\/Alexander-Stein-nueve-Director-Fruit-Logistica.jpg",640,427,false],"1536x1536":["https:\/\/agronoticias.es\/de\/wp-content\/uploads\/2025\/01\/Alexander-Stein-nueve-Director-Fruit-Logistica.jpg",696,464,false],"2048x2048":["https:\/\/agronoticias.es\/de\/wp-content\/uploads\/2025\/01\/Alexander-Stein-nueve-Director-Fruit-Logistica.jpg",696,464,false],"morenews-large":["https:\/\/agronoticias.es\/de\/wp-content\/uploads\/2025\/01\/Alexander-Stein-nueve-Director-Fruit-Logistica.jpg",696,464,false],"morenews-medium":["https:\/\/agronoticias.es\/de\/wp-content\/uploads\/2025\/01\/Alexander-Stein-nueve-Director-Fruit-Logistica-590x410.jpg",590,410,true]},"author_info":{"display_name":"admin","author_link":"https:\/\/agronoticias.es\/de\/author\/admin\/"},"category_info":"<a href=\"https:\/\/agronoticias.es\/de\/category\/allgemein\/\" rel=\"category tag\">Allgemein<\/a>","tag_info":"Allgemein","comment_count":"0","_links":{"self":[{"href":"https:\/\/agronoticias.es\/de\/wp-json\/wp\/v2\/posts\/2807","targetHints":{"allow":["GET"]}}],"collection":[{"href":"https:\/\/agronoticias.es\/de\/wp-json\/wp\/v2\/posts"}],"about":[{"href":"https:\/\/agronoticias.es\/de\/wp-json\/wp\/v2\/types\/post"}],"author":[{"embeddable":true,"href":"https:\/\/agronoticias.es\/de\/wp-json\/wp\/v2\/users\/1"}],"replies":[{"embeddable":true,"href":"https:\/\/agronoticias.es\/de\/wp-json\/wp\/v2\/comments?post=2807"}],"version-history":[{"count":1,"href":"https:\/\/agronoticias.es\/de\/wp-json\/wp\/v2\/posts\/2807\/revisions"}],"predecessor-version":[{"id":2809,"href":"https:\/\/agronoticias.es\/de\/wp-json\/wp\/v2\/posts\/2807\/revisions\/2809"}],"wp:featuredmedia":[{"embeddable":true,"href":"https:\/\/agronoticias.es\/de\/wp-json\/wp\/v2\/media\/2808"}],"wp:attachment":[{"href":"https:\/\/agronoticias.es\/de\/wp-json\/wp\/v2\/media?parent=2807"}],"wp:term":[{"taxonomy":"category","embeddable":true,"href":"https:\/\/agronoticias.es\/de\/wp-json\/wp\/v2\/categories?post=2807"},{"taxonomy":"post_tag","embeddable":true,"href":"https:\/\/agronoticias.es\/de\/wp-json\/wp\/v2\/tags?post=2807"}],"curies":[{"name":"wp","href":"https:\/\/api.w.org\/{rel}","templated":true}]}}