{"id":2766,"date":"2025-01-15T20:01:00","date_gmt":"2025-01-15T19:01:00","guid":{"rendered":"https:\/\/agronoticias.es\/de\/?p=2766"},"modified":"2025-01-15T20:01:02","modified_gmt":"2025-01-15T19:01:02","slug":"mehr-aussteller-mehr-flache-mehr-insights-grune-woche-2025-zeigt-zukunftstrends-aus-ernahrung-und-landwirtschaft","status":"publish","type":"post","link":"https:\/\/agronoticias.es\/de\/mehr-aussteller-mehr-flache-mehr-insights-grune-woche-2025-zeigt-zukunftstrends-aus-ernahrung-und-landwirtschaft\/","title":{"rendered":"Mehr Aussteller, mehr Fl\u00e4che, mehr Insights \u2013 Gr\u00fcne Woche 2025 zeigt Zukunftstrends aus Ern\u00e4hrung und Landwirtschaft"},"content":{"rendered":"\n<p> <\/p>\n\n\n\n<p><\/p>\n\n\n\n<p>Die Gr\u00fcne Woche 2025 \u00f6ffnet in Berlin vom 17.\u201326. Januar. 1.500 Aussteller aus 60 L\u00e4ndern zeigen kulinarische Highlights, Innovationen und Trends. 300 Konferenzen bieten eine Plattform f\u00fcr internationalen Austausch. Der neue EU-Kommissar Christophe Hansen stellt sich vor. Politischer H\u00f6hepunkt ist die Agrarministerkonferenz des Bundesministeriums f\u00fcr Ern\u00e4hrung und Landwirtschaft.<\/p>\n\n\n\n<p>In zwei Tagen \u00f6ffnet die Gr\u00fcne Woche 2025 ihre Tore auf dem Berliner Messegel\u00e4nde \u2013 mit mehr Ausstellern, mehr Fl\u00e4che und mehr Insights. Vom 17. bis 26. Januar fungiert die internationale Leitmesse f\u00fcr Ern\u00e4hrung, Landwirtschaft und Gartenbau als B\u00fchne f\u00fcr aktuelle Branchenthemen und Schaufenster f\u00fcr kulinarische Trends. In ihrem 99. Jahr setzt die Gr\u00fcne Woche starke Akzente in Sachen moderne Landwirtschaft, Innovation, Nachhaltigkeit und alternative Ern\u00e4hrungsformen. 1.500 Aussteller aus fast 60 L\u00e4ndern pr\u00e4sentieren geschmackliche Highlights, Produkte, Services und Workshops zum Riechen, Schmecken und Mitmachen. Rund 300 Konferenzen bieten eine Plattform f\u00fcr den internationalen Dialog zwischen Fachleuten und politischen Akteuren. Politischer H\u00f6hepunkt ist das 17. Global Forum for Food and Agriculture (GFFA) vom 15. bis 18. Januar.<\/p>\n\n\n\n<p>\u201eDie Gr\u00fcne Woche spiegelt die Vielfalt und Schubkraft der Landwirtschafts- und Ern\u00e4hrungsbranche wider, die jeden von uns t\u00e4glich betrifft\u201c, sagt Dr. Mario Tobias, Vorsitzender der Gesch\u00e4ftsf\u00fchrung der Messe Berlin GmbH. \u201eMit ihren hochaktuellen Themen, interaktiven Angeboten und internationalen Perspektiven begeistert sie alle Generationen und bleibt zugleich ein Ort f\u00fcr wichtige Debatten. Diese einzigartige Mischung macht die Gr\u00fcne Woche zu einem Highlight \u2013 in Berlin, Deutschland und weit dar\u00fcber hinaus.\u201c<\/p>\n\n\n\n<p>Politischer Place to be<\/p>\n\n\n\n<p>Rund 300 Veranstaltungen informieren \u00fcber Herausforderungen in der Land- und Ern\u00e4hrungswirtschaft und innovative L\u00f6sungsans\u00e4tze. Im Mittelpunkt von Fachvortr\u00e4gen, Panels und Seminaren stehen Themen wie Ern\u00e4hrungssicherheit, stabile Lieferketten, nachhaltige Landwirtschaft, alternative Kraftstoffe oder L\u00e4ndliche R\u00e4ume. Politischer H\u00f6hepunkt ist das 17. Global Forum for Food and Agriculture (GFFA) vom 15. bis 18. Januar. Mehr als 2.000 Expertinnen und Experten aus Politik, Wirtschaft, Wissenschaft und Zivilgesellschaft tauschen sich im CityCube Berlin aus. Mit dabei ist auch Christophe Hansen, der auf der Gr\u00fcnen Woche seine ersten \u00f6ffentlichen Auftritte als EU-Kommissar f\u00fcr Landwirtschaft und Ern\u00e4hrung wahrnimmt. Die Agrarministerkonferenz mit rund 70 Agrarministerinnen und -ministern aus aller Welt bildet am 18. Januar den Abschluss des GFFA. Gastgeber ist das Bundesministerium f\u00fcr Ern\u00e4hrung und Landwirtschaft (BMEL).<\/p>\n\n\n\n<p>Mehr Information:<\/p>\n\n\n\n<figure class=\"wp-block-embed\"><div class=\"wp-block-embed__wrapper\">\nhttps:\/\/www.gruenewoche.de\/de\/presse\/pressemitteilungen\/news_14208.html\n<\/div><\/figure>\n\n\n\n<p>Quelle und Foto: Gr\u00fcne Woche \u2013 Messe Berlin<\/p>\n","protected":false},"excerpt":{"rendered":"<p>Die Gr\u00fcne Woche 2025 \u00f6ffnet in Berlin vom 17.\u201326. Januar. 1.500 Aussteller aus 60 L\u00e4ndern zeigen kulinarische Highlights,<\/p>\n","protected":false},"author":1,"featured_media":2767,"comment_status":"closed","ping_status":"closed","sticky":false,"template":"","format":"standard","meta":{"footnotes":""},"categories":[34],"tags":[],"class_list":["post-2766","post","type-post","status-publish","format-standard","has-post-thumbnail","hentry","category-allgemein"],"featured_image_urls":{"full":["https:\/\/agronoticias.es\/de\/wp-content\/uploads\/2025\/01\/Grune-Woche-2025-scaled.jpg",2560,1703,false],"thumbnail":["https:\/\/agronoticias.es\/de\/wp-content\/uploads\/2025\/01\/Grune-Woche-2025-150x150.jpg",150,150,true],"medium":["https:\/\/agronoticias.es\/de\/wp-content\/uploads\/2025\/01\/Grune-Woche-2025-300x200.jpg",300,200,true],"medium_large":["https:\/\/agronoticias.es\/de\/wp-content\/uploads\/2025\/01\/Grune-Woche-2025-768x511.jpg",640,426,true],"large":["https:\/\/agronoticias.es\/de\/wp-content\/uploads\/2025\/01\/Grune-Woche-2025-1024x681.jpg",640,426,true],"1536x1536":["https:\/\/agronoticias.es\/de\/wp-content\/uploads\/2025\/01\/Grune-Woche-2025-1536x1022.jpg",1536,1022,true],"2048x2048":["https:\/\/agronoticias.es\/de\/wp-content\/uploads\/2025\/01\/Grune-Woche-2025-2048x1362.jpg",2048,1362,true],"morenews-large":["https:\/\/agronoticias.es\/de\/wp-content\/uploads\/2025\/01\/Grune-Woche-2025-825x575.jpg",825,575,true],"morenews-medium":["https:\/\/agronoticias.es\/de\/wp-content\/uploads\/2025\/01\/Grune-Woche-2025-590x410.jpg",590,410,true]},"author_info":{"display_name":"admin","author_link":"https:\/\/agronoticias.es\/de\/author\/admin\/"},"category_info":"<a href=\"https:\/\/agronoticias.es\/de\/category\/allgemein\/\" rel=\"category tag\">Allgemein<\/a>","tag_info":"Allgemein","comment_count":"0","_links":{"self":[{"href":"https:\/\/agronoticias.es\/de\/wp-json\/wp\/v2\/posts\/2766","targetHints":{"allow":["GET"]}}],"collection":[{"href":"https:\/\/agronoticias.es\/de\/wp-json\/wp\/v2\/posts"}],"about":[{"href":"https:\/\/agronoticias.es\/de\/wp-json\/wp\/v2\/types\/post"}],"author":[{"embeddable":true,"href":"https:\/\/agronoticias.es\/de\/wp-json\/wp\/v2\/users\/1"}],"replies":[{"embeddable":true,"href":"https:\/\/agronoticias.es\/de\/wp-json\/wp\/v2\/comments?post=2766"}],"version-history":[{"count":1,"href":"https:\/\/agronoticias.es\/de\/wp-json\/wp\/v2\/posts\/2766\/revisions"}],"predecessor-version":[{"id":2768,"href":"https:\/\/agronoticias.es\/de\/wp-json\/wp\/v2\/posts\/2766\/revisions\/2768"}],"wp:featuredmedia":[{"embeddable":true,"href":"https:\/\/agronoticias.es\/de\/wp-json\/wp\/v2\/media\/2767"}],"wp:attachment":[{"href":"https:\/\/agronoticias.es\/de\/wp-json\/wp\/v2\/media?parent=2766"}],"wp:term":[{"taxonomy":"category","embeddable":true,"href":"https:\/\/agronoticias.es\/de\/wp-json\/wp\/v2\/categories?post=2766"},{"taxonomy":"post_tag","embeddable":true,"href":"https:\/\/agronoticias.es\/de\/wp-json\/wp\/v2\/tags?post=2766"}],"curies":[{"name":"wp","href":"https:\/\/api.w.org\/{rel}","templated":true}]}}