{"id":2754,"date":"2025-01-14T10:02:38","date_gmt":"2025-01-14T09:02:38","guid":{"rendered":"https:\/\/agronoticias.es\/de\/?p=2754"},"modified":"2025-01-14T10:02:41","modified_gmt":"2025-01-14T09:02:41","slug":"spanien-mandelproduktion-saison-24-25-hat-sich-wieder-erholt","status":"publish","type":"post","link":"https:\/\/agronoticias.es\/de\/spanien-mandelproduktion-saison-24-25-hat-sich-wieder-erholt\/","title":{"rendered":"Spanien: Mandelproduktion Saison 24\/25 hat sich wieder erholt"},"content":{"rendered":"\n<p> Die spanische Mandelproduktion wird nach Information der Agrarorganisation Asaja M\u00e1laga in der Kampagne 24\/25 insgesamt 373.558 t erreichen. Das bedeutet eine deutliche Erholung von +17,5% im Vergleich zur vorherigen Saison und 9,1 % \u00fcber dem Durchschnitt der letzten f\u00fcnf Kampagnen (19-23) . Spanien ist weltweit der zweitgr\u00f6\u00dfte Mandelproduzent.<\/p>\n\n\n\n<p>Die Daten zeigen, dass sich die Mandelproduktion, die in den zwei vergangenen Kampagnen durch Frost und Trockenheit stark beeintr\u00e4chtigt war, wieder erholt hat. Allerdings gilt das nicht f\u00fcr alle spanischen Anbaugebiete. W\u00e4hrend in Aragon und Kastilien-La Mancha die Ernte um 38 % bzw. 49 % \u00fcber dem Durchschnitt der letzten f\u00fcnf Kampagnen liegt, sind in anderen Regionen wie Valencia und Murcia aufgrund der fehlenden Niederschl\u00e4ge R\u00fcckg\u00e4nge von mehr als 35 % zu verzeichnen.<\/p>\n\n\n\n<p>Bei dem Treffen mit dem Sektor wurde auch die Bilanz der letzten Saison analysiert, sowohl in Bezug auf Produktion, als auch Fl\u00e4che, Export und Konsum der Haushalte. Der Nuss- und Mandelsektor weist bei Kulturen wie Mandeln, Pistazien und Waln\u00fcssen ein erhebliches Wachstumspotenzial auf, wobei der Anteil der noch nicht produzierenden Pflanzungen sehr hoch ist: 15,5 % der Gesamtanbaufl\u00e4che bei Mandeln, 63 % bei Pistazien und 20,3 % bei Waln\u00fcssen.<\/p>\n\n\n\n<p>Mandeln machen 90 % des gesamten Umsatzes von nationalen N\u00fcssen und Mandeln aus und weisen einen positiven Saldo von 188 Mio Euro auf. Das ist mehr als doppelt soviel wie in der vergangenen Saison und 35 % mehr als im Durchschnitt der letzten f\u00fcnf Kampagnen. In der Saison 23\/24 stiegen die Mandelexporte um 6,3 % im Vergleich zu 22\/23 , w\u00e4hrend die Importe um 17 % zur\u00fcckgingen.<\/p>\n\n\n\n<p>Hauptabsatzmarkt f\u00fcr spanische Mandeln ist die EU, wo sie einen Marktanteil von 23 % erreichen und direkt hinter den USA liegen. In der Saison 23\/24 hat sich der Export in die EU sehr positiv entwickelt und ein Mengenwachstum von 14 % und Umsatzplus von 6,7 % erreicht.<\/p>\n\n\n\n<p>W\u00e4hrend des Treffens ging es auch um die spanische Produktion von N\u00fcssen und Mandeln. So wurde zum Beispiel die \u00f6kologische Anbaufl\u00e4che analysiert, die ein Drittel der gesamten Anbaufl\u00e4che ausmacht, wovon 82 % auf Mandeln und 12,3 % auf Pistazien entfallen.<\/p>\n\n\n\n<p>Weiter informierte Asaja M\u00e1lga, dass ab dem 1. Januar 2025 die Angabe des Herkunftslandes auf dem Etikett unverarbeiteter Mandeln obligatorisch ist, was es den Spaniern erm\u00f6glich, ihre Produktion zu differenzieren. Asaja M\u00e1laga<\/p>\n","protected":false},"excerpt":{"rendered":"<p>Die spanische Mandelproduktion wird nach Information der Agrarorganisation Asaja M\u00e1laga in der Kampagne 24\/25 insgesamt 373.558 t erreichen.<\/p>\n","protected":false},"author":1,"featured_media":2632,"comment_status":"closed","ping_status":"closed","sticky":false,"template":"","format":"standard","meta":{"footnotes":""},"categories":[34],"tags":[],"class_list":["post-2754","post","type-post","status-publish","format-standard","has-post-thumbnail","hentry","category-allgemein"],"featured_image_urls":{"full":["https:\/\/agronoticias.es\/de\/wp-content\/uploads\/2024\/10\/almendras-8-20-1024x512-1.jpg",1024,512,false],"thumbnail":["https:\/\/agronoticias.es\/de\/wp-content\/uploads\/2024\/10\/almendras-8-20-1024x512-1-150x150.jpg",150,150,true],"medium":["https:\/\/agronoticias.es\/de\/wp-content\/uploads\/2024\/10\/almendras-8-20-1024x512-1-300x150.jpg",300,150,true],"medium_large":["https:\/\/agronoticias.es\/de\/wp-content\/uploads\/2024\/10\/almendras-8-20-1024x512-1-768x384.jpg",640,320,true],"large":["https:\/\/agronoticias.es\/de\/wp-content\/uploads\/2024\/10\/almendras-8-20-1024x512-1.jpg",640,320,false],"1536x1536":["https:\/\/agronoticias.es\/de\/wp-content\/uploads\/2024\/10\/almendras-8-20-1024x512-1.jpg",1024,512,false],"2048x2048":["https:\/\/agronoticias.es\/de\/wp-content\/uploads\/2024\/10\/almendras-8-20-1024x512-1.jpg",1024,512,false],"morenews-large":["https:\/\/agronoticias.es\/de\/wp-content\/uploads\/2024\/10\/almendras-8-20-1024x512-1-825x512.jpg",825,512,true],"morenews-medium":["https:\/\/agronoticias.es\/de\/wp-content\/uploads\/2024\/10\/almendras-8-20-1024x512-1-590x410.jpg",590,410,true]},"author_info":{"display_name":"admin","author_link":"https:\/\/agronoticias.es\/de\/author\/admin\/"},"category_info":"<a href=\"https:\/\/agronoticias.es\/de\/category\/allgemein\/\" rel=\"category tag\">Allgemein<\/a>","tag_info":"Allgemein","comment_count":"0","_links":{"self":[{"href":"https:\/\/agronoticias.es\/de\/wp-json\/wp\/v2\/posts\/2754","targetHints":{"allow":["GET"]}}],"collection":[{"href":"https:\/\/agronoticias.es\/de\/wp-json\/wp\/v2\/posts"}],"about":[{"href":"https:\/\/agronoticias.es\/de\/wp-json\/wp\/v2\/types\/post"}],"author":[{"embeddable":true,"href":"https:\/\/agronoticias.es\/de\/wp-json\/wp\/v2\/users\/1"}],"replies":[{"embeddable":true,"href":"https:\/\/agronoticias.es\/de\/wp-json\/wp\/v2\/comments?post=2754"}],"version-history":[{"count":1,"href":"https:\/\/agronoticias.es\/de\/wp-json\/wp\/v2\/posts\/2754\/revisions"}],"predecessor-version":[{"id":2755,"href":"https:\/\/agronoticias.es\/de\/wp-json\/wp\/v2\/posts\/2754\/revisions\/2755"}],"wp:featuredmedia":[{"embeddable":true,"href":"https:\/\/agronoticias.es\/de\/wp-json\/wp\/v2\/media\/2632"}],"wp:attachment":[{"href":"https:\/\/agronoticias.es\/de\/wp-json\/wp\/v2\/media?parent=2754"}],"wp:term":[{"taxonomy":"category","embeddable":true,"href":"https:\/\/agronoticias.es\/de\/wp-json\/wp\/v2\/categories?post=2754"},{"taxonomy":"post_tag","embeddable":true,"href":"https:\/\/agronoticias.es\/de\/wp-json\/wp\/v2\/tags?post=2754"}],"curies":[{"name":"wp","href":"https:\/\/api.w.org\/{rel}","templated":true}]}}