{"id":2751,"date":"2025-01-14T10:01:03","date_gmt":"2025-01-14T09:01:03","guid":{"rendered":"https:\/\/agronoticias.es\/de\/?p=2751"},"modified":"2025-01-14T10:01:05","modified_gmt":"2025-01-14T09:01:05","slug":"proexport-auf-der-fruit-logistica-um-og-absatz-von-made-in-spain-zu-fordern","status":"publish","type":"post","link":"https:\/\/agronoticias.es\/de\/proexport-auf-der-fruit-logistica-um-og-absatz-von-made-in-spain-zu-fordern\/","title":{"rendered":"Proexport auf der FRUIT LOGISTICA um O+G-Absatz von \u201cmade in Spain\u201c zu f\u00f6rdern"},"content":{"rendered":"\n<p>Vom 5. bis 7. Februar nehmen der Verband der Obst- und Gem\u00fcseerzeuger und -exporteure der Region Murcia (Proexport) und die ihm angeschlossenen Unternehmen an der FRUIT LOGISTICA in Berlin teil.<br><br>Diese Veranstaltung ist der wichtigste Treffpunkt in der Mitte der Wintersaison f\u00fcr die Obst- und Gem\u00fcseunternehmen aus Murcia, die mit dem Ziel kommen, \u201cmit den Superm\u00e4rkten, Gro\u00dfh\u00e4ndlern, Importeuren und Lebensmittelverarbeitern zu sprechen, ihnen zuzuh\u00f6ren und auf ihre Bed\u00fcrfnisse einzugehen, die uns Jahr f\u00fcr Jahr so viel Vertrauen in die Erzeuger aus der Region Murcia und dem S\u00fcdosten Spaniens entgegenbringen\u201d, so Mariano Zapata, der Pr\u00e4sident der Organisation.<br><br>Proexport wird auf der Gemeinschaftsfl\u00e4che der Region Murcia in der Halle 18 (Spanien) der deutschen Messe vertreten sein, wo auch die angeschlossenen Unternehmen untergebracht sind: Agr\u00edcola Santa Eulalia; Agridemur Marketing; Agrodolores El Mirador; Cricket; Fruveg Sdad. Coop; G\u2019s Espa\u00f1a Holdings; Hortofortini Espa\u00f1a; Kettle Produce Espa\u00f1a; Mercagrisa; SAT 9359 Bonnysa; SAT 9895 Primaflor; Procomel; Sol y Tierra Campo de Cartagena; Verdimed und Tana.<br><br>Weitere assoziierte Hersteller, die auf der Messe ausstellen, sind Grupo Hortofrut\u00edcola Paloma, Difrusa Export und Fruca Marketing in Halle 11.2, Agromark in Halle 10.2, Agrar Systems in Halle 20 und OP Looije in Halle 3.2.<br><br>Sie alle bringen ihre Verkaufsteams und Manager zur Messe mit, um hochrangige Gespr\u00e4che und direkte Verhandlungen mit Eink\u00e4ufern zu f\u00fchren sowie um Trends und neue Gesch\u00e4ftsm\u00f6glichkeiten zu erkunden.<\/p>\n","protected":false},"excerpt":{"rendered":"<p>Vom 5. bis 7. Februar nehmen der Verband der Obst- und Gem\u00fcseerzeuger und -exporteure der Region Murcia (Proexport)<\/p>\n","protected":false},"author":1,"featured_media":2752,"comment_status":"closed","ping_status":"closed","sticky":false,"template":"","format":"standard","meta":{"footnotes":""},"categories":[34],"tags":[],"class_list":["post-2751","post","type-post","status-publish","format-standard","has-post-thumbnail","hentry","category-allgemein"],"featured_image_urls":{"full":["https:\/\/agronoticias.es\/de\/wp-content\/uploads\/2025\/01\/proexportfl25.jpg",1000,666,false],"thumbnail":["https:\/\/agronoticias.es\/de\/wp-content\/uploads\/2025\/01\/proexportfl25-150x150.jpg",150,150,true],"medium":["https:\/\/agronoticias.es\/de\/wp-content\/uploads\/2025\/01\/proexportfl25-300x200.jpg",300,200,true],"medium_large":["https:\/\/agronoticias.es\/de\/wp-content\/uploads\/2025\/01\/proexportfl25-768x511.jpg",640,426,true],"large":["https:\/\/agronoticias.es\/de\/wp-content\/uploads\/2025\/01\/proexportfl25.jpg",640,426,false],"1536x1536":["https:\/\/agronoticias.es\/de\/wp-content\/uploads\/2025\/01\/proexportfl25.jpg",1000,666,false],"2048x2048":["https:\/\/agronoticias.es\/de\/wp-content\/uploads\/2025\/01\/proexportfl25.jpg",1000,666,false],"morenews-large":["https:\/\/agronoticias.es\/de\/wp-content\/uploads\/2025\/01\/proexportfl25-825x575.jpg",825,575,true],"morenews-medium":["https:\/\/agronoticias.es\/de\/wp-content\/uploads\/2025\/01\/proexportfl25-590x410.jpg",590,410,true]},"author_info":{"display_name":"admin","author_link":"https:\/\/agronoticias.es\/de\/author\/admin\/"},"category_info":"<a href=\"https:\/\/agronoticias.es\/de\/category\/allgemein\/\" rel=\"category tag\">Allgemein<\/a>","tag_info":"Allgemein","comment_count":"0","_links":{"self":[{"href":"https:\/\/agronoticias.es\/de\/wp-json\/wp\/v2\/posts\/2751","targetHints":{"allow":["GET"]}}],"collection":[{"href":"https:\/\/agronoticias.es\/de\/wp-json\/wp\/v2\/posts"}],"about":[{"href":"https:\/\/agronoticias.es\/de\/wp-json\/wp\/v2\/types\/post"}],"author":[{"embeddable":true,"href":"https:\/\/agronoticias.es\/de\/wp-json\/wp\/v2\/users\/1"}],"replies":[{"embeddable":true,"href":"https:\/\/agronoticias.es\/de\/wp-json\/wp\/v2\/comments?post=2751"}],"version-history":[{"count":1,"href":"https:\/\/agronoticias.es\/de\/wp-json\/wp\/v2\/posts\/2751\/revisions"}],"predecessor-version":[{"id":2753,"href":"https:\/\/agronoticias.es\/de\/wp-json\/wp\/v2\/posts\/2751\/revisions\/2753"}],"wp:featuredmedia":[{"embeddable":true,"href":"https:\/\/agronoticias.es\/de\/wp-json\/wp\/v2\/media\/2752"}],"wp:attachment":[{"href":"https:\/\/agronoticias.es\/de\/wp-json\/wp\/v2\/media?parent=2751"}],"wp:term":[{"taxonomy":"category","embeddable":true,"href":"https:\/\/agronoticias.es\/de\/wp-json\/wp\/v2\/categories?post=2751"},{"taxonomy":"post_tag","embeddable":true,"href":"https:\/\/agronoticias.es\/de\/wp-json\/wp\/v2\/tags?post=2751"}],"curies":[{"name":"wp","href":"https:\/\/api.w.org\/{rel}","templated":true}]}}