{"id":2726,"date":"2024-12-19T16:00:20","date_gmt":"2024-12-19T15:00:20","guid":{"rendered":"https:\/\/agronoticias.es\/de\/?p=2726"},"modified":"2024-12-26T07:17:57","modified_gmt":"2024-12-26T06:17:57","slug":"fepex-versammlung-wahlt-cecilio-peregrin-gonzalez-zum-neuen-prasidenten","status":"publish","type":"post","link":"https:\/\/agronoticias.es\/de\/fepex-versammlung-wahlt-cecilio-peregrin-gonzalez-zum-neuen-prasidenten\/","title":{"rendered":"FEPEX-Versammlung w\u00e4hlt Cecilio Peregr\u00edn Gonz\u00e1lez zum \u00a0neuen Pr\u00e4sidenten"},"content":{"rendered":"\n<p><\/p>\n\n\n\n<p>FEPEX, spanische Federation der &nbsp;Verb\u00e4nde der Produzenten und Exporteure f\u00fcr Obst und Gem\u00fcse, &nbsp;Blumen und Pflanzen hat auf ihrer Generalversammlung in Madrid, an der Repr\u00e4sentanten der 30 Mitgliedsverb\u00e4nde teilnahmen den bisherigen Vizepr\u00e4sidenten Cecilio Peregrin Gonz\u00e1lez zum Pr\u00e4sidenten gew\u00e4hlt. Er tritt die Nachfolge von Jorge F. Brot\u00f3ns Campillo an, der dieses Amt seit 2006 innehatte. Als Vizepr\u00e4sident f\u00fcr den Obstsektor wurde Joan Serentill gew\u00e4hlt und f\u00fcr den Blumen- und Pflanzensektor Jos\u00e9 Vicente Almudever.<\/p>\n\n\n\n<p>Cecilio Peregr\u00edn wurde 1961 in \u00c1guilas, Murcia, geboren. Der Agrar-Unternehmer, verheiratet und Vater von drei Kindern, verf\u00fcgt \u00fcber mehr als 40 Jahre Erfahrung im Obst- und Gem\u00fcsesektor. Seit 1989 ist er beruflich mit dem Familienunternehmen Primaflor verbunden, das sich zun\u00e4chst auf die Produktion von Blumen konzentrierte und heute eine Referenz im Bereich Salat und Convenienceprodukte ist. Aktuell ist er Direktor des Unternehmens.&nbsp; Auf Ebene des O+G-Sektors und der Verb\u00e4nde ist er Vorstandsmitglied der Verb\u00e4nde Coexphal (Almeria) und Proexport (Murcia) sowie Pr\u00e4sident des Unternehmerverbands von Almeria (Asempal) und Vorsitzender des Salatausschusses der FEPEX, wo er auch das Amt des Vizepr\u00e4sidenten innehatte.<\/p>\n\n\n\n<p>Nach seiner Ernennung erkl\u00e4rte Peregr\u00edn: \u201eIch \u00fcbernehme die Pr\u00e4sidentschaft von FEPEX mit Bescheidenheit und einem Gef\u00fchl der Verantwortung und des Respekts f\u00fcr meine Mitarbeiter, denen ich f\u00fcr das Vertrauen danken m\u00f6chte, das sie in mich gesetzt haben. Jetzt&nbsp; m\u00fcssen wir gemeinsam, d.h. der gesamte Sektor, weiterarbeiten und nach Wegen suchen, um die Wasserknappheit, die wir haben, und andere wichtige Probleme, wie fehlende&nbsp; Arbeitskr\u00e4fte und die nicht ausreichende Produktivit\u00e4t in unseren Unternehmen, zu l\u00f6sen.\u201c Fepex\/ds<\/p>\n","protected":false},"excerpt":{"rendered":"<p>FEPEX, spanische Federation der &nbsp;Verb\u00e4nde der Produzenten und Exporteure f\u00fcr Obst und Gem\u00fcse, &nbsp;Blumen und Pflanzen hat auf<\/p>\n","protected":false},"author":1,"featured_media":2727,"comment_status":"closed","ping_status":"closed","sticky":false,"template":"","format":"standard","meta":{"footnotes":""},"categories":[34],"tags":[],"class_list":["post-2726","post","type-post","status-publish","format-standard","has-post-thumbnail","hentry","category-allgemein"],"featured_image_urls":{"full":["https:\/\/agronoticias.es\/de\/wp-content\/uploads\/2024\/12\/cecilio-peregrin-presidente-Fepex.jpg",1058,693,false],"thumbnail":["https:\/\/agronoticias.es\/de\/wp-content\/uploads\/2024\/12\/cecilio-peregrin-presidente-Fepex-150x150.jpg",150,150,true],"medium":["https:\/\/agronoticias.es\/de\/wp-content\/uploads\/2024\/12\/cecilio-peregrin-presidente-Fepex-300x197.jpg",300,197,true],"medium_large":["https:\/\/agronoticias.es\/de\/wp-content\/uploads\/2024\/12\/cecilio-peregrin-presidente-Fepex-768x503.jpg",640,419,true],"large":["https:\/\/agronoticias.es\/de\/wp-content\/uploads\/2024\/12\/cecilio-peregrin-presidente-Fepex-1024x671.jpg",640,419,true],"1536x1536":["https:\/\/agronoticias.es\/de\/wp-content\/uploads\/2024\/12\/cecilio-peregrin-presidente-Fepex.jpg",1058,693,false],"2048x2048":["https:\/\/agronoticias.es\/de\/wp-content\/uploads\/2024\/12\/cecilio-peregrin-presidente-Fepex.jpg",1058,693,false],"morenews-large":["https:\/\/agronoticias.es\/de\/wp-content\/uploads\/2024\/12\/cecilio-peregrin-presidente-Fepex-825x575.jpg",825,575,true],"morenews-medium":["https:\/\/agronoticias.es\/de\/wp-content\/uploads\/2024\/12\/cecilio-peregrin-presidente-Fepex-590x410.jpg",590,410,true]},"author_info":{"display_name":"admin","author_link":"https:\/\/agronoticias.es\/de\/author\/admin\/"},"category_info":"<a href=\"https:\/\/agronoticias.es\/de\/category\/allgemein\/\" rel=\"category tag\">Allgemein<\/a>","tag_info":"Allgemein","comment_count":"0","_links":{"self":[{"href":"https:\/\/agronoticias.es\/de\/wp-json\/wp\/v2\/posts\/2726","targetHints":{"allow":["GET"]}}],"collection":[{"href":"https:\/\/agronoticias.es\/de\/wp-json\/wp\/v2\/posts"}],"about":[{"href":"https:\/\/agronoticias.es\/de\/wp-json\/wp\/v2\/types\/post"}],"author":[{"embeddable":true,"href":"https:\/\/agronoticias.es\/de\/wp-json\/wp\/v2\/users\/1"}],"replies":[{"embeddable":true,"href":"https:\/\/agronoticias.es\/de\/wp-json\/wp\/v2\/comments?post=2726"}],"version-history":[{"count":1,"href":"https:\/\/agronoticias.es\/de\/wp-json\/wp\/v2\/posts\/2726\/revisions"}],"predecessor-version":[{"id":2728,"href":"https:\/\/agronoticias.es\/de\/wp-json\/wp\/v2\/posts\/2726\/revisions\/2728"}],"wp:featuredmedia":[{"embeddable":true,"href":"https:\/\/agronoticias.es\/de\/wp-json\/wp\/v2\/media\/2727"}],"wp:attachment":[{"href":"https:\/\/agronoticias.es\/de\/wp-json\/wp\/v2\/media?parent=2726"}],"wp:term":[{"taxonomy":"category","embeddable":true,"href":"https:\/\/agronoticias.es\/de\/wp-json\/wp\/v2\/categories?post=2726"},{"taxonomy":"post_tag","embeddable":true,"href":"https:\/\/agronoticias.es\/de\/wp-json\/wp\/v2\/tags?post=2726"}],"curies":[{"name":"wp","href":"https:\/\/api.w.org\/{rel}","templated":true}]}}