{"id":2709,"date":"2024-12-09T13:21:39","date_gmt":"2024-12-09T12:21:39","guid":{"rendered":"https:\/\/agronoticias.es\/de\/?p=2709"},"modified":"2024-12-09T13:21:42","modified_gmt":"2024-12-09T12:21:42","slug":"huelva-anbauflache-fur-beerenobst-um-4-gestiegen","status":"publish","type":"post","link":"https:\/\/agronoticias.es\/de\/huelva-anbauflache-fur-beerenobst-um-4-gestiegen\/","title":{"rendered":"Huelva: Anbaufl\u00e4che f\u00fcr Beerenobst um 4 % gestiegen"},"content":{"rendered":"\n<p>Freshuelva, Verband der Erdbeerproduzenten- und exporteure von Huelva, hat die Sch\u00e4tzung der bepflanzten Anbaufl\u00e4che f\u00fcr die Saison 2025 ver\u00f6ffentlicht. Demzufolge ist sie im Vergleich zur Kampagne 2024 um 4 % gestiegen. Der Zuwachs ist auf die Erholung bei Himbeeren, die Konsolidierung von Brombeeren und Heidelbeeren sowie auf eine leichte<br>Zunahme bei Erdbeeren zur\u00fcckzuf\u00fchren.<\/p>\n\n\n\n<p>Die Anbaufl\u00e4che f\u00fcr Erdbeeren liegt bei 6.432 ha (+2 %). Dieses Wachstum wurde jedoch von Herausforderungen begleitet, wie bspw. dem Problem der Bodendesinfektion in den Baumschulen, was zu einer hohen Pflanzensterblichkeit nach der ersten Anpflanzung gef\u00fchrt hat. Aus diesem Grund mussten zwischen 15 % und 20 % der Kulturen neu gesetzt werden, was sich in einigen F\u00e4llen bis Ende November hingezogen hat. Obwohl diese Schwierigkeiten h\u00f6here Kosten und eine m\u00f6gliche Verz\u00f6gerung der Fruchtreife bedeuten, haben die j\u00fcngsten Regenf\u00e4lle die Entwicklung der Kulturen beg\u00fcnstigt.<\/p>\n\n\n\n<p>Die Anbaufl\u00e4che f\u00fcr Himbeeren verzeichnet mit 1.930 ha ein Wachstum von 9,5 %, was nach zwei r\u00fcckl\u00e4ufigen Kampagnen eine Erholung auf das Niveau von 2022 bedeutet. Diese Kultur, die sich durch ihre Sortenvielfalt auszeichnet, kann sowohl im Herbst als auch im Fr\u00fchjahr geerntet werden, was ihre Rentabilit\u00e4t und Marktpr\u00e4senz maximiert.<\/p>\n\n\n\n<p>Bei Brombeeren gibt es mit 168 ha (+ 18 %) das h\u00f6chste Wachstum. Das ist auf die Einf\u00fchrung neuer Sorten zur\u00fcckzuf\u00fchren, die sich auf dem europ\u00e4ischen und nationalen Markt gro\u00dfer Beliebtheit erfreuen und diese Kultur zu einer zunehmenden Option machen.<\/p>\n\n\n\n<p>Heidelbeeren festigen mit einem Wachstum von 4 % ihre Position als zweitwichtigste Beerenfrucht in der Provinz Huelva und werden auf 3.744 ha angebaut. Durch Sorten-Diversifizierung kann die Ernte bereits im Dezember beginnen, was sie gegen\u00fcber der s\u00fcdamerikanischen Produktion wettbewerbsf\u00e4higer macht und ihre Pr\u00e4senz auf den aufstrebenden europ\u00e4ischen M\u00e4rkten erh\u00f6ht. Heidelbeeren stehen jedoch einer steigenden Konkurrenz aus Drittl\u00e4ndern gegen\u00fcber, insbesondere bei der Fr\u00fchjahrsproduktion.<\/p>\n\n\n\n<p> Freshuelva erkl\u00e4rte: \u201eDie allgemeine Zunahme der Anbaufl\u00e4che ist ein Beweis f\u00fcr die St\u00e4rke des Sektors angesichts der produktiven und kommerziellen Herausforderungen. Sorteninnovationen und Verbesserungen im Agrarmanagement sind der Schl\u00fcssel zum Erhalt der Wettbewerbsf\u00e4higkeit der Beerenfr\u00fcchte aus Huelva auf den nationalen und internationalen M\u00e4rkten. Freshuelva verpflichtet sich, weiterhin mit den Erzeugern und Beh\u00f6rden zusammenzuarbeiten, um die Nachhaltigkeit, Qualit\u00e4t und Exzellenz der Beerenfr\u00fcchte aus Huelva zu gew\u00e4hrleisten und ihre Position als weltweite Referenz in diesem Sektor zu st\u00e4rken.\u201c Freshuelva<\/p>\n","protected":false},"excerpt":{"rendered":"<p>Freshuelva, Verband der Erdbeerproduzenten- und exporteure von Huelva, hat die Sch\u00e4tzung der bepflanzten Anbaufl\u00e4che f\u00fcr die Saison 2025<\/p>\n","protected":false},"author":1,"featured_media":2710,"comment_status":"closed","ping_status":"closed","sticky":false,"template":"","format":"standard","meta":{"footnotes":""},"categories":[34],"tags":[],"class_list":["post-2709","post","type-post","status-publish","format-standard","has-post-thumbnail","hentry","category-allgemein"],"featured_image_urls":{"full":["https:\/\/agronoticias.es\/de\/wp-content\/uploads\/2024\/12\/frambuesa.jpg",500,375,false],"thumbnail":["https:\/\/agronoticias.es\/de\/wp-content\/uploads\/2024\/12\/frambuesa-150x150.jpg",150,150,true],"medium":["https:\/\/agronoticias.es\/de\/wp-content\/uploads\/2024\/12\/frambuesa-300x225.jpg",300,225,true],"medium_large":["https:\/\/agronoticias.es\/de\/wp-content\/uploads\/2024\/12\/frambuesa.jpg",500,375,false],"large":["https:\/\/agronoticias.es\/de\/wp-content\/uploads\/2024\/12\/frambuesa.jpg",500,375,false],"1536x1536":["https:\/\/agronoticias.es\/de\/wp-content\/uploads\/2024\/12\/frambuesa.jpg",500,375,false],"2048x2048":["https:\/\/agronoticias.es\/de\/wp-content\/uploads\/2024\/12\/frambuesa.jpg",500,375,false],"morenews-large":["https:\/\/agronoticias.es\/de\/wp-content\/uploads\/2024\/12\/frambuesa.jpg",500,375,false],"morenews-medium":["https:\/\/agronoticias.es\/de\/wp-content\/uploads\/2024\/12\/frambuesa.jpg",500,375,false]},"author_info":{"display_name":"admin","author_link":"https:\/\/agronoticias.es\/de\/author\/admin\/"},"category_info":"<a href=\"https:\/\/agronoticias.es\/de\/category\/allgemein\/\" rel=\"category tag\">Allgemein<\/a>","tag_info":"Allgemein","comment_count":"0","_links":{"self":[{"href":"https:\/\/agronoticias.es\/de\/wp-json\/wp\/v2\/posts\/2709","targetHints":{"allow":["GET"]}}],"collection":[{"href":"https:\/\/agronoticias.es\/de\/wp-json\/wp\/v2\/posts"}],"about":[{"href":"https:\/\/agronoticias.es\/de\/wp-json\/wp\/v2\/types\/post"}],"author":[{"embeddable":true,"href":"https:\/\/agronoticias.es\/de\/wp-json\/wp\/v2\/users\/1"}],"replies":[{"embeddable":true,"href":"https:\/\/agronoticias.es\/de\/wp-json\/wp\/v2\/comments?post=2709"}],"version-history":[{"count":1,"href":"https:\/\/agronoticias.es\/de\/wp-json\/wp\/v2\/posts\/2709\/revisions"}],"predecessor-version":[{"id":2711,"href":"https:\/\/agronoticias.es\/de\/wp-json\/wp\/v2\/posts\/2709\/revisions\/2711"}],"wp:featuredmedia":[{"embeddable":true,"href":"https:\/\/agronoticias.es\/de\/wp-json\/wp\/v2\/media\/2710"}],"wp:attachment":[{"href":"https:\/\/agronoticias.es\/de\/wp-json\/wp\/v2\/media?parent=2709"}],"wp:term":[{"taxonomy":"category","embeddable":true,"href":"https:\/\/agronoticias.es\/de\/wp-json\/wp\/v2\/categories?post=2709"},{"taxonomy":"post_tag","embeddable":true,"href":"https:\/\/agronoticias.es\/de\/wp-json\/wp\/v2\/tags?post=2709"}],"curies":[{"name":"wp","href":"https:\/\/api.w.org\/{rel}","templated":true}]}}