{"id":2698,"date":"2024-12-03T11:29:06","date_gmt":"2024-12-03T10:29:06","guid":{"rendered":"https:\/\/agronoticias.es\/de\/?p=2698"},"modified":"2024-12-03T11:29:07","modified_gmt":"2024-12-03T10:29:07","slug":"edeka-eroffnet-neues-fruchtkontor-nord-im-hamburger-hafen","status":"publish","type":"post","link":"https:\/\/agronoticias.es\/de\/edeka-eroffnet-neues-fruchtkontor-nord-im-hamburger-hafen\/","title":{"rendered":"EDEKA er\u00f6ffnet neues Fruchtkontor Nord im Hamburger Hafen"},"content":{"rendered":"\n<p><br>Nach nur zweij\u00e4hriger Bauzeit nimmt EDEKA plan\u00adm\u00e4\u00dfig sein neues Fruchtkontor Nord im Hamburger Hafen in Betrieb. Das rund 37.000 Quadratmeter gro\u00dfe Grundst\u00fcck am Kleinen Grasbrook beherbergt neben einem Obst- und Gem\u00fcse-Lager (ca. 15.600 Quadratmeter) auch eine moderne Bananenreiferei mit 50 Reifekammern (ca. 4.800 Quadratmeter) und eine Verpackungsstation (ca. 2.850 Quadratmeter) inklusive Verwaltungs\u00adfl\u00e4chen. Mit einem Investitionsvolumen von mehr als 60 Millionen Euro hat sich Deutschlands f\u00fchrender Lebensmittelh\u00e4ndler damit einmal mehr zum Wirtschaftsstandort Hamburg bekannt.<\/p>\n\n\n\n<p>Millionen-Investition am Tor zur Welt: EDEKA er\u00f6ffnet neues Fruchtkontor Nord im Hamburger Hafen. Im Bild: Markus Mosa (l.) und Dr. Peter Tschentscher<br>Der direkte Zugang zur Elbe ist f\u00fcr EDEKA bei der weltweiten Beschaffung von Lebensmitteln von zentraler Bedeu\u00adtung. Von Hamburg werden die Gro\u00dfhandlungen von EDEKA und Netto Marken-Discount deutschlandweit mit frischem Obst und Gem\u00fcse in bester Genuss\u00adqualit\u00e4t versorgt. Das neu errichtete Fruchtkontor Nord im Hamburger Hafen ersetzt und erweitert ab sofort den bisherigen Standort, der seit Jahrzehnten ebenfalls auf dem Kleinen Gras\u00adbrook gelegen war. Der Erste B\u00fcrgermeister der Freien und Hansestadt Hamburg Dr. Peter Tschentscher betonte die Bedeutung des Projekts f\u00fcr die Hansestadt: \u201eDer Hamburger Hafen ist Deutschlands \u201aTor zur Welt\u2018 und f\u00fcr die Versorgung unserer Unternehmen und der Bev\u00f6lkerung von nationaler Bedeutung. Mit dem neuen Fruchtkontor auf dem Grasbrook investiert der EDEKA-Verbund in ein modernes Importzentrum, um 11.000 Lebensmittelm\u00e4rkte in ganz Deutschland t\u00e4glich mit frischem Obst und Gem\u00fcse zu versorgen. Das ist ein Bekenntnis zum Hamburger Hafen und ein starker Impuls f\u00fcr das Food-Cluster im Norden. Herzlichen Gl\u00fcckwunsch zur Neuer\u00f6ffnung und alles Gute f\u00fcr die Zukunft.\u201c<\/p>\n\n\n\n<p><strong>Nachhaltigkeit und Versorgungssicherheit Hand in Hand<\/strong><br>\u201eDas neue Fruchtkontor unterstreicht unser Engagement f\u00fcr eine zukunftsf\u00e4hige Lebensmittelversorgung. Wir erweitern nicht nur unsere Kapazit\u00e4ten erheblich, sondern setzen gleichzeitig h\u00f6chste Standards in puncto Nachhaltigkeit und Energieeffizienz\u201c, so Markus Mosa, Vorstandsvorsitzender der EDEKA ZENTRALE Stiftung &amp; Co. KG. Denn auch aus \u00f6kologischer Sicht er\u00f6ffnet der im Hafen entstandene Logistik-Komplex neue Perspektiven: Das Geb\u00e4ude wird \u00fcber eine Photovoltaik-Anlage mit ca. 890.000 kWh aus Sonnenenergie versorgt und \u00fcber die Abw\u00e4rme der K\u00e4lteanlage beheizt. Fossile Energietr\u00e4ger wie Erdgas entfallen somit komplett. Parallel dazu erlaubt eine moderne Lade-Infrastruktur umfassende E-Mobilit\u00e4t am Standort. Und mittels einer innovativen Packstation k\u00f6nnen modernste Verpackungsl\u00f6sungen umgesetzt und somit der Materialverbrauch auf ein Minimum reduziert werden.<\/p>\n\n\n\n<p><strong>Investition in den Standort Hamburg<\/strong><br>Der Neubau des Fruchtkontors erm\u00f6glicht es, den j\u00e4hrlichen Warenumschlag von rund 120.000 Paletten auf \u00fcber 240.000 Paletten zu verdoppeln. Das entspricht 8.600 Lastwagen mit Obst und Gem\u00fcse, vor allem Bananen, Ananas, Trauben, Zitrusfr\u00fcchte und Exoten aus aller Welt. In den 50 Reifekammern der neu gebauten Bananenreiferei reifen nun j\u00e4hrlich rund 2,8 Millionen Kartons mit Bananen sowie weitere S\u00fcdfr\u00fcchte wie Mangos und Avocados verzehrfertig heran und werden deutschlandweit an die regionalen Gro\u00dfhandelslager von EDEKA und Netto Marken-Discount geliefert. Insgesamt rund 180 Mitarbeitende sorgen am neuen Standort f\u00fcr die Beschaffung, Qualit\u00e4tssicherung und Kommissionierung der Frischeprodukte. Insgesamt besch\u00e4ftigt der EDEKA-Verbund rund 7.660 Mitarbeitende in Hamburg \u2013 davon allein 3.200 im Lebensmitteleinzelhandel, also in den 127 selbstst\u00e4ndig gef\u00fchrten EDEKA-M\u00e4rkten und den 39 Filialen von Netto Marken-Discount.<\/p>\n\n\n\n<p><strong>Weltweite Beschaffung<\/strong><br>Das EDEKA Fruchtkontor b\u00fcndelt die Beschaffung von Obst &amp; Gem\u00fcse f\u00fcr den gesamten EDEKA-Verbund und betreibt daf\u00fcr insgesamt acht moderne Logistikplattformen und B\u00fcros in Deutschland, den Niederlanden, Spanien und Italien. Anders als im Wettbewerb \u00fcblich, bezieht das EDEKA Fruchtkontor seine Ware nicht \u00fcber Exporteure oder Zwischenh\u00e4ndler, sondern direkt bei den Produzenten aus rund 90 L\u00e4ndern weltweit. Das erntefrische Gem\u00fcse findet auf diese Weise immer den k\u00fcrzesten Weg in die Gro\u00dfhandlungen von EDEKA oder Netto Marken-Discount und von dort in die Frische-Abteilungen der umliegenden M\u00e4rkte.<\/p>\n\n\n\n<p><strong>Zahlen und Fakten \u2013 das neue EDEKA Fruchtkontor Nord:<\/strong><\/p>\n\n\n\n<p>Grundst\u00fccksgr\u00f6\u00dfe (gesamt): ca. 37.000 Quadratmeter<br>Geb\u00e4udegr\u00f6\u00dfe: ca. 23.000 Quadratmeter<br>Lagerfl\u00e4che Fruchtkontor: ca. 15.600 Quadratmeter (inkl. Warenein- und -ausgang, Verpackung, Technik etc.)<br>Fl\u00e4che Bananenreiferei: ca. 4.800 Quadratmeter (inkl. Verwaltungsfl\u00e4chen)<br>Paletten mit Obst &amp; Gem\u00fcse: perspektivisch bis zu 243.000 pro Jahr<br>Reifeanlage: 44 gro\u00dfe und 6 kleine Bananen-Reifekammern (das entspricht etwa 2,8 Millionen Kartons pro Jahr)<br>Mitarbeiter:innen: rund 180 am Standort Hamburg<\/p>\n\n\n\n<p>Quelle und Foto: Edeka<\/p>\n","protected":false},"excerpt":{"rendered":"<p>Nach nur zweij\u00e4hriger Bauzeit nimmt EDEKA plan\u00adm\u00e4\u00dfig sein neues Fruchtkontor Nord im Hamburger Hafen in Betrieb. Das rund<\/p>\n","protected":false},"author":1,"featured_media":2699,"comment_status":"closed","ping_status":"closed","sticky":false,"template":"","format":"standard","meta":{"footnotes":""},"categories":[34],"tags":[],"class_list":["post-2698","post","type-post","status-publish","format-standard","has-post-thumbnail","hentry","category-allgemein"],"featured_image_urls":{"full":["https:\/\/agronoticias.es\/de\/wp-content\/uploads\/2024\/12\/edeka.jpg",1200,800,false],"thumbnail":["https:\/\/agronoticias.es\/de\/wp-content\/uploads\/2024\/12\/edeka-150x150.jpg",150,150,true],"medium":["https:\/\/agronoticias.es\/de\/wp-content\/uploads\/2024\/12\/edeka-300x200.jpg",300,200,true],"medium_large":["https:\/\/agronoticias.es\/de\/wp-content\/uploads\/2024\/12\/edeka-768x512.jpg",640,427,true],"large":["https:\/\/agronoticias.es\/de\/wp-content\/uploads\/2024\/12\/edeka-1024x683.jpg",640,427,true],"1536x1536":["https:\/\/agronoticias.es\/de\/wp-content\/uploads\/2024\/12\/edeka.jpg",1200,800,false],"2048x2048":["https:\/\/agronoticias.es\/de\/wp-content\/uploads\/2024\/12\/edeka.jpg",1200,800,false],"morenews-large":["https:\/\/agronoticias.es\/de\/wp-content\/uploads\/2024\/12\/edeka-825x575.jpg",825,575,true],"morenews-medium":["https:\/\/agronoticias.es\/de\/wp-content\/uploads\/2024\/12\/edeka-590x410.jpg",590,410,true]},"author_info":{"display_name":"admin","author_link":"https:\/\/agronoticias.es\/de\/author\/admin\/"},"category_info":"<a href=\"https:\/\/agronoticias.es\/de\/category\/allgemein\/\" rel=\"category tag\">Allgemein<\/a>","tag_info":"Allgemein","comment_count":"0","_links":{"self":[{"href":"https:\/\/agronoticias.es\/de\/wp-json\/wp\/v2\/posts\/2698","targetHints":{"allow":["GET"]}}],"collection":[{"href":"https:\/\/agronoticias.es\/de\/wp-json\/wp\/v2\/posts"}],"about":[{"href":"https:\/\/agronoticias.es\/de\/wp-json\/wp\/v2\/types\/post"}],"author":[{"embeddable":true,"href":"https:\/\/agronoticias.es\/de\/wp-json\/wp\/v2\/users\/1"}],"replies":[{"embeddable":true,"href":"https:\/\/agronoticias.es\/de\/wp-json\/wp\/v2\/comments?post=2698"}],"version-history":[{"count":1,"href":"https:\/\/agronoticias.es\/de\/wp-json\/wp\/v2\/posts\/2698\/revisions"}],"predecessor-version":[{"id":2700,"href":"https:\/\/agronoticias.es\/de\/wp-json\/wp\/v2\/posts\/2698\/revisions\/2700"}],"wp:featuredmedia":[{"embeddable":true,"href":"https:\/\/agronoticias.es\/de\/wp-json\/wp\/v2\/media\/2699"}],"wp:attachment":[{"href":"https:\/\/agronoticias.es\/de\/wp-json\/wp\/v2\/media?parent=2698"}],"wp:term":[{"taxonomy":"category","embeddable":true,"href":"https:\/\/agronoticias.es\/de\/wp-json\/wp\/v2\/categories?post=2698"},{"taxonomy":"post_tag","embeddable":true,"href":"https:\/\/agronoticias.es\/de\/wp-json\/wp\/v2\/tags?post=2698"}],"curies":[{"name":"wp","href":"https:\/\/api.w.org\/{rel}","templated":true}]}}