{"id":2689,"date":"2024-11-19T15:48:19","date_gmt":"2024-11-19T14:48:19","guid":{"rendered":"https:\/\/agronoticias.es\/de\/?p=2689"},"modified":"2024-11-19T15:48:21","modified_gmt":"2024-11-19T14:48:21","slug":"spanien-weiterhin-positive-entwicklung-der-obst-und-gemuseexporte","status":"publish","type":"post","link":"https:\/\/agronoticias.es\/de\/spanien-weiterhin-positive-entwicklung-der-obst-und-gemuseexporte\/","title":{"rendered":"Spanien: weiterhin positive Entwicklung der Obst-und Gem\u00fcseexporte."},"content":{"rendered":"\n<p> <\/p>\n\n\n\n<p><\/p>\n\n\n\n<p>Die spanischen Exporte von frischem Obst und Gem\u00fcse sind von Januar bis September 2024 im Vergleich zum Vorjahreszeitraum mengenm\u00e4\u00dfig um 9% auf 9 Mio t und wertm\u00e4\u00dfig um 5% auf 13,044 Mrd Euro gestiegen, wovon 7,379 Mrd Euro auf Obst (+9%) und 5,665 Mrd Euro auf Gem\u00fcse (-0,3%) entfielen.<\/p>\n\n\n\n<p>An frischem Obst wurde bis September 24&nbsp; ein Volumen von 5.004.938 t exportiert (+9,5 %) im Wert von 7,379.203 Mrd Euro (+ 9%). Nach Citrus waren die meistausgef\u00fchrten Fr\u00fcchte Steinobst, Wassermelonen, Melonen und Beerenobst. Hervorzuheben das Wachstum bei Steinobst, ausgenommen bei Pflaumen. So erreichten die Nektarinenexporte&nbsp; 317.713 t (+13,5%) und&nbsp; 468 Mio Euro (+11 %) und Paraguayos 200.403 t (+12%) und 309 Mio Euro (+19%).<\/p>\n\n\n\n<p>Die Exporte von Wassermelonen stiegen auf 777.064 t (+16%) und 545 Mio Euro (+10%), Melonen 325.449 t (+6%) und 312,5 Mio Euro und Erdbeeren 252.815 t (+4%) und 773 Mio Euro (+12%).<\/p>\n\n\n\n<p>An Gem\u00fcse wurden von Januar bis September 4.049.716 t (+9%) im Wert von 5,665.366 Mrd Euro ausgef\u00fchrt. Gestiegene Mengen gab es bei den wichtigsten Gem\u00fcseprodukten wie Paprika, Salat, Tomaten und Gurken. Paprika erreichte 55.006 t (+15%) und 1,1 Mio Euro (0,2%), Salat 501.240 t (+5%) und 612 Mio Euro (-3,5%), Tomaten 499.994 t (+19%) und 780 Mio Euro (-10%) und Gurken 429.871 t (+4%) und 587 Mio Euro (-7%).<\/p>\n\n\n\n<p>Im September 24 erreichte der O+G-Export&nbsp; 625.037 t, was einem Anstieg von 5 % im Vergleich zum September 23 entspricht, ein Wachstum, das auch in den vorangegangenen Monaten des Jahres 24 mit Ausnahme des Monats M\u00e4rz zu verzeichnen war.&nbsp; Der Wert der Exporte im September stieg auf 884 Mio Euro, (+15,6%), mit Zuw\u00e4chsen auch in allen Monaten des Jahres, mit Ausnahme von Februar und M\u00e4rz. Daten: spanische Zollgeneraldirektion, bearbeitet von FEPEX.<\/p>\n","protected":false},"excerpt":{"rendered":"<p>Die spanischen Exporte von frischem Obst und Gem\u00fcse sind von Januar bis September 2024 im Vergleich zum Vorjahreszeitraum<\/p>\n","protected":false},"author":1,"featured_media":2690,"comment_status":"closed","ping_status":"closed","sticky":false,"template":"","format":"standard","meta":{"footnotes":""},"categories":[34],"tags":[],"class_list":["post-2689","post","type-post","status-publish","format-standard","has-post-thumbnail","hentry","category-allgemein"],"featured_image_urls":{"full":["https:\/\/agronoticias.es\/de\/wp-content\/uploads\/2024\/11\/paraguayos-1.jpg",2201,1305,false],"thumbnail":["https:\/\/agronoticias.es\/de\/wp-content\/uploads\/2024\/11\/paraguayos-1-150x150.jpg",150,150,true],"medium":["https:\/\/agronoticias.es\/de\/wp-content\/uploads\/2024\/11\/paraguayos-1-300x178.jpg",300,178,true],"medium_large":["https:\/\/agronoticias.es\/de\/wp-content\/uploads\/2024\/11\/paraguayos-1-768x455.jpg",640,379,true],"large":["https:\/\/agronoticias.es\/de\/wp-content\/uploads\/2024\/11\/paraguayos-1-1024x607.jpg",640,379,true],"1536x1536":["https:\/\/agronoticias.es\/de\/wp-content\/uploads\/2024\/11\/paraguayos-1-1536x911.jpg",1536,911,true],"2048x2048":["https:\/\/agronoticias.es\/de\/wp-content\/uploads\/2024\/11\/paraguayos-1-2048x1214.jpg",2048,1214,true],"morenews-large":["https:\/\/agronoticias.es\/de\/wp-content\/uploads\/2024\/11\/paraguayos-1-825x575.jpg",825,575,true],"morenews-medium":["https:\/\/agronoticias.es\/de\/wp-content\/uploads\/2024\/11\/paraguayos-1-590x410.jpg",590,410,true]},"author_info":{"display_name":"admin","author_link":"https:\/\/agronoticias.es\/de\/author\/admin\/"},"category_info":"<a href=\"https:\/\/agronoticias.es\/de\/category\/allgemein\/\" rel=\"category tag\">Allgemein<\/a>","tag_info":"Allgemein","comment_count":"0","_links":{"self":[{"href":"https:\/\/agronoticias.es\/de\/wp-json\/wp\/v2\/posts\/2689","targetHints":{"allow":["GET"]}}],"collection":[{"href":"https:\/\/agronoticias.es\/de\/wp-json\/wp\/v2\/posts"}],"about":[{"href":"https:\/\/agronoticias.es\/de\/wp-json\/wp\/v2\/types\/post"}],"author":[{"embeddable":true,"href":"https:\/\/agronoticias.es\/de\/wp-json\/wp\/v2\/users\/1"}],"replies":[{"embeddable":true,"href":"https:\/\/agronoticias.es\/de\/wp-json\/wp\/v2\/comments?post=2689"}],"version-history":[{"count":1,"href":"https:\/\/agronoticias.es\/de\/wp-json\/wp\/v2\/posts\/2689\/revisions"}],"predecessor-version":[{"id":2691,"href":"https:\/\/agronoticias.es\/de\/wp-json\/wp\/v2\/posts\/2689\/revisions\/2691"}],"wp:featuredmedia":[{"embeddable":true,"href":"https:\/\/agronoticias.es\/de\/wp-json\/wp\/v2\/media\/2690"}],"wp:attachment":[{"href":"https:\/\/agronoticias.es\/de\/wp-json\/wp\/v2\/media?parent=2689"}],"wp:term":[{"taxonomy":"category","embeddable":true,"href":"https:\/\/agronoticias.es\/de\/wp-json\/wp\/v2\/categories?post=2689"},{"taxonomy":"post_tag","embeddable":true,"href":"https:\/\/agronoticias.es\/de\/wp-json\/wp\/v2\/tags?post=2689"}],"curies":[{"name":"wp","href":"https:\/\/api.w.org\/{rel}","templated":true}]}}