{"id":2683,"date":"2024-11-15T12:03:55","date_gmt":"2024-11-15T11:03:55","guid":{"rendered":"https:\/\/agronoticias.es\/de\/?p=2683"},"modified":"2024-11-15T12:03:57","modified_gmt":"2024-11-15T11:03:57","slug":"spanien-malaga-erneutes-unwetter-verursacht-schaden-bei-zitronen-und-avocados","status":"publish","type":"post","link":"https:\/\/agronoticias.es\/de\/spanien-malaga-erneutes-unwetter-verursacht-schaden-bei-zitronen-und-avocados\/","title":{"rendered":"Spanien\/M\u00e1laga \u2013 erneutes Unwetter verursacht Sch\u00e4den bei Zitronen und Avocados"},"content":{"rendered":"\n<p><\/p>\n\n\n\n<p>In KW 46\/24 kam es in Spanien zu einer neuen DANA, von der die Provinz M\u00e1laga besonders betroffen wurde. Die sintflutartigen Regenf\u00e4lle haben dazu gef\u00fchrt, dass Fl\u00fcsse und Schluchten \u00fcber die Ufer getreten sind und es zu zahlreichen \u00dcberschwemmungen und Sch\u00e4den an Infrastrukturen usw. gekommen ist. Informationen von Asaja M\u00e1laga zufolge wird derzeit eine Bestandsaufnahme der Sch\u00e4den durchgef\u00fchrt, die sich zun\u00e4chst auf die l\u00e4ndlichen Gebiete der Axarquia und des Guadalhorce-Tals konzentrieren.<\/p>\n\n\n\n<p>Die \u00dcberschwemmungen durch den Fluss Benamargosa haben Sch\u00e4den an Wasserleitungen, Installationen und Bew\u00e4sserungsanlagen verursacht und verhindern eine kurzfristige Belieferung von Bew\u00e4sserungswasser. Zitronen- und Avocadokulturen haben schwere Verluste erlitten, die noch nicht endg\u00fcltig bewertet werden k\u00f6nnen, w\u00e4hrend entwurzelte B\u00e4ume und die Ansammlung von Schlamm auf den Feldern die Wiederherstellung der B\u00f6den erschwert.<\/p>\n\n\n\n<p>Die Situation in V\u00e9lez-M\u00e1laga ist ebenfalls kompliziert. Das gesamte Gebiet der Vega, das sich von Benamocarra bis zur Flussm\u00fcndung erstreckt, ist an beiden Ufern stark betroffen. Asaja M\u00e1laga: \u201eAvocadoplantagen, die dominierende Kultur in diesem Gebiet, wurden \u00fcberschwemmt, und es besteht die Gefahr von bleibenden Sch\u00e4den. Auch Viehzuchtbetriebe sind von den \u00dcberschwemmungen betroffen, sowie Kohl- und Salatfelder und auch Fl\u00e4chen f\u00fcr die bevorstehende Kartoffelaussaat. Dar\u00fcber hinaus wurden Gebiete am Ende der Vega, insbesondere Carril de la Culebra, vollst\u00e4ndig \u00fcberflutet. Es wird gesch\u00e4tzt, dass mehr als 1.000 ha betroffen sind, wobei einige Gebiete noch bewertet werden m\u00fcssen, einschlie\u00dflich der Verluste bei Agrar- und Viehzuchtbetrieben sowie der Sch\u00e4den an Bew\u00e4sserungsanlagen und Hauptleitungen\u201c.<\/p>\n\n\n\n<p> Auf der anderen Seite ist in Campanillas der Fluss in H\u00f6he von Cupiana \u00fcber die Ufer getreten, mit Niederschl\u00e4gen bis zu 140 l in nur f\u00fcnf Stunden. Davon betroffen sind die Gebiete von C\u00e1rtama, Campanillas und Alhaur\u00edn de la Torre. Quelle und Fotos: Asaja M\u00e1laga<\/p>\n","protected":false},"excerpt":{"rendered":"<p>In KW 46\/24 kam es in Spanien zu einer neuen DANA, von der die Provinz M\u00e1laga besonders betroffen<\/p>\n","protected":false},"author":1,"featured_media":2684,"comment_status":"closed","ping_status":"closed","sticky":false,"template":"","format":"standard","meta":{"footnotes":""},"categories":[34],"tags":[],"class_list":["post-2683","post","type-post","status-publish","format-standard","has-post-thumbnail","hentry","category-allgemein"],"featured_image_urls":{"full":["https:\/\/agronoticias.es\/de\/wp-content\/uploads\/2024\/11\/Avocadoplantage-in-Velez.jpg",1600,900,false],"thumbnail":["https:\/\/agronoticias.es\/de\/wp-content\/uploads\/2024\/11\/Avocadoplantage-in-Velez-150x150.jpg",150,150,true],"medium":["https:\/\/agronoticias.es\/de\/wp-content\/uploads\/2024\/11\/Avocadoplantage-in-Velez-300x169.jpg",300,169,true],"medium_large":["https:\/\/agronoticias.es\/de\/wp-content\/uploads\/2024\/11\/Avocadoplantage-in-Velez-768x432.jpg",640,360,true],"large":["https:\/\/agronoticias.es\/de\/wp-content\/uploads\/2024\/11\/Avocadoplantage-in-Velez-1024x576.jpg",640,360,true],"1536x1536":["https:\/\/agronoticias.es\/de\/wp-content\/uploads\/2024\/11\/Avocadoplantage-in-Velez-1536x864.jpg",1536,864,true],"2048x2048":["https:\/\/agronoticias.es\/de\/wp-content\/uploads\/2024\/11\/Avocadoplantage-in-Velez.jpg",1600,900,false],"morenews-large":["https:\/\/agronoticias.es\/de\/wp-content\/uploads\/2024\/11\/Avocadoplantage-in-Velez-825x575.jpg",825,575,true],"morenews-medium":["https:\/\/agronoticias.es\/de\/wp-content\/uploads\/2024\/11\/Avocadoplantage-in-Velez-590x410.jpg",590,410,true]},"author_info":{"display_name":"admin","author_link":"https:\/\/agronoticias.es\/de\/author\/admin\/"},"category_info":"<a href=\"https:\/\/agronoticias.es\/de\/category\/allgemein\/\" rel=\"category tag\">Allgemein<\/a>","tag_info":"Allgemein","comment_count":"0","_links":{"self":[{"href":"https:\/\/agronoticias.es\/de\/wp-json\/wp\/v2\/posts\/2683","targetHints":{"allow":["GET"]}}],"collection":[{"href":"https:\/\/agronoticias.es\/de\/wp-json\/wp\/v2\/posts"}],"about":[{"href":"https:\/\/agronoticias.es\/de\/wp-json\/wp\/v2\/types\/post"}],"author":[{"embeddable":true,"href":"https:\/\/agronoticias.es\/de\/wp-json\/wp\/v2\/users\/1"}],"replies":[{"embeddable":true,"href":"https:\/\/agronoticias.es\/de\/wp-json\/wp\/v2\/comments?post=2683"}],"version-history":[{"count":1,"href":"https:\/\/agronoticias.es\/de\/wp-json\/wp\/v2\/posts\/2683\/revisions"}],"predecessor-version":[{"id":2685,"href":"https:\/\/agronoticias.es\/de\/wp-json\/wp\/v2\/posts\/2683\/revisions\/2685"}],"wp:featuredmedia":[{"embeddable":true,"href":"https:\/\/agronoticias.es\/de\/wp-json\/wp\/v2\/media\/2684"}],"wp:attachment":[{"href":"https:\/\/agronoticias.es\/de\/wp-json\/wp\/v2\/media?parent=2683"}],"wp:term":[{"taxonomy":"category","embeddable":true,"href":"https:\/\/agronoticias.es\/de\/wp-json\/wp\/v2\/categories?post=2683"},{"taxonomy":"post_tag","embeddable":true,"href":"https:\/\/agronoticias.es\/de\/wp-json\/wp\/v2\/tags?post=2683"}],"curies":[{"name":"wp","href":"https:\/\/api.w.org\/{rel}","templated":true}]}}