{"id":2673,"date":"2024-11-12T15:56:35","date_gmt":"2024-11-12T14:56:35","guid":{"rendered":"https:\/\/agronoticias.es\/de\/?p=2673"},"modified":"2024-11-12T15:56:37","modified_gmt":"2024-11-12T14:56:37","slug":"spanien-citrussaison-belieferung-der-europaischen-markte-garantiert","status":"publish","type":"post","link":"https:\/\/agronoticias.es\/de\/spanien-citrussaison-belieferung-der-europaischen-markte-garantiert\/","title":{"rendered":"Spanien-Citrussaison: Belieferung der europ\u00e4ischen M\u00e4rkte garantiert."},"content":{"rendered":"\n<p> <\/p>\n\n\n\n<p><\/p>\n\n\n\n<p>Durch das historische Unwetter vom 29. Oktober 2024 in der Provinz Valencia, wovon auch Citruskulturen betroffen waren,&nbsp; wurde&nbsp; nach Informationen des Comit\u00e9 de Gesti\u00f3n de C\u00edtricos CGC, die Citrussaison gebremst, weil der Zugang zu den Fincas und der Transport vom Packhaus in die Bestimmungsl\u00e4nder sehr schwierig war. Inmaculada, Pr\u00e4sidentin des CGC, erkl\u00e4rte: \u201eNach R\u00fccksprache mit den Verbandsmitgliedern, die 80% der nationalen Citrusexporte und 60 % &#8211; 70 % der nationalen Versorgung repr\u00e4sentieren, arbeiten die Packh\u00e4user in der Provinz Valencia wieder auf vollen Touren, so dass die Belieferung des europ\u00e4ischen LEH mit ausreichenden Mengen garantiert ist.\u201c<\/p>\n\n\n\n<p>Das Comite de Gesti\u00f3n stimmt mit den in KW 45\/24 von den wichtigsten Agrarorganisationen realisierten Einsch\u00e4tzung \u00fcberein, \u201edass die gr\u00f6ssten Sch\u00e4den in der Agrar-Infrastruktur, dem Zugang zu den Fincas und den Geb\u00e4uden und Betriebsanlagen&nbsp; entstanden sind. Was&nbsp; die Citrusanbaugebiete betrifft, so sind die meisten Sch\u00e4den, die durch die \u00dcberschwemmungen und das \u00dcberlaufen wichtiger Schluchten verursacht wurden, in der Ribera Alta, der Ribera Baja und in bestimmten Orten mit Citrusanbautradition wie Pedralba (im Nordosten der Provinz, in Los Serranos) entstanden. In den \u00fcbrigen wichtigen Zitrusanbaugebieten der Provinz &#8211; wie La Safor, wo sich ein gro\u00dfer Teil des privaten spanischen Citrushandels konzentriert, Camp de Morvedre, Camp de T\u00faria und, was die Citrusproduktion betrifft, die weniger bedeutenden Gebiete L&#8217;Horta Nord, Sur und Oest sowie, viel weiter s\u00fcdlich, La Costera &#8211; haben die Regenf\u00e4lle nur geringe Probleme verursacht,\u201c sagte Inmaculada Sanfeliu.<\/p>\n\n\n\n<p>In den letztgenannten Gebieten der Provinz Valencia, wie auch in den Provinzen Castell\u00f3n und Alicante sowie in allen Citrusanbaugebieten Andalusiens und Murcias, k\u00f6nnte man sogar zu dem Schluss kommen, dass die Niederschl\u00e4ge vorteilhaft waren, da vieler Sorten gr\u00f6ssere Kaliber erreichten und dazu beitrugen, die Auswirkungen von zwei aufeinanderfolgenden Jahren gro\u00dfer Trockenheit zu mildern.<\/p>\n\n\n\n<p>\u201eWenn wir die betroffenen Fincas wieder betreten k\u00f6nnen, werden wir sicherlich einen gro\u00dfen Teil dieser Fr\u00fcchte ernten k\u00f6nnen, weil sie \u00fcber die Konditionen zur Vermarktung zum Frischverzehr verf\u00fcgen oder &nbsp;in zweiter Linie zu Saft verarbeitet werden k\u00f6nnen\u201c, f\u00fchrte sie weiter aus. Obwohl es sich zweifellos um das schlimmste und zerst\u00f6rerischste Unwetter &nbsp;seit Menschengedenken handelt, weist das CGC darauf hin, dass der private Handel viel Erfahrung im Umgang mit dieser Art von Situation hat, die keineswegs neu ist. \u201eUnsere Packh\u00e4user verf\u00fcgen \u00fcber die Technologie und das Know-how, um der EU eine qualitativ hochwertige Versorgung zu garantieren\u201c, sagte Sanfeliu.<\/p>\n\n\n\n<p>Die gr\u00f6sstge Herausforderung f\u00fcr den spanischen Exportsektor&nbsp; &#8211; abgesehen davon, dass er sich wie jedes Jahr aus vielen anderen nicht betroffenen spanischen Citrusanbaugebieten versorgen kann \u2013 ist im Fall der Provinz Valencia logistischer Natur. Die Sch\u00e4den an wichtigen Infrastrukturen f\u00fcr den LKW-Verkehr, wie bspw. der Bypass, sind sehr schwerwiegend.<\/p>\n\n\n\n<p>Angesichts der Verkehrsprobleme, die in den Tagen nach der Krise aus diesen und anderen Gr\u00fcnden immer wieder auftreten, hat das Comit\u00e9 bei den Beh\u00f6rden jedoch bereits beantragt, einen Korridor einzuriechten, der verderblichen Produkten wie Citrusfr\u00fcchte einen vorrangigen und dringenden Ausgang erm\u00f6glicht. Quelle und Foto: CGC<\/p>\n","protected":false},"excerpt":{"rendered":"<p>Durch das historische Unwetter vom 29. Oktober 2024 in der Provinz Valencia, wovon auch Citruskulturen betroffen waren,&nbsp; wurde&nbsp;<\/p>\n","protected":false},"author":1,"featured_media":2674,"comment_status":"closed","ping_status":"closed","sticky":false,"template":"","format":"standard","meta":{"footnotes":""},"categories":[34],"tags":[],"class_list":["post-2673","post","type-post","status-publish","format-standard","has-post-thumbnail","hentry","category-allgemein"],"featured_image_urls":{"full":["https:\/\/agronoticias.es\/de\/wp-content\/uploads\/2024\/11\/CGC-Citricos-1024x452-1.jpg",1024,452,false],"thumbnail":["https:\/\/agronoticias.es\/de\/wp-content\/uploads\/2024\/11\/CGC-Citricos-1024x452-1-150x150.jpg",150,150,true],"medium":["https:\/\/agronoticias.es\/de\/wp-content\/uploads\/2024\/11\/CGC-Citricos-1024x452-1-300x132.jpg",300,132,true],"medium_large":["https:\/\/agronoticias.es\/de\/wp-content\/uploads\/2024\/11\/CGC-Citricos-1024x452-1-768x339.jpg",640,283,true],"large":["https:\/\/agronoticias.es\/de\/wp-content\/uploads\/2024\/11\/CGC-Citricos-1024x452-1.jpg",640,283,false],"1536x1536":["https:\/\/agronoticias.es\/de\/wp-content\/uploads\/2024\/11\/CGC-Citricos-1024x452-1.jpg",1024,452,false],"2048x2048":["https:\/\/agronoticias.es\/de\/wp-content\/uploads\/2024\/11\/CGC-Citricos-1024x452-1.jpg",1024,452,false],"morenews-large":["https:\/\/agronoticias.es\/de\/wp-content\/uploads\/2024\/11\/CGC-Citricos-1024x452-1-825x452.jpg",825,452,true],"morenews-medium":["https:\/\/agronoticias.es\/de\/wp-content\/uploads\/2024\/11\/CGC-Citricos-1024x452-1-590x410.jpg",590,410,true]},"author_info":{"display_name":"admin","author_link":"https:\/\/agronoticias.es\/de\/author\/admin\/"},"category_info":"<a href=\"https:\/\/agronoticias.es\/de\/category\/allgemein\/\" rel=\"category tag\">Allgemein<\/a>","tag_info":"Allgemein","comment_count":"0","_links":{"self":[{"href":"https:\/\/agronoticias.es\/de\/wp-json\/wp\/v2\/posts\/2673","targetHints":{"allow":["GET"]}}],"collection":[{"href":"https:\/\/agronoticias.es\/de\/wp-json\/wp\/v2\/posts"}],"about":[{"href":"https:\/\/agronoticias.es\/de\/wp-json\/wp\/v2\/types\/post"}],"author":[{"embeddable":true,"href":"https:\/\/agronoticias.es\/de\/wp-json\/wp\/v2\/users\/1"}],"replies":[{"embeddable":true,"href":"https:\/\/agronoticias.es\/de\/wp-json\/wp\/v2\/comments?post=2673"}],"version-history":[{"count":1,"href":"https:\/\/agronoticias.es\/de\/wp-json\/wp\/v2\/posts\/2673\/revisions"}],"predecessor-version":[{"id":2675,"href":"https:\/\/agronoticias.es\/de\/wp-json\/wp\/v2\/posts\/2673\/revisions\/2675"}],"wp:featuredmedia":[{"embeddable":true,"href":"https:\/\/agronoticias.es\/de\/wp-json\/wp\/v2\/media\/2674"}],"wp:attachment":[{"href":"https:\/\/agronoticias.es\/de\/wp-json\/wp\/v2\/media?parent=2673"}],"wp:term":[{"taxonomy":"category","embeddable":true,"href":"https:\/\/agronoticias.es\/de\/wp-json\/wp\/v2\/categories?post=2673"},{"taxonomy":"post_tag","embeddable":true,"href":"https:\/\/agronoticias.es\/de\/wp-json\/wp\/v2\/tags?post=2673"}],"curies":[{"name":"wp","href":"https:\/\/api.w.org\/{rel}","templated":true}]}}