{"id":2664,"date":"2024-11-07T12:31:30","date_gmt":"2024-11-07T11:31:30","guid":{"rendered":"https:\/\/agronoticias.es\/de\/?p=2664"},"modified":"2024-11-07T12:31:32","modified_gmt":"2024-11-07T11:31:32","slug":"valencia-unwetter-la-unio-schatzt-verluste-in-der-landwirtschaft-auf-uber-816-millionen-euro","status":"publish","type":"post","link":"https:\/\/agronoticias.es\/de\/valencia-unwetter-la-unio-schatzt-verluste-in-der-landwirtschaft-auf-uber-816-millionen-euro\/","title":{"rendered":"Valencia\/Unwetter: LA UNI\u00d3 sch\u00e4tzt Verluste in der Landwirtschaft auf \u00fcber 816 Millionen Euro"},"content":{"rendered":"\n<p><\/p>\n\n\n\n<p>Die valencianische Agrarorganisation Uni\u00f3 Llauradora i Ramadera beziffert in einer ersten Sch\u00e4tzung die vorl\u00e4ufigen Verluste f\u00fcr den Agrarsektor aufgrund des verheerenden Unwetters vom 29. Oktober, das einige Gebiete im Land Valencia verw\u00fcstet hat, auf ca. 816 Mio Euro.<\/p>\n\n\n\n<p><a><\/a> Die Sch\u00e4den sind sowohl struktureller Art als auch auf direkte Auswirkungen auf Kulturen und Viehzuchtbetriebe zur\u00fcckzuf\u00fchren. Im ersten Fall k\u00f6nnten etwa 172.000 ha mehr oder weniger stark betroffen sein, im zweiten Fall etwa 50.000 ha mit Kulturpflanzen. Am st\u00e4rksten betroffen sind Citrusfr\u00fcchte, Kakis, Gem\u00fcse, Baumschulen und Zierpflanzen sowie in geringerem Ma\u00dfe der Weinanbau, wo es zu Verlusten von mehr als 300 Mio Euro kommen kann. Andere Kulturen, wie bspw. Mandeln, waren bereits geerntet und Ackerkulturen noch nicht ausges\u00e4t. Gepr\u00fcft werden m\u00fcssen m\u00f6gliche Auswirkungen auf Pflanzen und B\u00e4ume in Form von Wurzelsterben in den \u00fcberschwemmten Gebieten sowie die Entw\u00e4sserungskapazit\u00e4t der Felder. Erst dann kann eine genaue Schadensbewertung erstellt werden.<\/p>\n\n\n\n<p class=\"has-text-align-center\"><img fetchpriority=\"high\" decoding=\"async\" width=\"600\" height=\"450\" class=\"wp-image-2666\" style=\"width: 600px;\" src=\"https:\/\/agronoticias.es\/de\/wp-content\/uploads\/2024\/11\/Danys-infraestructures-DANA.jpeg\" alt=\"\" srcset=\"https:\/\/agronoticias.es\/de\/wp-content\/uploads\/2024\/11\/Danys-infraestructures-DANA.jpeg 1600w, https:\/\/agronoticias.es\/de\/wp-content\/uploads\/2024\/11\/Danys-infraestructures-DANA-300x225.jpeg 300w, https:\/\/agronoticias.es\/de\/wp-content\/uploads\/2024\/11\/Danys-infraestructures-DANA-1024x768.jpeg 1024w, https:\/\/agronoticias.es\/de\/wp-content\/uploads\/2024\/11\/Danys-infraestructures-DANA-768x576.jpeg 768w, https:\/\/agronoticias.es\/de\/wp-content\/uploads\/2024\/11\/Danys-infraestructures-DANA-1536x1152.jpeg 1536w\" sizes=\"(max-width: 600px) 100vw, 600px\" \/><\/p>\n\n\n\n<p>Die Hauptverluste dieses Unwetters sind struktureller Art und konzentrieren sich auf Infrastrukturen, Reinigung oder Einsatz von Fungiziden, mit vorl\u00e4ufigen Kosten von mehr als 511 Mio Euro. In den Kulturen gibt es Sch\u00e4den sowohl an kommunalem als auch privatem Eigentum, sowie bei Stra\u00dfen, Wegr\u00e4ndern, Bew\u00e4sserungsinfrastrukturen, St\u00fctzmauern, Bew\u00e4sserungsgr\u00e4ben, Ger\u00e4teschuppen, Maschinen, Gew\u00e4chsh\u00e4user, verschlammte Felder, etc.<\/p>\n\n\n\n<p>Die am meisten betroffenen Gebiete sind Ribera Alta, Camp de T\u00faria, l&#8217;Horta Sud, Utiel-Requena, la Hoya de Bu\u00f1ol, la Serran\u00eda, el Rinc\u00f3n de Ademuz, la Ribera Baixa, l&#8217;Horta Nord (s\u00fcdliche Bezirke von Valencia und Paterna) und la Safor, was die Provinz Valencia betrifft, sowie Baix Maestrat in der Provinz Castell\u00f3n. Die ersten drei sind zweifellos am st\u00e4rksten gesch\u00e4digt.<\/p>\n\n\n\n<p>Diese DANA in Form von Starkregen, Hagel und Sturm, der in einigen F\u00e4llen von mehreren Tornados begleitet wurde, ist das zerst\u00f6rerischste Wetterph\u00e4nomen f\u00fcr die valencianische Landwirtschaft und f\u00fcr ganz Spanien seit es Aufzeichnungen gibt.<\/p>\n\n\n\n<p>LA UNI\u00d3 geht deshalb davon aus, dass die verschiedenen Verwaltungen dem Ausma\u00df der Katastrophe gerecht werden und eine ausreichende wirtschaftliche Unterst\u00fctzung bereitstellen, damit die betroffenen Landwirte und Viehz\u00fcchter teilweise f\u00fcr die Sch\u00e4den entsch\u00e4digt werden k\u00f6nnen. Die Organisation hat dem Regional- und dem Landwirtschaftsministerium bereits ein umfangreiches und detailliertes Paket mit dringenden Hilfsma\u00dfnahmen vorgelegt, das unter anderem Direktbeihilfen, steuerliche und arbeitsrechtliche Ma\u00dfnahmen und Entsch\u00e4digungen vorsieht. Quelle und Fotos: La Uni\u00f3<\/p>\n","protected":false},"excerpt":{"rendered":"<p>Die valencianische Agrarorganisation Uni\u00f3 Llauradora i Ramadera beziffert in einer ersten Sch\u00e4tzung die vorl\u00e4ufigen Verluste f\u00fcr den Agrarsektor<\/p>\n","protected":false},"author":1,"featured_media":2665,"comment_status":"closed","ping_status":"closed","sticky":false,"template":"","format":"standard","meta":{"footnotes":""},"categories":[34],"tags":[],"class_list":["post-2664","post","type-post","status-publish","format-standard","has-post-thumbnail","hentry","category-allgemein"],"featured_image_urls":{"full":["https:\/\/agronoticias.es\/de\/wp-content\/uploads\/2024\/11\/Danys-citrics-DANA.jpeg",1600,1200,false],"thumbnail":["https:\/\/agronoticias.es\/de\/wp-content\/uploads\/2024\/11\/Danys-citrics-DANA-150x150.jpeg",150,150,true],"medium":["https:\/\/agronoticias.es\/de\/wp-content\/uploads\/2024\/11\/Danys-citrics-DANA-300x225.jpeg",300,225,true],"medium_large":["https:\/\/agronoticias.es\/de\/wp-content\/uploads\/2024\/11\/Danys-citrics-DANA-768x576.jpeg",640,480,true],"large":["https:\/\/agronoticias.es\/de\/wp-content\/uploads\/2024\/11\/Danys-citrics-DANA-1024x768.jpeg",640,480,true],"1536x1536":["https:\/\/agronoticias.es\/de\/wp-content\/uploads\/2024\/11\/Danys-citrics-DANA-1536x1152.jpeg",1536,1152,true],"2048x2048":["https:\/\/agronoticias.es\/de\/wp-content\/uploads\/2024\/11\/Danys-citrics-DANA.jpeg",1600,1200,false],"morenews-large":["https:\/\/agronoticias.es\/de\/wp-content\/uploads\/2024\/11\/Danys-citrics-DANA-825x575.jpeg",825,575,true],"morenews-medium":["https:\/\/agronoticias.es\/de\/wp-content\/uploads\/2024\/11\/Danys-citrics-DANA-590x410.jpeg",590,410,true]},"author_info":{"display_name":"admin","author_link":"https:\/\/agronoticias.es\/de\/author\/admin\/"},"category_info":"<a href=\"https:\/\/agronoticias.es\/de\/category\/allgemein\/\" rel=\"category tag\">Allgemein<\/a>","tag_info":"Allgemein","comment_count":"0","_links":{"self":[{"href":"https:\/\/agronoticias.es\/de\/wp-json\/wp\/v2\/posts\/2664","targetHints":{"allow":["GET"]}}],"collection":[{"href":"https:\/\/agronoticias.es\/de\/wp-json\/wp\/v2\/posts"}],"about":[{"href":"https:\/\/agronoticias.es\/de\/wp-json\/wp\/v2\/types\/post"}],"author":[{"embeddable":true,"href":"https:\/\/agronoticias.es\/de\/wp-json\/wp\/v2\/users\/1"}],"replies":[{"embeddable":true,"href":"https:\/\/agronoticias.es\/de\/wp-json\/wp\/v2\/comments?post=2664"}],"version-history":[{"count":1,"href":"https:\/\/agronoticias.es\/de\/wp-json\/wp\/v2\/posts\/2664\/revisions"}],"predecessor-version":[{"id":2667,"href":"https:\/\/agronoticias.es\/de\/wp-json\/wp\/v2\/posts\/2664\/revisions\/2667"}],"wp:featuredmedia":[{"embeddable":true,"href":"https:\/\/agronoticias.es\/de\/wp-json\/wp\/v2\/media\/2665"}],"wp:attachment":[{"href":"https:\/\/agronoticias.es\/de\/wp-json\/wp\/v2\/media?parent=2664"}],"wp:term":[{"taxonomy":"category","embeddable":true,"href":"https:\/\/agronoticias.es\/de\/wp-json\/wp\/v2\/categories?post=2664"},{"taxonomy":"post_tag","embeddable":true,"href":"https:\/\/agronoticias.es\/de\/wp-json\/wp\/v2\/tags?post=2664"}],"curies":[{"name":"wp","href":"https:\/\/api.w.org\/{rel}","templated":true}]}}