{"id":2648,"date":"2024-11-04T09:48:39","date_gmt":"2024-11-04T08:48:39","guid":{"rendered":"https:\/\/agronoticias.es\/de\/?p=2648"},"modified":"2024-11-04T09:50:39","modified_gmt":"2024-11-04T08:50:39","slug":"valencia-schwere-schaden-in-den-kakikulturen","status":"publish","type":"post","link":"https:\/\/agronoticias.es\/de\/valencia-schwere-schaden-in-den-kakikulturen\/","title":{"rendered":"Valencia: Schwere Sch\u00e4den in den Kakikulturen"},"content":{"rendered":"\n<p><\/p>\n\n\n\n<p>Der spanische Kakiverband dr\u00fcckte Ende KW 44\/24 seine tiefe Besorgnis \u00fcber die schweren Sch\u00e4den aus, die durch das Unwetter (DANA) in der Provinz Valencia in den Kakikulturen entstanden sind und das erhebliche Verluste im Agrarsektor verursacht hat. Neben den materiellen Verlusten bedauerte er zutiefst den Verlust von Menschenleben und die Verletzungen, die durch dieses Ph\u00e4nomen verursacht wurden und \u00fcbermittelt sen betroffenen Familien in dieser schwierigen Zeit seine tief empfundene Unterst\u00fctzung und Solidarit\u00e4t.<\/p>\n\n\n\n<p>Die Auswirkungen dieses Kaltluftropfens sind f\u00fcr die valencianische Kakiernte verheerend, besonders in den Gebieten mit der h\u00f6chsten Produktion. Ersten Sch\u00e4tzungen zufolge belaufen sich die Verluste in vielen Gebieten auf mehr als 70 % der Ernte. Die sintlutartigen Niederschl\u00e4ge, begleitet von Sturm und Hagel, hat zum Abfallen der Fr\u00fcchte sowie erheblichen Sch\u00e4den in den Fincas gef\u00fchrt. Bisher konnten sie noch nicht zu 100 % erfasst werden, da viele Strassen noch blockiert und diverse Zufahrten \u00fcberschwemmt sind, was eine endg\u00fcltige Bewertung erschwert. Diese Sch\u00e4den beeintr\u00e4chtigen nicht nur die diesj\u00e4hrige Produktion, sondern gef\u00e4hrden auch die Ernteertr\u00e4ge in den kommenden Jahre, da viele B\u00e4ume strukturelle Verletzungen erlitten haben, deren Erholung Zeit und Geld kosten wird.<\/p>\n\n\n\n<p>Der spanische Kakipflaumenverband fordert die \u00f6ffentlichen Verwaltungen auf, unverz\u00fcglich Unterst\u00fctzungsma\u00dfnahmen f\u00fcr die betroffenen Landwirte in Gang zu setzen: \u201eWir beantragen Direktbeihilfen, Steuererleichterungen und einen speziellen Wiederaufbauplan f\u00fcr die Kakiproduzenten, ein Kultur, die zu einem wirtschaftlichen und kulturellen Pfeiler im Land Valencia geworden ist. Daneben wollen wir eine feste Zusage der Beh\u00f6rden, die Entw\u00e4sserungs- und Schutzinfrastrukturen in den landwirtschaftlichen Gebieten zu verbessern, um die Auswirkungen extremer Wetterph\u00e4nomene, die aufgrund des Klimawandels immer h\u00e4ufiger auftreten, zu mildern. Quelle und Foto: AEDK<\/p>\n","protected":false},"excerpt":{"rendered":"<p>Der spanische Kakiverband dr\u00fcckte Ende KW 44\/24 seine tiefe Besorgnis \u00fcber die schweren Sch\u00e4den aus, die durch das<\/p>\n","protected":false},"author":1,"featured_media":2649,"comment_status":"closed","ping_status":"closed","sticky":false,"template":"","format":"standard","meta":{"footnotes":""},"categories":[34],"tags":[],"class_list":["post-2648","post","type-post","status-publish","format-standard","has-post-thumbnail","hentry","category-allgemein"],"featured_image_urls":{"full":["https:\/\/agronoticias.es\/de\/wp-content\/uploads\/2024\/11\/DANA-Valencia-Kakis-AEDK.jpg",1024,612,false],"thumbnail":["https:\/\/agronoticias.es\/de\/wp-content\/uploads\/2024\/11\/DANA-Valencia-Kakis-AEDK-150x150.jpg",150,150,true],"medium":["https:\/\/agronoticias.es\/de\/wp-content\/uploads\/2024\/11\/DANA-Valencia-Kakis-AEDK-300x179.jpg",300,179,true],"medium_large":["https:\/\/agronoticias.es\/de\/wp-content\/uploads\/2024\/11\/DANA-Valencia-Kakis-AEDK-768x459.jpg",640,383,true],"large":["https:\/\/agronoticias.es\/de\/wp-content\/uploads\/2024\/11\/DANA-Valencia-Kakis-AEDK.jpg",640,383,false],"1536x1536":["https:\/\/agronoticias.es\/de\/wp-content\/uploads\/2024\/11\/DANA-Valencia-Kakis-AEDK.jpg",1024,612,false],"2048x2048":["https:\/\/agronoticias.es\/de\/wp-content\/uploads\/2024\/11\/DANA-Valencia-Kakis-AEDK.jpg",1024,612,false],"morenews-large":["https:\/\/agronoticias.es\/de\/wp-content\/uploads\/2024\/11\/DANA-Valencia-Kakis-AEDK-825x575.jpg",825,575,true],"morenews-medium":["https:\/\/agronoticias.es\/de\/wp-content\/uploads\/2024\/11\/DANA-Valencia-Kakis-AEDK-590x410.jpg",590,410,true]},"author_info":{"display_name":"admin","author_link":"https:\/\/agronoticias.es\/de\/author\/admin\/"},"category_info":"<a href=\"https:\/\/agronoticias.es\/de\/category\/allgemein\/\" rel=\"category tag\">Allgemein<\/a>","tag_info":"Allgemein","comment_count":"0","_links":{"self":[{"href":"https:\/\/agronoticias.es\/de\/wp-json\/wp\/v2\/posts\/2648","targetHints":{"allow":["GET"]}}],"collection":[{"href":"https:\/\/agronoticias.es\/de\/wp-json\/wp\/v2\/posts"}],"about":[{"href":"https:\/\/agronoticias.es\/de\/wp-json\/wp\/v2\/types\/post"}],"author":[{"embeddable":true,"href":"https:\/\/agronoticias.es\/de\/wp-json\/wp\/v2\/users\/1"}],"replies":[{"embeddable":true,"href":"https:\/\/agronoticias.es\/de\/wp-json\/wp\/v2\/comments?post=2648"}],"version-history":[{"count":2,"href":"https:\/\/agronoticias.es\/de\/wp-json\/wp\/v2\/posts\/2648\/revisions"}],"predecessor-version":[{"id":2652,"href":"https:\/\/agronoticias.es\/de\/wp-json\/wp\/v2\/posts\/2648\/revisions\/2652"}],"wp:featuredmedia":[{"embeddable":true,"href":"https:\/\/agronoticias.es\/de\/wp-json\/wp\/v2\/media\/2649"}],"wp:attachment":[{"href":"https:\/\/agronoticias.es\/de\/wp-json\/wp\/v2\/media?parent=2648"}],"wp:term":[{"taxonomy":"category","embeddable":true,"href":"https:\/\/agronoticias.es\/de\/wp-json\/wp\/v2\/categories?post=2648"},{"taxonomy":"post_tag","embeddable":true,"href":"https:\/\/agronoticias.es\/de\/wp-json\/wp\/v2\/tags?post=2648"}],"curies":[{"name":"wp","href":"https:\/\/api.w.org\/{rel}","templated":true}]}}