{"id":2644,"date":"2024-10-30T12:21:37","date_gmt":"2024-10-30T11:21:37","guid":{"rendered":"https:\/\/agronoticias.es\/de\/?p=2644"},"modified":"2024-10-30T12:21:39","modified_gmt":"2024-10-30T11:21:39","slug":"historische-gota-fria-wutet-in-der-provinz-valencia","status":"publish","type":"post","link":"https:\/\/agronoticias.es\/de\/historische-gota-fria-wutet-in-der-provinz-valencia\/","title":{"rendered":"Historische \u201eGota Fr\u00eda\u201c w\u00fctet in der Provinz Valencia"},"content":{"rendered":"\n<p>Die Provinz Valencia erlebte gestern einen historischen \u201eKaltlufttropfen\u201c. Seit den fr\u00fchen Morgenstunden des Dienstag, 29. Oktober, regnete es den ganzen Tag \u00fcber in Str\u00f6men. Die Wetterdienste hatten bereits seit Tagen vor einem sehr starken DANA gewarnt (Isolierte Depressionen in hohen Lagen), und praktisch in der gesamten Provinz Valencia wurde Alarmstufe Rot ausgerufen. Besonders betroffen waren die Gebiete Utiel-Requena, La Ribera Alta und La Hoya de Bu\u00f1ol. In einigen Gebieten fielen in 24 Stunden mehr als 400 l\/qm. Chiva sticht mit gestern 445 l\/qm hervor. Die Niederschl\u00e4ge waren immens. Schluchten sind \u00fcber die Ufer getreten und verursachten unz\u00e4hlige \u00dcberschwemmungen. Da es im Inland der Provinz, an den Oberl\u00e4ufen der Fl\u00fcsse Magro und J\u00facar geregnet hat, ist das Wasser sintflutartig bis zur K\u00fcste gestr\u00f6mt. Das hat in allen an diesen Fl\u00fcssen liegenden Gemeinden zu schwerwiegenden Probleme gef\u00fchrt, denn man musste zus\u00e4tzlich zu dem Starkregen mit den Fluss\u00fcberschwemmungen k\u00e4mpfen. Die Situation ist so, dass sogar das neue Flussbett des Turia in Valencia vollgelaufen ist. Bedeutende \u00dcberschwemmung gibt es auch in L\u00b4Horta Sud. Eine weitere schwierige Situation aufgrund der \u00dcberschwemmungen gab es auf der Autobahn A-3, die Madrid mit Valencia verbindet. Viele Autofahrer mussten die ganze Nacht in ihren Fahrzeugen verbringen. Auch der Bahnverkehr kam zum erliegen.<\/p>\n\n\n\n<p><a><\/a> Seit gestern sind die Rettungsdienste rund um die Uhr im Einsatz. Die Nacht war sehr kompliziert. Heute regnet es in dem Gebiet nicht mehr. Heute wird der Tag der Schadensbeurteilung sein. Die valencianische Landesregierung beobachtet die Lage sehr genau und arbeitet seit der ersten Stunde mit den Rettungsdiensten zusammen. Die spanische Regierung hat heute (30.10.) einen Krisenstab eingerichtet, der die durch dieses Unwetter verursachten Sch\u00e4den bewerten soll. Sie werden in die Millionen gehen. Leider gibt es auch Todesopfer. Bis Redaktionsschluss sind nach Angaben der lokalen Medien in der Provinz Valencia 51 Menschen ums Leben gekommen.<\/p>\n\n\n\n<p><img fetchpriority=\"high\" decoding=\"async\" width=\"800\" height=\"359\" class=\"wp-image-2645\" style=\"width: 800px;\" src=\"https:\/\/agronoticias.es\/de\/wp-content\/uploads\/2024\/10\/Foto-1.jpg\" alt=\"\" srcset=\"https:\/\/agronoticias.es\/de\/wp-content\/uploads\/2024\/10\/Foto-1.jpg 1600w, https:\/\/agronoticias.es\/de\/wp-content\/uploads\/2024\/10\/Foto-1-300x135.jpg 300w, https:\/\/agronoticias.es\/de\/wp-content\/uploads\/2024\/10\/Foto-1-1024x460.jpg 1024w, https:\/\/agronoticias.es\/de\/wp-content\/uploads\/2024\/10\/Foto-1-768x345.jpg 768w, https:\/\/agronoticias.es\/de\/wp-content\/uploads\/2024\/10\/Foto-1-1536x689.jpg 1536w\" sizes=\"(max-width: 800px) 100vw, 800px\" \/>Gesch\u00e4digte Kakikultur im Gebiet von Marquesat\/Valencia. Foto: Ava-Asaja<\/p>\n\n\n\n<p><strong>Kakis schwer getroffen<\/strong><\/p>\n\n\n\n<p>Auch in der Landwirtschaft gehen die Sch\u00e4den in die Millionen. Vor allem in La Ribera bei Kakis, die gerade in voller Kampagne stehen. Die Ernteverluste werden sehr hoch sein. Auch die Betriebe einiger Genossenschaften in der Ribera Alta, wie Llombai, melden Sch\u00e4den. Auch Agrar-Infrastrukturen &#8211; Mauern, Bew\u00e4sserungsanlagen, Teiche usw. &#8211; sind in allen von der DANA betroffenen Gebieten stark besch\u00e4digt worden. Die diversen Agrarorganisationen haben bereits gestern eine erste Schadenssch\u00e4tzung abgegeben, die allerdings aufgrund der allgemeinen Situation provisorisch ist und aktualisiert werden muss. Ds<\/p>\n\n\n\n<p><\/p>\n","protected":false},"excerpt":{"rendered":"<p>Die Provinz Valencia erlebte gestern einen historischen \u201eKaltlufttropfen\u201c. Seit den fr\u00fchen Morgenstunden des Dienstag, 29. Oktober, regnete es<\/p>\n","protected":false},"author":1,"featured_media":2646,"comment_status":"closed","ping_status":"closed","sticky":false,"template":"","format":"standard","meta":{"footnotes":""},"categories":[34],"tags":[],"class_list":["post-2644","post","type-post","status-publish","format-standard","has-post-thumbnail","hentry","category-allgemein"],"featured_image_urls":{"full":["https:\/\/agronoticias.es\/de\/wp-content\/uploads\/2024\/10\/Foto-2.jpg",1920,1080,false],"thumbnail":["https:\/\/agronoticias.es\/de\/wp-content\/uploads\/2024\/10\/Foto-2-150x150.jpg",150,150,true],"medium":["https:\/\/agronoticias.es\/de\/wp-content\/uploads\/2024\/10\/Foto-2-300x169.jpg",300,169,true],"medium_large":["https:\/\/agronoticias.es\/de\/wp-content\/uploads\/2024\/10\/Foto-2-768x432.jpg",640,360,true],"large":["https:\/\/agronoticias.es\/de\/wp-content\/uploads\/2024\/10\/Foto-2-1024x576.jpg",640,360,true],"1536x1536":["https:\/\/agronoticias.es\/de\/wp-content\/uploads\/2024\/10\/Foto-2-1536x864.jpg",1536,864,true],"2048x2048":["https:\/\/agronoticias.es\/de\/wp-content\/uploads\/2024\/10\/Foto-2.jpg",1920,1080,false],"morenews-large":["https:\/\/agronoticias.es\/de\/wp-content\/uploads\/2024\/10\/Foto-2-825x575.jpg",825,575,true],"morenews-medium":["https:\/\/agronoticias.es\/de\/wp-content\/uploads\/2024\/10\/Foto-2-590x410.jpg",590,410,true]},"author_info":{"display_name":"admin","author_link":"https:\/\/agronoticias.es\/de\/author\/admin\/"},"category_info":"<a href=\"https:\/\/agronoticias.es\/de\/category\/allgemein\/\" rel=\"category tag\">Allgemein<\/a>","tag_info":"Allgemein","comment_count":"0","_links":{"self":[{"href":"https:\/\/agronoticias.es\/de\/wp-json\/wp\/v2\/posts\/2644","targetHints":{"allow":["GET"]}}],"collection":[{"href":"https:\/\/agronoticias.es\/de\/wp-json\/wp\/v2\/posts"}],"about":[{"href":"https:\/\/agronoticias.es\/de\/wp-json\/wp\/v2\/types\/post"}],"author":[{"embeddable":true,"href":"https:\/\/agronoticias.es\/de\/wp-json\/wp\/v2\/users\/1"}],"replies":[{"embeddable":true,"href":"https:\/\/agronoticias.es\/de\/wp-json\/wp\/v2\/comments?post=2644"}],"version-history":[{"count":1,"href":"https:\/\/agronoticias.es\/de\/wp-json\/wp\/v2\/posts\/2644\/revisions"}],"predecessor-version":[{"id":2647,"href":"https:\/\/agronoticias.es\/de\/wp-json\/wp\/v2\/posts\/2644\/revisions\/2647"}],"wp:featuredmedia":[{"embeddable":true,"href":"https:\/\/agronoticias.es\/de\/wp-json\/wp\/v2\/media\/2646"}],"wp:attachment":[{"href":"https:\/\/agronoticias.es\/de\/wp-json\/wp\/v2\/media?parent=2644"}],"wp:term":[{"taxonomy":"category","embeddable":true,"href":"https:\/\/agronoticias.es\/de\/wp-json\/wp\/v2\/categories?post=2644"},{"taxonomy":"post_tag","embeddable":true,"href":"https:\/\/agronoticias.es\/de\/wp-json\/wp\/v2\/tags?post=2644"}],"curies":[{"name":"wp","href":"https:\/\/api.w.org\/{rel}","templated":true}]}}