{"id":2640,"date":"2024-10-29T17:45:06","date_gmt":"2024-10-29T16:45:06","guid":{"rendered":"https:\/\/agronoticias.es\/de\/?p=2640"},"modified":"2024-10-29T17:45:08","modified_gmt":"2024-10-29T16:45:08","slug":"unwetter-mit-starkregen-hagel-und-sturm-verursacht-millionenschaden-im-poniente-de-almeria","status":"publish","type":"post","link":"https:\/\/agronoticias.es\/de\/unwetter-mit-starkregen-hagel-und-sturm-verursacht-millionenschaden-im-poniente-de-almeria\/","title":{"rendered":"Unwetter mit Starkregen, Hagel und Sturm verursacht Millionensch\u00e4den im Poniente de Almer\u00eda"},"content":{"rendered":"\n<p> <\/p>\n\n\n\n<p><\/p>\n\n\n\n<p>Das Unwetter mit Starkregen und Hagel (DANA), das am 28. Oktober gegen 22.30 Uhr aufzog, hat sowohl an Gew\u00e4chsh\u00e4usern als auch Kulturen gro\u00dfe Verw\u00fcstungen verursacht. In einer ersten Sch\u00e4tzung beziffert die Agrarorganisation UPA Almeria die von den Landwirten erlittenen Verluste auf mehr als 30 Mio Euro, obwohl die Generalsekret\u00e4rin Francisca Iglesias davon ausgeht, dass sie noch h\u00f6her ausfallen werden, sobald die Sch\u00e4den an den Strukturen ermittelt sind. \u201eDie Gewitter mit Starkregen, Hagel und Sturm, vor allem in El Ejido, w\u00fcteten \u00fcber eine L\u00e4nge von sieben Kilometern, und zerst\u00f6rten komplette Gew\u00e4chsh\u00e4user mit ihren Kulturen,\u201c erkl\u00e4rte Francisca Iglesias.<\/p>\n\n\n\n<p>Nach erster Sch\u00e4tzung der Organisation sind die Sch\u00e4den aufgrund der Gr\u00f6sse der Hagelk\u00f6rner von rund 8 cm im Durchmesser so betr\u00e4chtlich ausgefallen. \u201eSie durchschlugen komplette Plastikabdeckungen, die sehr widerstandf\u00e4hig sind und eine Haltbarkeitvon drei bis vier Jahren haben und zerst\u00f6rten die gesamte Struktur sowie die vorhandenen Kulturen, wie Tomaten und Paprika, aber auch Zucchini und Gurken\u201c, f\u00fchrte sie weiter aus. Betroffen sind nach Angaben von UPA Almer\u00eda 11.300 ha, obwohl insgesamt noch 1.200 ha hinzukommen werden. Allein die Sch\u00e4den der Kulturen werden auf rund 30 Mio Euro gesch\u00e4tzt, noch nicht bewertet sind die Verluste der Gew\u00e4chshausstrukturen, wodurch &nbsp;der Betrag noch wesentlich h\u00f6her ausfallen wird.<\/p>\n\n\n\n<p>&nbsp;Francisca Iglesias forderte die Beh\u00f6rden auf, das Gebiet zum Katastrophengebiet zu erkl\u00e4ren und Hilfsma\u00dfnahmen f\u00fcr die von diesem Sturm am st\u00e4rksten betroffenen Landwirte zu beschliessen. Quelle und Foto: upa Almer\u00eda<\/p>\n","protected":false},"excerpt":{"rendered":"<p>Das Unwetter mit Starkregen und Hagel (DANA), das am 28. Oktober gegen 22.30 Uhr aufzog, hat sowohl an<\/p>\n","protected":false},"author":1,"featured_media":2641,"comment_status":"closed","ping_status":"closed","sticky":false,"template":"","format":"standard","meta":{"footnotes":""},"categories":[34],"tags":[],"class_list":["post-2640","post","type-post","status-publish","format-standard","has-post-thumbnail","hentry","category-allgemein"],"featured_image_urls":{"full":["https:\/\/agronoticias.es\/de\/wp-content\/uploads\/2024\/10\/upa-almeria-tomate-danado-granizo2-300x105-1.jpg",300,105,false],"thumbnail":["https:\/\/agronoticias.es\/de\/wp-content\/uploads\/2024\/10\/upa-almeria-tomate-danado-granizo2-300x105-1-150x105.jpg",150,105,true],"medium":["https:\/\/agronoticias.es\/de\/wp-content\/uploads\/2024\/10\/upa-almeria-tomate-danado-granizo2-300x105-1.jpg",300,105,false],"medium_large":["https:\/\/agronoticias.es\/de\/wp-content\/uploads\/2024\/10\/upa-almeria-tomate-danado-granizo2-300x105-1.jpg",300,105,false],"large":["https:\/\/agronoticias.es\/de\/wp-content\/uploads\/2024\/10\/upa-almeria-tomate-danado-granizo2-300x105-1.jpg",300,105,false],"1536x1536":["https:\/\/agronoticias.es\/de\/wp-content\/uploads\/2024\/10\/upa-almeria-tomate-danado-granizo2-300x105-1.jpg",300,105,false],"2048x2048":["https:\/\/agronoticias.es\/de\/wp-content\/uploads\/2024\/10\/upa-almeria-tomate-danado-granizo2-300x105-1.jpg",300,105,false],"morenews-large":["https:\/\/agronoticias.es\/de\/wp-content\/uploads\/2024\/10\/upa-almeria-tomate-danado-granizo2-300x105-1.jpg",300,105,false],"morenews-medium":["https:\/\/agronoticias.es\/de\/wp-content\/uploads\/2024\/10\/upa-almeria-tomate-danado-granizo2-300x105-1.jpg",300,105,false]},"author_info":{"display_name":"admin","author_link":"https:\/\/agronoticias.es\/de\/author\/admin\/"},"category_info":"<a href=\"https:\/\/agronoticias.es\/de\/category\/allgemein\/\" rel=\"category tag\">Allgemein<\/a>","tag_info":"Allgemein","comment_count":"0","_links":{"self":[{"href":"https:\/\/agronoticias.es\/de\/wp-json\/wp\/v2\/posts\/2640","targetHints":{"allow":["GET"]}}],"collection":[{"href":"https:\/\/agronoticias.es\/de\/wp-json\/wp\/v2\/posts"}],"about":[{"href":"https:\/\/agronoticias.es\/de\/wp-json\/wp\/v2\/types\/post"}],"author":[{"embeddable":true,"href":"https:\/\/agronoticias.es\/de\/wp-json\/wp\/v2\/users\/1"}],"replies":[{"embeddable":true,"href":"https:\/\/agronoticias.es\/de\/wp-json\/wp\/v2\/comments?post=2640"}],"version-history":[{"count":1,"href":"https:\/\/agronoticias.es\/de\/wp-json\/wp\/v2\/posts\/2640\/revisions"}],"predecessor-version":[{"id":2642,"href":"https:\/\/agronoticias.es\/de\/wp-json\/wp\/v2\/posts\/2640\/revisions\/2642"}],"wp:featuredmedia":[{"embeddable":true,"href":"https:\/\/agronoticias.es\/de\/wp-json\/wp\/v2\/media\/2641"}],"wp:attachment":[{"href":"https:\/\/agronoticias.es\/de\/wp-json\/wp\/v2\/media?parent=2640"}],"wp:term":[{"taxonomy":"category","embeddable":true,"href":"https:\/\/agronoticias.es\/de\/wp-json\/wp\/v2\/categories?post=2640"},{"taxonomy":"post_tag","embeddable":true,"href":"https:\/\/agronoticias.es\/de\/wp-json\/wp\/v2\/tags?post=2640"}],"curies":[{"name":"wp","href":"https:\/\/api.w.org\/{rel}","templated":true}]}}