{"id":2634,"date":"2024-10-29T12:51:48","date_gmt":"2024-10-29T11:51:48","guid":{"rendered":"https:\/\/agronoticias.es\/de\/?p=2634"},"modified":"2024-10-29T12:51:49","modified_gmt":"2024-10-29T11:51:49","slug":"konsumklima-klettert-auf-den-hochsten-stand-seit-april-2022","status":"publish","type":"post","link":"https:\/\/agronoticias.es\/de\/konsumklima-klettert-auf-den-hochsten-stand-seit-april-2022\/","title":{"rendered":"Konsumklima klettert auf den h\u00f6chsten Stand seit April 2022"},"content":{"rendered":"\n<p> <\/p>\n\n\n\n<p><\/p>\n\n\n\n<p>Die Verbraucherstimmung in Deutschland setzt im Oktober ihre Erholung fort. Da sich sowohl die Einkommenserwartung als auch die Anschaffungsneigung zum zweiten Mal nacheinander verbessern und die Sparneigung etwas zur\u00fcck geht, steigt auch die Prognose des Konsumklimas zum zweiten Mal in Folge: F\u00fcr November wird f\u00fcr das Konsumklima im Vergleich zum Vormonat (revidiert -21,0 Punkte) ein Anstieg von 2,7 Z\u00e4hler auf -18,3 Punkte prognostiziert. Dies ist der h\u00f6chste Wert seit April 2022 \u2013 wobei das Niveau des Konsumklimas nach wie vor niedrig ist. Zur gesamtwirtschaftlichen Entwicklung \u00e4u\u00dfern sich die deutschen Verbraucher allerdings erneut etwas pessimistischer. Dies zeigen die aktuellen Ergebnisse des GfK Konsumklimas powered by NIM. Es wird seit Oktober 2023 gemeinsam von GfK und dem N\u00fcrnberg Institut f\u00fcr Marktentscheidungen (NIM), Gr\u00fcnder der GfK, herausgegeben.<\/p>\n\n\n\n<p>Die gestiegene Anschaffungsneigung, aber vor allem die optimistischeren Einkommensaussichten f\u00fchren dazu, dass das Konsumklima seine Erholung fortsetzen kann. Ein moderater R\u00fcckgang der Sparneigung um 4,8 Punkte unterst\u00fctzt diese positive Entwicklung.<\/p>\n\n\n\n<p>Nach der leichten Verbesserung im Vormonat steigt das Konsumklima weiter an. Es klettert auf den h\u00f6chsten Wert seit April 2022. Damals wurden, nach Beginn des Ukraine-Krieges, -15,7 Punkte gemessen\u201c, erkl\u00e4rt Rolf B\u00fcrkl, Konsumexperte beim NIM. \u201eAber trotz des Anstiegs bleibt das Niveau des Konsumklimas nach wie vor \u00fcberaus niedrig. Die Verunsicherung durch Krisen, Kriege und gestiegene Preise ist derzeit immer noch sehr ausgepr\u00e4gt und verhindert, dass f\u00fcr den Konsum positive Faktoren, wie sp\u00fcrbare reale Einkommenszuw\u00e4chse, nicht ihre volle Wirkung entfalten k\u00f6nnen. Meldungen \u00fcber eine steigende Zahl an Unternehmensinsolvenzen und \u00fcber Besch\u00e4ftigungsabbaupl\u00e4ne bzw. Produktionsverlagerungen ins Ausland verhindern zudem eine deutlichere Erholung der Konsumstimmung\u201c.<\/p>\n\n\n\n<p>Negativtrend der Konjunkturerwartung setzt sich fort<\/p>\n\n\n\n<p>Im Gegensatz zur Konsumstimmung sehen die deutschen Verbraucher die konjunkturelle Entwicklung f\u00fcr die kommenden 12 Monate erneut etwas pessimistischer. Die Konjunkturerwartungen sinken zum dritten Mal in Folge. Mit einem geringen Minus von 0,5 Z\u00e4hlern weist der Konjunkturindikator aktuell 0,2 Punkte auf. Ein geringerer Wert wurde zuletzt im M\u00e4rz 2024 mit -3,1 Punkten gemessen.<\/p>\n\n\n\n<p>So hat auch die Bundesregierung ihre urspr\u00fcngliche Prognose f\u00fcr das Wirtschaftswachstum in diesem Jahr nach unten revidiert. Beim Bruttoinlandsprodukt wird jetzt ein Minus von 0,2 Prozent erwartet.<\/p>\n\n\n\n<p>Einkommenserwartungen setzen Erholung fort<\/p>\n\n\n\n<p>Die Erwartungen bez\u00fcglich der k\u00fcnftigen finanziellen Lage des eigenen Haushalts in den kommenden 12 Monaten wird von den Befragten zum zweiten Mal in Folge etwas optimistischer eingesch\u00e4tzt. Der Indikator Einkommenserwartung legt gegen\u00fcber dem Vormonat um 3,6 Z\u00e4hler zu und klettert damit auf 13,7 Punkte. Gegen\u00fcber dem entsprechenden Zeitraum des Vorjahres betr\u00e4gt das Plus deutliche 29 Punkte.<\/p>\n\n\n\n<p>Sinkende Inflationsraten in Verbindung mit deutlich steigenden L\u00f6hnen und Geh\u00e4ltern lassen derzeit die realen Einkommenszuw\u00e4chse signifikant steigen. Auch die Rentner verf\u00fcgen derzeit \u00fcber reale Zuw\u00e4chse bei ihren Eink\u00fcnften. Dies n\u00e4hrt den Einkommensoptimismus.<\/p>\n\n\n\n<p>Anschaffungsneigung klettert auf h\u00f6chsten Stand seit M\u00e4rz 2022<\/p>\n\n\n\n<p>Der steigende Einkommensoptimismus sorgt bei der Anschaffungsneigung f\u00fcr R\u00fcckenwind. Der Indikator gewinnt 2,2 Z\u00e4hler hinzu und weist nun -4,7 Punkte auf. Dies ist der h\u00f6chste Stand seit mehr als zweieinhalb Jahren: Im M\u00e4rz 2022 wurde zuletzt mit -2,1 Punkten ein besserer Wert gemessen. Die Anschaffungsneigung zeigt also momentan einen leicht steigenden Trend. Allerdings ist das Niveau nach wie vor sehr niedrig. Zudem k\u00f6nnen weitere belastende Umst\u00e4nde in den n\u00e4chsten Monaten hinzukommen: Die Arbeitslosigkeit und die Zahl der Unternehmensinsolvenzen sind zuletzt leicht angestiegen. Dies wird die Sorgen um den Arbeitsplatz bei einer Reihe von Besch\u00e4ftigten erh\u00f6hen. Und diese Sorge kann ein belastender Faktor f\u00fcr die Konsumneigung sein.<\/p>\n\n\n\n<p>Fuente y foto: GfK<\/p>\n","protected":false},"excerpt":{"rendered":"<p>Die Verbraucherstimmung in Deutschland setzt im Oktober ihre Erholung fort. Da sich sowohl die Einkommenserwartung als auch die<\/p>\n","protected":false},"author":1,"featured_media":2635,"comment_status":"closed","ping_status":"closed","sticky":false,"template":"","format":"standard","meta":{"footnotes":""},"categories":[34],"tags":[],"class_list":["post-2634","post","type-post","status-publish","format-standard","has-post-thumbnail","hentry","category-allgemein"],"featured_image_urls":{"full":["https:\/\/agronoticias.es\/de\/wp-content\/uploads\/2024\/10\/Konsumklima-oktober-24.png",768,511,false],"thumbnail":["https:\/\/agronoticias.es\/de\/wp-content\/uploads\/2024\/10\/Konsumklima-oktober-24-150x150.png",150,150,true],"medium":["https:\/\/agronoticias.es\/de\/wp-content\/uploads\/2024\/10\/Konsumklima-oktober-24-300x200.png",300,200,true],"medium_large":["https:\/\/agronoticias.es\/de\/wp-content\/uploads\/2024\/10\/Konsumklima-oktober-24.png",640,426,false],"large":["https:\/\/agronoticias.es\/de\/wp-content\/uploads\/2024\/10\/Konsumklima-oktober-24.png",640,426,false],"1536x1536":["https:\/\/agronoticias.es\/de\/wp-content\/uploads\/2024\/10\/Konsumklima-oktober-24.png",768,511,false],"2048x2048":["https:\/\/agronoticias.es\/de\/wp-content\/uploads\/2024\/10\/Konsumklima-oktober-24.png",768,511,false],"morenews-large":["https:\/\/agronoticias.es\/de\/wp-content\/uploads\/2024\/10\/Konsumklima-oktober-24.png",768,511,false],"morenews-medium":["https:\/\/agronoticias.es\/de\/wp-content\/uploads\/2024\/10\/Konsumklima-oktober-24-590x410.png",590,410,true]},"author_info":{"display_name":"admin","author_link":"https:\/\/agronoticias.es\/de\/author\/admin\/"},"category_info":"<a href=\"https:\/\/agronoticias.es\/de\/category\/allgemein\/\" rel=\"category tag\">Allgemein<\/a>","tag_info":"Allgemein","comment_count":"0","_links":{"self":[{"href":"https:\/\/agronoticias.es\/de\/wp-json\/wp\/v2\/posts\/2634","targetHints":{"allow":["GET"]}}],"collection":[{"href":"https:\/\/agronoticias.es\/de\/wp-json\/wp\/v2\/posts"}],"about":[{"href":"https:\/\/agronoticias.es\/de\/wp-json\/wp\/v2\/types\/post"}],"author":[{"embeddable":true,"href":"https:\/\/agronoticias.es\/de\/wp-json\/wp\/v2\/users\/1"}],"replies":[{"embeddable":true,"href":"https:\/\/agronoticias.es\/de\/wp-json\/wp\/v2\/comments?post=2634"}],"version-history":[{"count":1,"href":"https:\/\/agronoticias.es\/de\/wp-json\/wp\/v2\/posts\/2634\/revisions"}],"predecessor-version":[{"id":2636,"href":"https:\/\/agronoticias.es\/de\/wp-json\/wp\/v2\/posts\/2634\/revisions\/2636"}],"wp:featuredmedia":[{"embeddable":true,"href":"https:\/\/agronoticias.es\/de\/wp-json\/wp\/v2\/media\/2635"}],"wp:attachment":[{"href":"https:\/\/agronoticias.es\/de\/wp-json\/wp\/v2\/media?parent=2634"}],"wp:term":[{"taxonomy":"category","embeddable":true,"href":"https:\/\/agronoticias.es\/de\/wp-json\/wp\/v2\/categories?post=2634"},{"taxonomy":"post_tag","embeddable":true,"href":"https:\/\/agronoticias.es\/de\/wp-json\/wp\/v2\/tags?post=2634"}],"curies":[{"name":"wp","href":"https:\/\/api.w.org\/{rel}","templated":true}]}}