{"id":2631,"date":"2024-10-25T11:09:23","date_gmt":"2024-10-25T09:09:23","guid":{"rendered":"https:\/\/agronoticias.es\/de\/?p=2631"},"modified":"2024-10-25T11:09:24","modified_gmt":"2024-10-25T09:09:24","slug":"spanien-erholte-mandelproduktion-in-der-saison-24-25","status":"publish","type":"post","link":"https:\/\/agronoticias.es\/de\/spanien-erholte-mandelproduktion-in-der-saison-24-25\/","title":{"rendered":"Spanien: erholte Mandelproduktion in der Saison 24\/25"},"content":{"rendered":"\n<p>Nach Sch\u00e4tzungen des spanischen Landwirtschaftsministeriums wird die nationale Mandelproduktion in der Saison 24\/25 insgesamt 373.558 Tonnen erreichen. Das ist ein Wachstum von 17,5 % gegen\u00fcber der vergangenen Saison und liegt damit 9,1 % \u00fcber dem Durchschnitt der letzten f\u00fcnf Kampagnen (2019-2023). Spanien ist weltweit zweitgr\u00f6\u00dfter Mandelproduzent. Der Anteil an der nationalen Anbaufl\u00e4che f\u00fcr Schalenfr\u00fcchte liegt bei 85 %.<\/p>\n\n\n\n<p>Die Daten, die in KW 43\/24 anl\u00e4sslich des runden Tisches des Nuss- und Mandelsektors unter dem Vorsitz der Generaldirektorin f\u00fcr landwirtschaftliche Produktion und M\u00e4rkte, Elena Busutil, ver\u00f6ffentlicht wurden, best\u00e4tigen die gute Erholung dieser Kultur, die in den beiden vergangenen Kampagnen durch Frost und Trockenheit stark beeintr\u00e4chtigt wurde. Allerdings ist die Situation nicht in allen Produktionsgebieten gleich. W\u00e4hrend in Arag\u00f3n und Castilla-La Mancha die Ernte um 38 % bzw. 49 % \u00fcber dem Durchschnitt der vergangenen f\u00fcnf Kampagnen liegt, sind im Land Valencia und Murcia aufgrund der fehlenden Niederschl\u00e4ge im S\u00fcdosten Spaniens R\u00fcckg\u00e4nge von mehr als 35 % zu verzeichnen.<\/p>\n\n\n\n<p><a><\/a> W\u00e4hrend der Sitzung wurde auch die Bilanz der letzten Saison analysiert, sowohl in Bezug auf Produktion, Fl\u00e4che, Au\u00dfenhandel als auch auf den Konsum der Haushalte. Der Sektor weist bei Mandeln, Pistazien und Waln\u00fcssen ein erhebliches Wachstumspotenzial auf, wobei der Anteil der noch nicht in Produktion getretenen Anpflanzungen sehr hoch ist: 15,5 % bei Mandeln, 63 % bei Pistazien und 20,3 % bei Waln\u00fcssen.<\/p>\n\n\n\n<p>Im Au\u00dfenhandel machen Mandeln 90 % des Gesamtwerts der exportierten Schalenfr\u00fcchte aus. Sie verzeichnen einen positiven Saldo von 188 Mio Euro, mehr als doppelt so viel wie in der vergangenen Saison und 35 % mehr als im Durchschnitt der vergangenen f\u00fcnf Kampagnen. In 23\/24 stiegen die Exporte um 6,3 % im Vergleich zu 22\/23, w\u00e4hrend die Importe um 17 % zur\u00fcckgingen.<\/p>\n\n\n\n<p>Der wichtigste Markt f\u00fcr spanische Mandeln ist die EU. Ihr Marktanteil liegt nach den USA bei 23 %. In der Saison 23\/24 hat sich der Absatz mit der EU mit einem Umsatz- und Mengenwachstum von 6,7 % bzw. 14 % positiv entwickelt. Quelle &#8211; mapaa<\/p>\n","protected":false},"excerpt":{"rendered":"<p>Nach Sch\u00e4tzungen des spanischen Landwirtschaftsministeriums wird die nationale Mandelproduktion in der Saison 24\/25 insgesamt 373.558 Tonnen erreichen. Das<\/p>\n","protected":false},"author":1,"featured_media":2632,"comment_status":"closed","ping_status":"closed","sticky":false,"template":"","format":"standard","meta":{"footnotes":""},"categories":[34],"tags":[],"class_list":["post-2631","post","type-post","status-publish","format-standard","has-post-thumbnail","hentry","category-allgemein"],"featured_image_urls":{"full":["https:\/\/agronoticias.es\/de\/wp-content\/uploads\/2024\/10\/almendras-8-20-1024x512-1.jpg",1024,512,false],"thumbnail":["https:\/\/agronoticias.es\/de\/wp-content\/uploads\/2024\/10\/almendras-8-20-1024x512-1-150x150.jpg",150,150,true],"medium":["https:\/\/agronoticias.es\/de\/wp-content\/uploads\/2024\/10\/almendras-8-20-1024x512-1-300x150.jpg",300,150,true],"medium_large":["https:\/\/agronoticias.es\/de\/wp-content\/uploads\/2024\/10\/almendras-8-20-1024x512-1-768x384.jpg",640,320,true],"large":["https:\/\/agronoticias.es\/de\/wp-content\/uploads\/2024\/10\/almendras-8-20-1024x512-1.jpg",640,320,false],"1536x1536":["https:\/\/agronoticias.es\/de\/wp-content\/uploads\/2024\/10\/almendras-8-20-1024x512-1.jpg",1024,512,false],"2048x2048":["https:\/\/agronoticias.es\/de\/wp-content\/uploads\/2024\/10\/almendras-8-20-1024x512-1.jpg",1024,512,false],"morenews-large":["https:\/\/agronoticias.es\/de\/wp-content\/uploads\/2024\/10\/almendras-8-20-1024x512-1-825x512.jpg",825,512,true],"morenews-medium":["https:\/\/agronoticias.es\/de\/wp-content\/uploads\/2024\/10\/almendras-8-20-1024x512-1-590x410.jpg",590,410,true]},"author_info":{"display_name":"admin","author_link":"https:\/\/agronoticias.es\/de\/author\/admin\/"},"category_info":"<a href=\"https:\/\/agronoticias.es\/de\/category\/allgemein\/\" rel=\"category tag\">Allgemein<\/a>","tag_info":"Allgemein","comment_count":"0","_links":{"self":[{"href":"https:\/\/agronoticias.es\/de\/wp-json\/wp\/v2\/posts\/2631","targetHints":{"allow":["GET"]}}],"collection":[{"href":"https:\/\/agronoticias.es\/de\/wp-json\/wp\/v2\/posts"}],"about":[{"href":"https:\/\/agronoticias.es\/de\/wp-json\/wp\/v2\/types\/post"}],"author":[{"embeddable":true,"href":"https:\/\/agronoticias.es\/de\/wp-json\/wp\/v2\/users\/1"}],"replies":[{"embeddable":true,"href":"https:\/\/agronoticias.es\/de\/wp-json\/wp\/v2\/comments?post=2631"}],"version-history":[{"count":1,"href":"https:\/\/agronoticias.es\/de\/wp-json\/wp\/v2\/posts\/2631\/revisions"}],"predecessor-version":[{"id":2633,"href":"https:\/\/agronoticias.es\/de\/wp-json\/wp\/v2\/posts\/2631\/revisions\/2633"}],"wp:featuredmedia":[{"embeddable":true,"href":"https:\/\/agronoticias.es\/de\/wp-json\/wp\/v2\/media\/2632"}],"wp:attachment":[{"href":"https:\/\/agronoticias.es\/de\/wp-json\/wp\/v2\/media?parent=2631"}],"wp:term":[{"taxonomy":"category","embeddable":true,"href":"https:\/\/agronoticias.es\/de\/wp-json\/wp\/v2\/categories?post=2631"},{"taxonomy":"post_tag","embeddable":true,"href":"https:\/\/agronoticias.es\/de\/wp-json\/wp\/v2\/tags?post=2631"}],"curies":[{"name":"wp","href":"https:\/\/api.w.org\/{rel}","templated":true}]}}