{"id":2623,"date":"2024-10-25T10:06:33","date_gmt":"2024-10-25T08:06:33","guid":{"rendered":"https:\/\/agronoticias.es\/de\/?p=2623"},"modified":"2024-10-25T10:08:56","modified_gmt":"2024-10-25T08:08:56","slug":"weniger-kakis-als-erwartet","status":"publish","type":"post","link":"https:\/\/agronoticias.es\/de\/weniger-kakis-als-erwartet\/","title":{"rendered":"Weniger Kakis als erwartet"},"content":{"rendered":"\n<p>(DS) &#8211; Auch in diesem Jahr hat Anecoop an der Fruit Attraction teilgenommen. In Halle 5 hat das Unternehmen auf zwei gro\u00dfen St\u00e4nden sein gesamtes Obst- und Gem\u00fcseangebot pr\u00e4sentiert, sowohl aus konventionellem als auch biologischem Anbau. Die Genossenschaft 2. Grades kam nach Madrid mit einem bereits abgeschlossenen Gesch\u00e4ftsjahr 23\/24. \u201eDie Zahlen zeigen ein Mengen- und Umsatzwachstum\u201c erkl\u00e4rte Carlota Pardo, Kommunikations-Managerin bei Anecoop, in einer ersten Bilanz.<\/p>\n\n\n\n<p>Kakis und Citrus sind zwei Schwergewichte von Anecoop. Die Messe ist ein idealer Ort um Informationen \u00fcber die Entwicklung der Kampagnen zu aktualisieren. Bei Kakis wird die zur Verf\u00fcgung stehende Menge kleiner sein als geplant. Motiv: Der starke Befall von Cotonet (Schmierlaus\/Delottococcus aberiae), ein Sch\u00e4dling, der anscheinend nach einem sehr trockenen Jahr durch die letzten Niederschl\u00e4ge und hohen Temperaturen der letzten Wochen wieder aufgewacht ist. Carlota Pardo dazu: \u201eDerzeit ( KW 41\/24) stellen wir einen Sch\u00e4dlingsbefall fest, der die erwarteten Erntemengen um 30 % reduziert. Daneben verfolgen wir auch die Entwicklung des Trips aus S\u00fcdafrika.\u201c<\/p>\n\n\n\n<p><img fetchpriority=\"high\" decoding=\"async\" width=\"1000\" height=\"664\" class=\"wp-image-2625\" style=\"width: 1000px;\" src=\"https:\/\/agronoticias.es\/de\/wp-content\/uploads\/2024\/10\/anecoopfa24citricos.jpg\" alt=\"\" srcset=\"https:\/\/agronoticias.es\/de\/wp-content\/uploads\/2024\/10\/anecoopfa24citricos.jpg 1000w, https:\/\/agronoticias.es\/de\/wp-content\/uploads\/2024\/10\/anecoopfa24citricos-300x199.jpg 300w, https:\/\/agronoticias.es\/de\/wp-content\/uploads\/2024\/10\/anecoopfa24citricos-768x510.jpg 768w\" sizes=\"(max-width: 1000px) 100vw, 1000px\" \/><\/p>\n\n\n\n<p><strong>Erholung der andalusischen Citrusproduktion<\/strong><\/p>\n\n\n\n<p>Bei Citrus erwartet Anecoop in der Saison 24\/25 in etwa dieselben Mengen wie 23\/24, rund 300.000 Tonnen. Haupts\u00e4chlich Orangen, gefolgt von Mandarinen, Clementinen, Zitronen und Grapefruits.<\/p>\n\n\n\n<p>Carlota Pardo \u00fcber die Situation nach Sorten: \u201eBei Orangen Navelinas wird im Land Valencia mit einem Produktionsr\u00fcckgang zwischen 5% und 10 % gerechnet, der jedoch durch die andalusischen Mengen kompensiert wird. Dort rechnen wir mit einem Wachstum zwischen 30 % und 35 %, oder sogar noch mehr. Erinnern wir uns, das letzte Jahr war in Andalusien aufgrund der Trockenheit sehr schwierig.\u201c<\/p>\n\n\n\n<p>Weiter erkl\u00e4rte sie: \u201eBei sp\u00e4ten Navel-Orangen erwarten wir einen deutlichen Anstieg vor allem in Andalusien und einen moderaten Anstieg im Land Valencia, so dass wir vom ersten Moment an proaktiv auf den europ\u00e4ischen M\u00e4rkten agieren werden. Das ist ein gutes Zeichen f\u00fcr unsere Ernten. Bei Saftorangen ist vor allem in Andalusien bei Salustiana eine Erholung zu verzeichnen, mit mehr als 40 %, fast doppelt so viel wie im letzten Jahr vermarktet wurde. Es besteht ein gro\u00dfes Interesse an Industrieorangen mit Vertr\u00e4gen zu vern\u00fcnftigen Preisen. Bei den Valencias ist das Wachstum in Andalusien moderater, w\u00e4hrend die Produktion in Valencia zur\u00fcckgeht\u201c.<\/p>\n\n\n\n<p>\u201eIn Bezug auf Mandarinen hat sich die Saison der fr\u00fchen Sorten, wie Okitsu und Satsuma, normal entwickelt und mit guten Mengen. Auch Clemensoon, unsere extrafr\u00fche Sorte, l\u00e4uft gut. Die Mengen in dieser Kampagne belaufen sich auf 4.000 t,\u201c erkl\u00e4rte sie.<\/p>\n\n\n\n<p>Jetzt richtet sich der Fokus auf die restlichen Clementinen, von denen der allgemeine Produktionsr\u00fcckgang im Land Valencia bekannt ist. Diesbez\u00fcglich betonte Carlota Pardo: \u201eUnsere Mitglieder in der Provinz Castell\u00f3n haben uns dagegen \u00fcber ein moderates Wachstum bei Clementinen informiert. Die Entwicklung der Fr\u00fcchte ist positiv, sowohl was die F\u00e4rbung als auch die innere Qualit\u00e4t betrifft.\u201c<\/p>\n\n\n\n<p>\u201eBei sp\u00e4ten Mandarinen erwarten wir einen Mengenanstieg, auch bei Zwischensorten wie Clemenvilla und einen R\u00fcckgang bei Ortanique, eine Sorte die allm\u00e4hlich verschwindet\u201c, informierte C. Pardo.<\/p>\n\n\n\n<p><strong>Bewertung der Messe<\/strong><\/p>\n\n\n\n<p>C.Pardo abschlie\u00dfend:\u201eDie Fruit Attraction ist bereits ein mehr als konsolidierter internationaler Treffpunkt f\u00fcr unseren Sektor, und das zu einem strategischen Zeitpunkt im Jahr, der es uns erm\u00f6glicht, den ersten Teil der Saison mit Kunden und Lieferanten zu planen. Das Niveau der kommerziellen Aktivit\u00e4ten steigt mit jeder Ausgabe, mit sehr wertvollen Ergebnissen f\u00fcr unsere Gruppe, sowohl aus operativer Sicht als auch im Hinblickt auf den Informationsaustausch\u201c ds<\/p>\n","protected":false},"excerpt":{"rendered":"<p>(DS) &#8211; Auch in diesem Jahr hat Anecoop an der Fruit Attraction teilgenommen. In Halle 5 hat das<\/p>\n","protected":false},"author":1,"featured_media":2624,"comment_status":"closed","ping_status":"closed","sticky":false,"template":"","format":"standard","meta":{"footnotes":""},"categories":[1],"tags":[],"class_list":["post-2623","post","type-post","status-publish","format-standard","has-post-thumbnail","hentry","category-veranstaltungen"],"featured_image_urls":{"full":["https:\/\/agronoticias.es\/de\/wp-content\/uploads\/2024\/10\/anecoopfa24.jpg",800,531,false],"thumbnail":["https:\/\/agronoticias.es\/de\/wp-content\/uploads\/2024\/10\/anecoopfa24-150x150.jpg",150,150,true],"medium":["https:\/\/agronoticias.es\/de\/wp-content\/uploads\/2024\/10\/anecoopfa24-300x199.jpg",300,199,true],"medium_large":["https:\/\/agronoticias.es\/de\/wp-content\/uploads\/2024\/10\/anecoopfa24-768x510.jpg",640,425,true],"large":["https:\/\/agronoticias.es\/de\/wp-content\/uploads\/2024\/10\/anecoopfa24.jpg",640,425,false],"1536x1536":["https:\/\/agronoticias.es\/de\/wp-content\/uploads\/2024\/10\/anecoopfa24.jpg",800,531,false],"2048x2048":["https:\/\/agronoticias.es\/de\/wp-content\/uploads\/2024\/10\/anecoopfa24.jpg",800,531,false],"morenews-large":["https:\/\/agronoticias.es\/de\/wp-content\/uploads\/2024\/10\/anecoopfa24.jpg",800,531,false],"morenews-medium":["https:\/\/agronoticias.es\/de\/wp-content\/uploads\/2024\/10\/anecoopfa24-590x410.jpg",590,410,true]},"author_info":{"display_name":"admin","author_link":"https:\/\/agronoticias.es\/de\/author\/admin\/"},"category_info":"<a href=\"https:\/\/agronoticias.es\/de\/category\/veranstaltungen\/\" rel=\"category tag\">Veranstaltungen<\/a>","tag_info":"Veranstaltungen","comment_count":"0","_links":{"self":[{"href":"https:\/\/agronoticias.es\/de\/wp-json\/wp\/v2\/posts\/2623","targetHints":{"allow":["GET"]}}],"collection":[{"href":"https:\/\/agronoticias.es\/de\/wp-json\/wp\/v2\/posts"}],"about":[{"href":"https:\/\/agronoticias.es\/de\/wp-json\/wp\/v2\/types\/post"}],"author":[{"embeddable":true,"href":"https:\/\/agronoticias.es\/de\/wp-json\/wp\/v2\/users\/1"}],"replies":[{"embeddable":true,"href":"https:\/\/agronoticias.es\/de\/wp-json\/wp\/v2\/comments?post=2623"}],"version-history":[{"count":2,"href":"https:\/\/agronoticias.es\/de\/wp-json\/wp\/v2\/posts\/2623\/revisions"}],"predecessor-version":[{"id":2627,"href":"https:\/\/agronoticias.es\/de\/wp-json\/wp\/v2\/posts\/2623\/revisions\/2627"}],"wp:featuredmedia":[{"embeddable":true,"href":"https:\/\/agronoticias.es\/de\/wp-json\/wp\/v2\/media\/2624"}],"wp:attachment":[{"href":"https:\/\/agronoticias.es\/de\/wp-json\/wp\/v2\/media?parent=2623"}],"wp:term":[{"taxonomy":"category","embeddable":true,"href":"https:\/\/agronoticias.es\/de\/wp-json\/wp\/v2\/categories?post=2623"},{"taxonomy":"post_tag","embeddable":true,"href":"https:\/\/agronoticias.es\/de\/wp-json\/wp\/v2\/tags?post=2623"}],"curies":[{"name":"wp","href":"https:\/\/api.w.org\/{rel}","templated":true}]}}