{"id":2572,"date":"2024-10-02T17:43:54","date_gmt":"2024-10-02T15:43:54","guid":{"rendered":"https:\/\/agronoticias.es\/de\/?p=2572"},"modified":"2024-10-02T17:43:56","modified_gmt":"2024-10-02T15:43:56","slug":"guillem-export-und-frutas-tono-vereinen-ihre-corporate-identity-unter-dem-namen-deterra","status":"publish","type":"post","link":"https:\/\/agronoticias.es\/de\/guillem-export-und-frutas-tono-vereinen-ihre-corporate-identity-unter-dem-namen-deterra\/","title":{"rendered":"Guillem Export und Frutas Tono vereinen ihre Corporate Identity unter dem Namen \u201edeterra\u201c."},"content":{"rendered":"\n<p><\/p>\n\n\n\n<p>Guillem Export und Frutas Tono vereinigen ihre Corporate Identity und gr\u00fcnden deterra. Das neue Unternehmen konsolidiert alle von den Familien Guillem und Vercher gegr\u00fcndete Obst-Vermarktungsunternehmen, die in den letzten Jahren erfolgreich Frutas Romu und Mugui integriert haben. Das Ergebnis ist die Schaffung einer Gruppe, die mit einem Jahresumsatz von \u00fcber 200 Mio Euro und mehr als 190 Mio kg vermarkteter Fr\u00fcchte eine Referenz auf dem Markt darstellt.<\/p>\n\n\n\n<p>Diese Gr\u00f6\u00dfenordnungen ergeben sich aus dem direkten Management von 3.200 ha in Andalusien, Murcia, Land Valencia und Tarragona sowie aus f\u00fcnf eigenen Packstationenund einer Logistikplattform in Perpignan f\u00fcr die Belieferung von Frankreich und dem \u00fcbrigen europ\u00e4ischen Markt.<\/p>\n\n\n\n<p>deterra besteht aus einem Team von mehr als 3.000 Mitarbeitern, die seit diesem Sommer unter der Leitung &nbsp;des neuen CEO &nbsp;V\u00edctor Asensio arbeiten. Die Gr\u00fcndungsmitglieder und die Grupo Atitlan vertrauen auf seinen beruflichen Werdegang mit diversen Verantwortlichkeiten in den Bereichen Produktion, Vermarktung und Vertrieb von Frischeprodukten, um diese neue Phase zu leiten.<\/p>\n\n\n\n<p>Die Gruppe vermarket derzeit Obst in mehr als 31 L\u00e4ndern, vor allem Citrusfr\u00fcchte, und beabsichtigt, ihre Kunden mit weiteren Produktkategorien (Beeren, Avocados, Trauben usw.) an 365 Tagen im Jahr zu beliefern. Um dies zu erreichen, wird sie ihre Vielfalt der Herk\u00fcnfte mit denselben Sorten und Qualit\u00e4ten erweitern, um das Angebot \u00fcber die zw\u00f6lf Monate hinweg zu erg\u00e4nzen.<\/p>\n\n\n\n<p>Um dieses Engagement &nbsp;mit vollen Garantien f\u00fcr die Kunden zu erf\u00fcllen, kontrolliert deterra den gesamten Produktionsprozess der von ihr verkauften Fr\u00fcchte, vom Campo bis zum Endverbraucher. Gleichzeitig setzt deterra auf Qualit\u00e4t, Innovation und kontinuierliche Sortenentwicklung, um die neuen Marktanforderungen zu erf\u00fcllen.<\/p>\n\n\n\n<p>deterra wird auf der n\u00e4chsten Fruit Attraction pr\u00e4sent sein, die vom 8. bis 10. Oktober auf der IFEMA Madrid stattfinden wird. Dies ist der perfekte Rahmen, um das neue Image und alle Neuheiten der gerade begonnenen Kampagne vorzustellen, so das Unternehmen. Quelle und Foto: deterra<\/p>\n","protected":false},"excerpt":{"rendered":"<p>Guillem Export und Frutas Tono vereinigen ihre Corporate Identity und gr\u00fcnden deterra. Das neue Unternehmen konsolidiert alle von<\/p>\n","protected":false},"author":1,"featured_media":2573,"comment_status":"closed","ping_status":"closed","sticky":false,"template":"","format":"standard","meta":{"footnotes":""},"categories":[34],"tags":[],"class_list":["post-2572","post","type-post","status-publish","format-standard","has-post-thumbnail","hentry","category-allgemein"],"featured_image_urls":{"full":["https:\/\/agronoticias.es\/de\/wp-content\/uploads\/2024\/10\/deterralogo.jpg",221,67,false],"thumbnail":["https:\/\/agronoticias.es\/de\/wp-content\/uploads\/2024\/10\/deterralogo-150x67.jpg",150,67,true],"medium":["https:\/\/agronoticias.es\/de\/wp-content\/uploads\/2024\/10\/deterralogo.jpg",221,67,false],"medium_large":["https:\/\/agronoticias.es\/de\/wp-content\/uploads\/2024\/10\/deterralogo.jpg",221,67,false],"large":["https:\/\/agronoticias.es\/de\/wp-content\/uploads\/2024\/10\/deterralogo.jpg",221,67,false],"1536x1536":["https:\/\/agronoticias.es\/de\/wp-content\/uploads\/2024\/10\/deterralogo.jpg",221,67,false],"2048x2048":["https:\/\/agronoticias.es\/de\/wp-content\/uploads\/2024\/10\/deterralogo.jpg",221,67,false],"morenews-large":["https:\/\/agronoticias.es\/de\/wp-content\/uploads\/2024\/10\/deterralogo.jpg",221,67,false],"morenews-medium":["https:\/\/agronoticias.es\/de\/wp-content\/uploads\/2024\/10\/deterralogo.jpg",221,67,false]},"author_info":{"display_name":"admin","author_link":"https:\/\/agronoticias.es\/de\/author\/admin\/"},"category_info":"<a href=\"https:\/\/agronoticias.es\/de\/category\/allgemein\/\" rel=\"category tag\">Allgemein<\/a>","tag_info":"Allgemein","comment_count":"0","_links":{"self":[{"href":"https:\/\/agronoticias.es\/de\/wp-json\/wp\/v2\/posts\/2572","targetHints":{"allow":["GET"]}}],"collection":[{"href":"https:\/\/agronoticias.es\/de\/wp-json\/wp\/v2\/posts"}],"about":[{"href":"https:\/\/agronoticias.es\/de\/wp-json\/wp\/v2\/types\/post"}],"author":[{"embeddable":true,"href":"https:\/\/agronoticias.es\/de\/wp-json\/wp\/v2\/users\/1"}],"replies":[{"embeddable":true,"href":"https:\/\/agronoticias.es\/de\/wp-json\/wp\/v2\/comments?post=2572"}],"version-history":[{"count":1,"href":"https:\/\/agronoticias.es\/de\/wp-json\/wp\/v2\/posts\/2572\/revisions"}],"predecessor-version":[{"id":2574,"href":"https:\/\/agronoticias.es\/de\/wp-json\/wp\/v2\/posts\/2572\/revisions\/2574"}],"wp:featuredmedia":[{"embeddable":true,"href":"https:\/\/agronoticias.es\/de\/wp-json\/wp\/v2\/media\/2573"}],"wp:attachment":[{"href":"https:\/\/agronoticias.es\/de\/wp-json\/wp\/v2\/media?parent=2572"}],"wp:term":[{"taxonomy":"category","embeddable":true,"href":"https:\/\/agronoticias.es\/de\/wp-json\/wp\/v2\/categories?post=2572"},{"taxonomy":"post_tag","embeddable":true,"href":"https:\/\/agronoticias.es\/de\/wp-json\/wp\/v2\/tags?post=2572"}],"curies":[{"name":"wp","href":"https:\/\/api.w.org\/{rel}","templated":true}]}}