{"id":2566,"date":"2024-09-30T12:00:01","date_gmt":"2024-09-30T10:00:01","guid":{"rendered":"https:\/\/agronoticias.es\/de\/?p=2566"},"modified":"2024-09-30T12:00:03","modified_gmt":"2024-09-30T10:00:03","slug":"spanien-benihort-investiert-3-mio-euro-in-die-qualitatsverbesserung-seiner-citrusfruchte","status":"publish","type":"post","link":"https:\/\/agronoticias.es\/de\/spanien-benihort-investiert-3-mio-euro-in-die-qualitatsverbesserung-seiner-citrusfruchte\/","title":{"rendered":"Spanien: Benihort investiert 3 Mio Euro in die Qualit\u00e4tsverbesserung seiner Citrusfr\u00fcchte"},"content":{"rendered":"\n<p> <\/p>\n\n\n\n<p><\/p>\n\n\n\n<p>Die Qualit\u00e4t der Fr\u00fcchte weiter zu verbessern und die Produktionsmengen zu steigern sind die Ziele der Cooperativa Benihort (Benicarlo\/Castell\u00f3n) f\u00fcr die Citrussaison 24\/25. Diese beginnt mit einer&nbsp; Investition von 3 Mio Euro in die Modernisierung des Maschinenparks. Zwei Kalibriermaschinen werden eine automatische Auswahl der Fr\u00fcchte mit KI durchf\u00fchren.<\/p>\n\n\n\n<p>Benihort, Genossenschaftsmitglied von Anecoop, hat w\u00e4hrend des Sommers bedeutende technische Massnahmen in seinen Citrusanlagen realisiert. Luis Monta\u00f1es, Verantwortlicher f\u00fcr den Bereich Citrus, erkl\u00e4rte: \u201eDie wichtigste Neuerung ist die Installation von zwei Zwillings-Kalibriermaschinen mit 8 Lienien und einem Qualit\u00e4tsmodul, das auch k\u00fcnstliche Intelligenz zur Auswahl der Fr\u00fcchte enth\u00e4lt. Dieser neue Selektions- und Kalibrierprozess ist auf den Endprozess der Konfektions ausgerichtet um die Homogenit\u00e4t der Produkte zu erhalten und sicherzustellen, dass unsere Lieferungen in der von unseren Kunden verlangten Qualit\u00e4t ankommen.\u201c<\/p>\n\n\n\n<p>Dieses fortschrittliche Kalibrierungssystem erm\u00f6glicht es, die Klassifizierungsparameter zu bestimmen, um m\u00f6gliche Fehler zu erkennen: Schalenbesch\u00e4digung, Markierungen, Kratzer, Insektensch\u00e4den, deformierte Fr\u00fcchte, und erkennt auch innere Defekte wie Brix, Trockenmaterie etc. Ab der neuen Saison werden &nbsp;diese Informationen dazu beitragen, die Qualit\u00e4t der von Benihort vermarkteten Produkte zu verbessern.<\/p>\n\n\n\n<p>Neben den Fortschritten in Bezug auf die Qualit\u00e4t ist&nbsp; die&nbsp; Produktionssteigerung eine weitere Herausforderung, die sich die Genossenschaft unter der Leitung von Sergio Ortiz Bueno gestellt hat. \u201eIn unserem Citrusanbaugebiet arbeiten wir daran, die bestehenden Sorten zu konsolidieren und die Mengen zu erh\u00f6hen. Das haben wir bereits in der zweiten H\u00e4lfte der letzten Saison gesehen, dank der Neuanpflanzungen der Sorte Valencias und der Konversion von Fincas, die mehr als 20 Jahre alt sind. Auf diese Weise verbessern wir auch dort die Qualit\u00e4t der Fr\u00fcchte\u201c erkl\u00e4rte Monta\u00f1\u00e9s.<\/p>\n\n\n\n<p>Benihort beginnt die neue Citrussaison voraussichtlich ab dem 14. Oktober mit den fr\u00fchen Sorten wie Clementinen.<\/p>\n","protected":false},"excerpt":{"rendered":"<p>Die Qualit\u00e4t der Fr\u00fcchte weiter zu verbessern und die Produktionsmengen zu steigern sind die Ziele der Cooperativa Benihort<\/p>\n","protected":false},"author":1,"featured_media":2564,"comment_status":"closed","ping_status":"closed","sticky":false,"template":"","format":"standard","meta":{"footnotes":""},"categories":[34],"tags":[],"class_list":["post-2566","post","type-post","status-publish","format-standard","has-post-thumbnail","hentry","category-allgemein"],"featured_image_urls":{"full":["https:\/\/agronoticias.es\/de\/wp-content\/uploads\/2024\/09\/image.png",1000,563,false],"thumbnail":["https:\/\/agronoticias.es\/de\/wp-content\/uploads\/2024\/09\/image-150x150.png",150,150,true],"medium":["https:\/\/agronoticias.es\/de\/wp-content\/uploads\/2024\/09\/image-300x169.png",300,169,true],"medium_large":["https:\/\/agronoticias.es\/de\/wp-content\/uploads\/2024\/09\/image-768x432.png",640,360,true],"large":["https:\/\/agronoticias.es\/de\/wp-content\/uploads\/2024\/09\/image.png",640,360,false],"1536x1536":["https:\/\/agronoticias.es\/de\/wp-content\/uploads\/2024\/09\/image.png",1000,563,false],"2048x2048":["https:\/\/agronoticias.es\/de\/wp-content\/uploads\/2024\/09\/image.png",1000,563,false],"morenews-large":["https:\/\/agronoticias.es\/de\/wp-content\/uploads\/2024\/09\/image-825x563.png",825,563,true],"morenews-medium":["https:\/\/agronoticias.es\/de\/wp-content\/uploads\/2024\/09\/image-590x410.png",590,410,true]},"author_info":{"display_name":"admin","author_link":"https:\/\/agronoticias.es\/de\/author\/admin\/"},"category_info":"<a href=\"https:\/\/agronoticias.es\/de\/category\/allgemein\/\" rel=\"category tag\">Allgemein<\/a>","tag_info":"Allgemein","comment_count":"0","_links":{"self":[{"href":"https:\/\/agronoticias.es\/de\/wp-json\/wp\/v2\/posts\/2566","targetHints":{"allow":["GET"]}}],"collection":[{"href":"https:\/\/agronoticias.es\/de\/wp-json\/wp\/v2\/posts"}],"about":[{"href":"https:\/\/agronoticias.es\/de\/wp-json\/wp\/v2\/types\/post"}],"author":[{"embeddable":true,"href":"https:\/\/agronoticias.es\/de\/wp-json\/wp\/v2\/users\/1"}],"replies":[{"embeddable":true,"href":"https:\/\/agronoticias.es\/de\/wp-json\/wp\/v2\/comments?post=2566"}],"version-history":[{"count":1,"href":"https:\/\/agronoticias.es\/de\/wp-json\/wp\/v2\/posts\/2566\/revisions"}],"predecessor-version":[{"id":2567,"href":"https:\/\/agronoticias.es\/de\/wp-json\/wp\/v2\/posts\/2566\/revisions\/2567"}],"wp:featuredmedia":[{"embeddable":true,"href":"https:\/\/agronoticias.es\/de\/wp-json\/wp\/v2\/media\/2564"}],"wp:attachment":[{"href":"https:\/\/agronoticias.es\/de\/wp-json\/wp\/v2\/media?parent=2566"}],"wp:term":[{"taxonomy":"category","embeddable":true,"href":"https:\/\/agronoticias.es\/de\/wp-json\/wp\/v2\/categories?post=2566"},{"taxonomy":"post_tag","embeddable":true,"href":"https:\/\/agronoticias.es\/de\/wp-json\/wp\/v2\/tags?post=2566"}],"curies":[{"name":"wp","href":"https:\/\/api.w.org\/{rel}","templated":true}]}}