{"id":2550,"date":"2024-09-26T13:03:22","date_gmt":"2024-09-26T11:03:22","guid":{"rendered":"https:\/\/agronoticias.es\/de\/?p=2550"},"modified":"2024-09-26T13:03:24","modified_gmt":"2024-09-26T11:03:24","slug":"almeria-steigende-preise-durch-kleine-mengen","status":"publish","type":"post","link":"https:\/\/agronoticias.es\/de\/almeria-steigende-preise-durch-kleine-mengen\/","title":{"rendered":"Almer\u00eda: Steigende Preise durch kleine Mengen."},"content":{"rendered":"\n<p> <\/p>\n\n\n\n<p><\/p>\n\n\n\n<p>(R.P.) Aufgrund der kleinen Produktionsmengen sind die Preise in KW 39\/24 in den almeriensischen Vermarktungszentren gestiegen. F\u00fcr Gurken Typ frances wurden 0,80 Euro\/kg bis 0,70 Euro\/kg bezahlt, f\u00fcr Gurken corto negro 0,87 Euro\/kg bis 0,60 Euro\/kg und f\u00fcr Schlangengurken 0,80 Euro\/kg bis 0,70 Euro\/kg.<\/p>\n\n\n\n<p>Zucchini fino brachten zwischen 2,60 Euro\/kg und 2 Euro\/kg, Zucchini gordo 2,30 Euro\/kg bis 1,70 Euro\/kg und gestreifte Auberginen 1,70 Euro\/kg bis 1,40 Euro\/kg.<\/p>\n\n\n\n<p>Auch bei Tomaten kam es in KW 39\/24 zu Preissteigerungen. Lose Tomaten erzielten 1,60 Euro\/kg bis 0,95 Euro\/kg, longlife 1,70 Euro\/kg bis 1,10 Euro\/kg und Tomaten pera 1,30 Euro\/kg bis 0,90 Euro\/kg.<\/p>\n\n\n\n<p>F\u00fcr Paprika lamuyo rot wurden zwischen &nbsp;2,70 Euro\/kg und 2,15 Euro\/kg bezahlt, lamuyo gr\u00fcn 1,60 Euro\/kg 1,20 Euro\/kg. In KW 39 wurden in den Vermarktungszentren die ersten gr\u00f6sseren Mengen von Paprika california angeliefert. Die Preise waren rentabel. Paprika california gr\u00fcn erzielten im Durchschnitt 1,30 Euro\/kg, california rot 1,70 Euro\/kg bis 1,30 Euro\/kg und california gelb 1,45 bis 1,20 Euro\/kg.<\/p>\n\n\n\n<p>Im Oktober werden die Ernten in den almeriesischen Gew\u00e4chsh\u00e4usern deutlich zunehmen, und den Start der Gem\u00fcsehochsaison f\u00fcr Tomaten, Paprika, Zucchini, Gurken markieren. In dem Masse wie die Produkte dann auf die M\u00e4rkte kommen, werden sie einen moderaten Druck auf die Preise aus\u00fcben, die sich nach einem anf\u00e4nglich hohen Niveau zu stabilisieren beginnen.<\/p>\n","protected":false},"excerpt":{"rendered":"<p>(R.P.) Aufgrund der kleinen Produktionsmengen sind die Preise in KW 39\/24 in den almeriensischen Vermarktungszentren gestiegen. F\u00fcr Gurken<\/p>\n","protected":false},"author":1,"featured_media":2551,"comment_status":"closed","ping_status":"closed","sticky":false,"template":"","format":"standard","meta":{"footnotes":""},"categories":[34],"tags":[],"class_list":["post-2550","post","type-post","status-publish","format-standard","has-post-thumbnail","hentry","category-allgemein"],"featured_image_urls":{"full":["https:\/\/agronoticias.es\/de\/wp-content\/uploads\/2024\/09\/pepino-mini.png",1000,562,false],"thumbnail":["https:\/\/agronoticias.es\/de\/wp-content\/uploads\/2024\/09\/pepino-mini-150x150.png",150,150,true],"medium":["https:\/\/agronoticias.es\/de\/wp-content\/uploads\/2024\/09\/pepino-mini-300x169.png",300,169,true],"medium_large":["https:\/\/agronoticias.es\/de\/wp-content\/uploads\/2024\/09\/pepino-mini-768x432.png",640,360,true],"large":["https:\/\/agronoticias.es\/de\/wp-content\/uploads\/2024\/09\/pepino-mini.png",640,360,false],"1536x1536":["https:\/\/agronoticias.es\/de\/wp-content\/uploads\/2024\/09\/pepino-mini.png",1000,562,false],"2048x2048":["https:\/\/agronoticias.es\/de\/wp-content\/uploads\/2024\/09\/pepino-mini.png",1000,562,false],"morenews-large":["https:\/\/agronoticias.es\/de\/wp-content\/uploads\/2024\/09\/pepino-mini-825x562.png",825,562,true],"morenews-medium":["https:\/\/agronoticias.es\/de\/wp-content\/uploads\/2024\/09\/pepino-mini-590x410.png",590,410,true]},"author_info":{"display_name":"admin","author_link":"https:\/\/agronoticias.es\/de\/author\/admin\/"},"category_info":"<a href=\"https:\/\/agronoticias.es\/de\/category\/allgemein\/\" rel=\"category tag\">Allgemein<\/a>","tag_info":"Allgemein","comment_count":"0","_links":{"self":[{"href":"https:\/\/agronoticias.es\/de\/wp-json\/wp\/v2\/posts\/2550","targetHints":{"allow":["GET"]}}],"collection":[{"href":"https:\/\/agronoticias.es\/de\/wp-json\/wp\/v2\/posts"}],"about":[{"href":"https:\/\/agronoticias.es\/de\/wp-json\/wp\/v2\/types\/post"}],"author":[{"embeddable":true,"href":"https:\/\/agronoticias.es\/de\/wp-json\/wp\/v2\/users\/1"}],"replies":[{"embeddable":true,"href":"https:\/\/agronoticias.es\/de\/wp-json\/wp\/v2\/comments?post=2550"}],"version-history":[{"count":1,"href":"https:\/\/agronoticias.es\/de\/wp-json\/wp\/v2\/posts\/2550\/revisions"}],"predecessor-version":[{"id":2552,"href":"https:\/\/agronoticias.es\/de\/wp-json\/wp\/v2\/posts\/2550\/revisions\/2552"}],"wp:featuredmedia":[{"embeddable":true,"href":"https:\/\/agronoticias.es\/de\/wp-json\/wp\/v2\/media\/2551"}],"wp:attachment":[{"href":"https:\/\/agronoticias.es\/de\/wp-json\/wp\/v2\/media?parent=2550"}],"wp:term":[{"taxonomy":"category","embeddable":true,"href":"https:\/\/agronoticias.es\/de\/wp-json\/wp\/v2\/categories?post=2550"},{"taxonomy":"post_tag","embeddable":true,"href":"https:\/\/agronoticias.es\/de\/wp-json\/wp\/v2\/tags?post=2550"}],"curies":[{"name":"wp","href":"https:\/\/api.w.org\/{rel}","templated":true}]}}