{"id":2547,"date":"2024-09-25T16:31:35","date_gmt":"2024-09-25T14:31:35","guid":{"rendered":"https:\/\/agronoticias.es\/de\/?p=2547"},"modified":"2024-09-25T16:31:38","modified_gmt":"2024-09-25T14:31:38","slug":"grupo-agroponiente-prasentiert-bewusste-landwirtschaft","status":"publish","type":"post","link":"https:\/\/agronoticias.es\/de\/grupo-agroponiente-prasentiert-bewusste-landwirtschaft\/","title":{"rendered":"Grupo Agroponiente pr\u00e4sentiert \u201eBewusste Landwirtschaft\u201c"},"content":{"rendered":"\n<p> <\/p>\n\n\n\n<p><\/p>\n\n\n\n<p>Grupo Agroponiente nimmt erneut an der Fruit Attraction teil, und zwar mit einem 128 m2 gro\u00dfen Stand, auf dem das Unternehmen seine Kunden und Messebesucher am Eingang des Halle 9 im Kongresszentrum von Ifema Madrid begr\u00fc\u00dfen wird.<\/p>\n\n\n\n<p>Nach eigenen Angaben wird es ein offener Stand sein, der speziell darauf ausgerichtet ist, das Wachstum der Gruppe zu pr\u00e4sentieren und das auf allen Ebenen: von den Gesch\u00e4ftsergebnissen der letzten beiden Jahre, die Agroponiente an die Spitze des Vermarktungsvolumens des Sektors in S\u00fcdspanien gebracht haben, bis zu den Expansionen sowohl im Ursprung als auch au\u00dferhalb, mit bereits 25 Logistikzentren in den Provinzen Almer\u00eda und Granada, f\u00fcnf t\u00e4gliche Versteigerungen, sieben Packh\u00e4user und auf internationaler Ebene neue Expansionsmassnahmen.<\/p>\n\n\n\n<p>Gleichzeitig werden die Produktneuheiten des Unternehmens und das Konzept der \u201ebewussten Landwirtschaft\u201c vorgestellt, eines der Markenzeichen der letzten Jahre: ein klares Bekenntnis zu einem umweltfreundlichen, umweltschonenden Produktionssystem, das Wasser- und Energieressourcen effizient nutzt sowie ein starkes Engagement f\u00fcr die Wiederverwertung von organischen und anorganischen Abf\u00e4llen; zusammengefasst, modern, fortschrittlich und ein sichtbarer Beweis daf\u00fcr, dass eine nachhaltige und zuk\u00fcnftige Produktion nicht nur m\u00f6glich, sondern schon da ist.<\/p>\n\n\n\n<p><a><\/a> Der CEO von Grupo Agroponiente, Imanol Almud\u00ed, erkl\u00e4rte: \u201eF\u00fcr uns war die Fruit Attraction schon immer ein strategischer Termin in unserer j\u00e4hrlichen Agenda, da sie neben der Berliner Messe der maximale Treffpunkt der europ\u00e4ischen O+G-Branche ist. Traditionell haben wir sie immer sehr gut genutzt, sowohl als regelm\u00e4\u00dfiges Treffen mit unseren Kunden zur Bewertung, Planung und Ausarbeitung jeder Saison, als auch als M\u00f6glichkeit, neue M\u00e4rkte zu erschlie\u00dfen.\u201c Quelle und Foto: Agroponiente<\/p>\n","protected":false},"excerpt":{"rendered":"<p>Grupo Agroponiente nimmt erneut an der Fruit Attraction teil, und zwar mit einem 128 m2 gro\u00dfen Stand, auf<\/p>\n","protected":false},"author":1,"featured_media":2548,"comment_status":"closed","ping_status":"closed","sticky":false,"template":"","format":"standard","meta":{"footnotes":""},"categories":[1],"tags":[],"class_list":["post-2547","post","type-post","status-publish","format-standard","has-post-thumbnail","hentry","category-veranstaltungen"],"featured_image_urls":{"full":["https:\/\/agronoticias.es\/de\/wp-content\/uploads\/2024\/09\/140923-GRUPO-AGROPONIENTE.-Fruit-Attraction-2024.jpg",1280,720,false],"thumbnail":["https:\/\/agronoticias.es\/de\/wp-content\/uploads\/2024\/09\/140923-GRUPO-AGROPONIENTE.-Fruit-Attraction-2024-150x150.jpg",150,150,true],"medium":["https:\/\/agronoticias.es\/de\/wp-content\/uploads\/2024\/09\/140923-GRUPO-AGROPONIENTE.-Fruit-Attraction-2024-300x169.jpg",300,169,true],"medium_large":["https:\/\/agronoticias.es\/de\/wp-content\/uploads\/2024\/09\/140923-GRUPO-AGROPONIENTE.-Fruit-Attraction-2024-768x432.jpg",640,360,true],"large":["https:\/\/agronoticias.es\/de\/wp-content\/uploads\/2024\/09\/140923-GRUPO-AGROPONIENTE.-Fruit-Attraction-2024-1024x576.jpg",640,360,true],"1536x1536":["https:\/\/agronoticias.es\/de\/wp-content\/uploads\/2024\/09\/140923-GRUPO-AGROPONIENTE.-Fruit-Attraction-2024.jpg",1280,720,false],"2048x2048":["https:\/\/agronoticias.es\/de\/wp-content\/uploads\/2024\/09\/140923-GRUPO-AGROPONIENTE.-Fruit-Attraction-2024.jpg",1280,720,false],"morenews-large":["https:\/\/agronoticias.es\/de\/wp-content\/uploads\/2024\/09\/140923-GRUPO-AGROPONIENTE.-Fruit-Attraction-2024-825x575.jpg",825,575,true],"morenews-medium":["https:\/\/agronoticias.es\/de\/wp-content\/uploads\/2024\/09\/140923-GRUPO-AGROPONIENTE.-Fruit-Attraction-2024-590x410.jpg",590,410,true]},"author_info":{"display_name":"admin","author_link":"https:\/\/agronoticias.es\/de\/author\/admin\/"},"category_info":"<a href=\"https:\/\/agronoticias.es\/de\/category\/veranstaltungen\/\" rel=\"category tag\">Veranstaltungen<\/a>","tag_info":"Veranstaltungen","comment_count":"0","_links":{"self":[{"href":"https:\/\/agronoticias.es\/de\/wp-json\/wp\/v2\/posts\/2547","targetHints":{"allow":["GET"]}}],"collection":[{"href":"https:\/\/agronoticias.es\/de\/wp-json\/wp\/v2\/posts"}],"about":[{"href":"https:\/\/agronoticias.es\/de\/wp-json\/wp\/v2\/types\/post"}],"author":[{"embeddable":true,"href":"https:\/\/agronoticias.es\/de\/wp-json\/wp\/v2\/users\/1"}],"replies":[{"embeddable":true,"href":"https:\/\/agronoticias.es\/de\/wp-json\/wp\/v2\/comments?post=2547"}],"version-history":[{"count":1,"href":"https:\/\/agronoticias.es\/de\/wp-json\/wp\/v2\/posts\/2547\/revisions"}],"predecessor-version":[{"id":2549,"href":"https:\/\/agronoticias.es\/de\/wp-json\/wp\/v2\/posts\/2547\/revisions\/2549"}],"wp:featuredmedia":[{"embeddable":true,"href":"https:\/\/agronoticias.es\/de\/wp-json\/wp\/v2\/media\/2548"}],"wp:attachment":[{"href":"https:\/\/agronoticias.es\/de\/wp-json\/wp\/v2\/media?parent=2547"}],"wp:term":[{"taxonomy":"category","embeddable":true,"href":"https:\/\/agronoticias.es\/de\/wp-json\/wp\/v2\/categories?post=2547"},{"taxonomy":"post_tag","embeddable":true,"href":"https:\/\/agronoticias.es\/de\/wp-json\/wp\/v2\/tags?post=2547"}],"curies":[{"name":"wp","href":"https:\/\/api.w.org\/{rel}","templated":true}]}}