{"id":2536,"date":"2024-09-17T10:51:02","date_gmt":"2024-09-17T08:51:02","guid":{"rendered":"https:\/\/agronoticias.es\/de\/?p=2536"},"modified":"2024-09-17T10:51:04","modified_gmt":"2024-09-17T08:51:04","slug":"proexport-prasentiert-auf-der-fruit-attraction-seine-produktionskapazitat-und-sein-unternehmerisches-engagement","status":"publish","type":"post","link":"https:\/\/agronoticias.es\/de\/proexport-prasentiert-auf-der-fruit-attraction-seine-produktionskapazitat-und-sein-unternehmerisches-engagement\/","title":{"rendered":"Proexport pr\u00e4sentiert auf der Fruit Attraction seine Produktionskapazit\u00e4t und sein unternehmerisches Engagement"},"content":{"rendered":"\n<p>Der Verband der Obst- und Gem\u00fcseerzeuger und -exporteure der Region de Murcia (Proexport) kommt zur Fruit Attraction 2024 mit dem Ziel, seinen nationalen und internationalen Kunden das gro\u00dfe Engagement zu vermitteln, das er seit Jahren f\u00fcr die Aufrechterhaltung hoher Qualit\u00e4tsstandards und die Verpflichtung zum Angebot von Qualit\u00e4ts-O+G, das nach den besten Agrarpraktiken angebaut wird, eingegangen ist. Die Mitglieder von Proexport machen den gr\u00f6\u00dften Teil der spanischen Produktion von Salaten, Blattgem\u00fcse, Brokkoli, Blumenkohl, Staudensellerie, Artischocken und Melonen aus, sowie bedeutende Mengen u.a. von Tomaten, Paprika, Wassermelonen, Tafeltrauben und Zitronen. So wird die vom 8. bis 10. Oktober von Fepex und Ifema organisierte internationale O+G-Messe erneut der ideale Treffpunkt f\u00fcr Proexportmitglieder und Supermarktketten sein.<\/p>\n\n\n\n<p>Mariano Zapata, Pr\u00e4sident von Proexport, l\u00e4dt alle Messeteilnehmer ein, die St\u00e4nde der Mitglieder zu besuchen: \u201eEs gibt nichts Besseres, als die Mitarbeiter unserer Unternehmen pers\u00f6nlich kennenzulernen. Unternehmer und F\u00fchrungskr\u00e4fte werden die aktuellen und zuk\u00fcnftigen Kunden betreuen in der Hoffnung, dass die Herbst-Winter-Kampagne auf dem bisherigen Niveau fortgesetzt werden kann. Die Treffen und Verhandlungen werden zweifellos intensiv sein.\u201c<\/p>\n\n\n\n<p>Im Bereich Murcia in Halle 7 werden wieder die meisten Mitgliedsunternehmen von Proexport zu finden sein, einschlie\u00dflich des Verbandes, der die Besucher am Stand 7D06A empfangen wird. Die Mitglieder aus Alicante und Almeria, die \u00fcber Produktionen in Murcia verf\u00fcgen, befinden sich in den Hallen 3, 9 und 10.<\/p>\n\n\n\n<p>In diesem Jahr werden 28 Mitgliedsunternehmen auf dem Stand von Proexport pr\u00e4sent sein: Agrar Systems, Agr\u00edcola Santa Eulalia, Agricultores del Sureste, Agrodolores, Agromark, Agromediterr\u00e1nea Hortofrut\u00edcola, Agromontes Fresh Group, Campo de Lorca, Deilor, Difrusa Export, Fruca Marketing, Fruveg, Grupo Hortofrut\u00edcola Paloma, G&#8217;s Espa\u00f1a, Hortiberia, Hortofortini Espa\u00f1a, Kernel Export, Kettel Produce Espa\u00f1a, OP Looije, Mercagrisa, Grupo Hortofrut\u00edcola Murciana de Vegetales, Pozosur, Procomel, Verdimed, Sol y Tierra Campo de Cartagena, Sacoje, Producciones Agr\u00edcolas Sabas, und Explotaciones Agrarias Puerto Export. In anderen Messebereichen k\u00f6nnen auch Primaflor SAT, Peregr\u00edn SAT, Agrupapulp\u00ed, Bonnysa SAT, Agridemur Marketing, Surinver El Grupo, Florette Murcia, Natveg Marketing und Sociedad Cooperativa Cota 120 besucht werden.<\/p>\n\n\n\n<p>Fernando G\u00f3mez, Generaldirektor von Proexport, erkl\u00e4rte, dass die Fruit Attraction ein idealer Zeitpunkt f\u00fcr die Erzeuger und Unternehmen von Proexport ist, um ihre Kunden daran zu erinnern, dass \u201ewir zuverl\u00e4ssige Produzenten sind, um die Saison von Oktober bis Mai zu programmieren und die sozialen, arbeitsrechtlichen, qualitativen und \u00f6kologischen Anforderungen zu erf\u00fcllen, die unsere Kunden, die Gesellschaft und der Planet von uns verlangen. Wir setzen uns f\u00fcr langfristige Handelsbeziehungen ein, die auf Respekt, gegenseitigem Vertrauen und fairen Preisen beruhen. Dies wird zweifellos auf dem Stand jedes unserer Partner zur Sprache kommen\u201c. Quelle &#8211; Proexport<\/p>\n","protected":false},"excerpt":{"rendered":"<p>Der Verband der Obst- und Gem\u00fcseerzeuger und -exporteure der Region de Murcia (Proexport) kommt zur Fruit Attraction 2024<\/p>\n","protected":false},"author":1,"featured_media":2537,"comment_status":"closed","ping_status":"closed","sticky":false,"template":"","format":"standard","meta":{"footnotes":""},"categories":[1],"tags":[],"class_list":["post-2536","post","type-post","status-publish","format-standard","has-post-thumbnail","hentry","category-veranstaltungen"],"featured_image_urls":{"full":["https:\/\/agronoticias.es\/de\/wp-content\/uploads\/2024\/09\/Stand-de-Proexport-2023-low.jpg",1000,750,false],"thumbnail":["https:\/\/agronoticias.es\/de\/wp-content\/uploads\/2024\/09\/Stand-de-Proexport-2023-low-150x150.jpg",150,150,true],"medium":["https:\/\/agronoticias.es\/de\/wp-content\/uploads\/2024\/09\/Stand-de-Proexport-2023-low-300x225.jpg",300,225,true],"medium_large":["https:\/\/agronoticias.es\/de\/wp-content\/uploads\/2024\/09\/Stand-de-Proexport-2023-low-768x576.jpg",640,480,true],"large":["https:\/\/agronoticias.es\/de\/wp-content\/uploads\/2024\/09\/Stand-de-Proexport-2023-low.jpg",640,480,false],"1536x1536":["https:\/\/agronoticias.es\/de\/wp-content\/uploads\/2024\/09\/Stand-de-Proexport-2023-low.jpg",1000,750,false],"2048x2048":["https:\/\/agronoticias.es\/de\/wp-content\/uploads\/2024\/09\/Stand-de-Proexport-2023-low.jpg",1000,750,false],"morenews-large":["https:\/\/agronoticias.es\/de\/wp-content\/uploads\/2024\/09\/Stand-de-Proexport-2023-low-825x575.jpg",825,575,true],"morenews-medium":["https:\/\/agronoticias.es\/de\/wp-content\/uploads\/2024\/09\/Stand-de-Proexport-2023-low-590x410.jpg",590,410,true]},"author_info":{"display_name":"admin","author_link":"https:\/\/agronoticias.es\/de\/author\/admin\/"},"category_info":"<a href=\"https:\/\/agronoticias.es\/de\/category\/veranstaltungen\/\" rel=\"category tag\">Veranstaltungen<\/a>","tag_info":"Veranstaltungen","comment_count":"0","_links":{"self":[{"href":"https:\/\/agronoticias.es\/de\/wp-json\/wp\/v2\/posts\/2536","targetHints":{"allow":["GET"]}}],"collection":[{"href":"https:\/\/agronoticias.es\/de\/wp-json\/wp\/v2\/posts"}],"about":[{"href":"https:\/\/agronoticias.es\/de\/wp-json\/wp\/v2\/types\/post"}],"author":[{"embeddable":true,"href":"https:\/\/agronoticias.es\/de\/wp-json\/wp\/v2\/users\/1"}],"replies":[{"embeddable":true,"href":"https:\/\/agronoticias.es\/de\/wp-json\/wp\/v2\/comments?post=2536"}],"version-history":[{"count":1,"href":"https:\/\/agronoticias.es\/de\/wp-json\/wp\/v2\/posts\/2536\/revisions"}],"predecessor-version":[{"id":2538,"href":"https:\/\/agronoticias.es\/de\/wp-json\/wp\/v2\/posts\/2536\/revisions\/2538"}],"wp:featuredmedia":[{"embeddable":true,"href":"https:\/\/agronoticias.es\/de\/wp-json\/wp\/v2\/media\/2537"}],"wp:attachment":[{"href":"https:\/\/agronoticias.es\/de\/wp-json\/wp\/v2\/media?parent=2536"}],"wp:term":[{"taxonomy":"category","embeddable":true,"href":"https:\/\/agronoticias.es\/de\/wp-json\/wp\/v2\/categories?post=2536"},{"taxonomy":"post_tag","embeddable":true,"href":"https:\/\/agronoticias.es\/de\/wp-json\/wp\/v2\/tags?post=2536"}],"curies":[{"name":"wp","href":"https:\/\/api.w.org\/{rel}","templated":true}]}}