{"id":2533,"date":"2024-09-16T16:10:17","date_gmt":"2024-09-16T14:10:17","guid":{"rendered":"https:\/\/agronoticias.es\/de\/?p=2533"},"modified":"2024-09-16T16:10:19","modified_gmt":"2024-09-16T14:10:19","slug":"surinver-tritt-unica-gruppe-bei","status":"publish","type":"post","link":"https:\/\/agronoticias.es\/de\/surinver-tritt-unica-gruppe-bei\/","title":{"rendered":"Surinver tritt Unica-Gruppe bei."},"content":{"rendered":"\n<p> <\/p>\n\n\n\n<p> <\/p>\n\n\n\n<p>Nach Informationen von UNICA hat sich die&nbsp; Genossenschaft Surinver mit Sitz in Pilar de la Horadada (Alicante) der Gruppe angeschlossen. Der Eintritt von Surinver, die in dieser Saison ihr 50-j\u00e4hriges Bestehen feiert, &nbsp;bedeutet die Erweiterung des Unica-Katalogs mit Produkten, die bisher noch nicht im Angebot waren, wie Mais, Staudensellerie, Mini Romana oder Radicchio.<\/p>\n\n\n\n<p>Durch diese Integration ist es u.a. Vorteilen auch m\u00f6glich, den Produktionszyklus von Paprika California \u00fcber das ganze Jahr zu&nbsp; vervollst\u00e4ndigen. Unica ist in Spanien mit 100 Mio kg f\u00fchrend in der Paprikaproduktion, die durch die Mengen von Surinver noch gesteigert wird. In deren Katalog nimmt Paprika mit \u00fcber 16 Mio kg, \u00fcberwiegend der Sorte California, einen bedeutenden Platz ein.<\/p>\n\n\n\n<p>Eine weitere wichtige Neuheit ist der Eintritt in das V Sortiment, der zur Aufwertung der Unica-Produktion beitragen wird. Surinver verf\u00fcgt \u00fcber ein komplettes Angebot an \u201eready to eat\u201c-L\u00f6sungen, bestehend aus bereits zubereiteten und verzehrfertigen Gem\u00fcsegerichten. Das Angebot im V Sortiment reicht von geriebenen Tomaten \u00fcber traditionelles gebratenes Gem\u00fcse bis hin zu neuen Produkten wie Quinoa-Salaten, Salaten mit H\u00fclsenfr\u00fcchten und karamellisiertem Gem\u00fcse. Der Bio-Bereich, der mehr als 30 % des Umsatzes ausmacht, verf\u00fcgt \u00fcber Referenzen sowohl bei vorbereiteten als auch bei frischen Produkten.<\/p>\n\n\n\n<p>UNICA &nbsp;hat die letzte Saison mit einem Umsatz von 620 Mio Euro abgeschlossen. Dieser Anstieg ist auf das organische Wachstum innerhalb der Mitglieds-Genossenschaften zur\u00fcckzuf\u00fchren, sowie auf die Mengen von Frutas Segura y Garc\u00eda aus N\u00edjar (Almer\u00eda), die sich am Ende der Saison wieder dem Unternehmen angeschlossen und die Bio-Linie verst\u00e4rkt haben.<\/p>\n\n\n\n<p>Hinsichtlich der neuen Saison 24\/25 erwartet Unica durch die Eingliederung von Surinver und dem organischen Wachstum der Mitgliedsgenossenschaften ein deutliches Wachstum. Mit rund 200 Mitgliedern fakturierte Surinver in der letzten Kampagne 42 Mio Euro bei einem Volumen von 39 Mio kg. Von&nbsp; den 950 in Produktion stehenden ha entfallen 234 ha auf Gew\u00e4chsh\u00e4user und 716&nbsp; ha auf Freilandanbau. Diese Operation st\u00e4rkt die Position von Unica. Durch die Erweiterung der Produktpalette und des Kalenders kann das Unternehmen den Kundenservice weiter verbessern und seine Differenzierung erh\u00f6hen. Alles mit dem Ziel, die Rentabilit\u00e4t der Landwirte zu steigern, die der Eckpfeiler der Unica-Strategie sind.<\/p>\n","protected":false},"excerpt":{"rendered":"<p>Nach Informationen von UNICA hat sich die&nbsp; Genossenschaft Surinver mit Sitz in Pilar de la Horadada (Alicante) der<\/p>\n","protected":false},"author":1,"featured_media":2534,"comment_status":"closed","ping_status":"closed","sticky":false,"template":"","format":"standard","meta":{"footnotes":""},"categories":[34],"tags":[],"class_list":["post-2533","post","type-post","status-publish","format-standard","has-post-thumbnail","hentry","category-allgemein"],"featured_image_urls":{"full":["https:\/\/agronoticias.es\/de\/wp-content\/uploads\/2024\/09\/surinver-interior.jpg",2000,1333,false],"thumbnail":["https:\/\/agronoticias.es\/de\/wp-content\/uploads\/2024\/09\/surinver-interior-150x150.jpg",150,150,true],"medium":["https:\/\/agronoticias.es\/de\/wp-content\/uploads\/2024\/09\/surinver-interior-300x200.jpg",300,200,true],"medium_large":["https:\/\/agronoticias.es\/de\/wp-content\/uploads\/2024\/09\/surinver-interior-768x512.jpg",640,427,true],"large":["https:\/\/agronoticias.es\/de\/wp-content\/uploads\/2024\/09\/surinver-interior-1024x682.jpg",640,426,true],"1536x1536":["https:\/\/agronoticias.es\/de\/wp-content\/uploads\/2024\/09\/surinver-interior-1536x1024.jpg",1536,1024,true],"2048x2048":["https:\/\/agronoticias.es\/de\/wp-content\/uploads\/2024\/09\/surinver-interior.jpg",2000,1333,false],"morenews-large":["https:\/\/agronoticias.es\/de\/wp-content\/uploads\/2024\/09\/surinver-interior-825x575.jpg",825,575,true],"morenews-medium":["https:\/\/agronoticias.es\/de\/wp-content\/uploads\/2024\/09\/surinver-interior-590x410.jpg",590,410,true]},"author_info":{"display_name":"admin","author_link":"https:\/\/agronoticias.es\/de\/author\/admin\/"},"category_info":"<a href=\"https:\/\/agronoticias.es\/de\/category\/allgemein\/\" rel=\"category tag\">Allgemein<\/a>","tag_info":"Allgemein","comment_count":"0","_links":{"self":[{"href":"https:\/\/agronoticias.es\/de\/wp-json\/wp\/v2\/posts\/2533","targetHints":{"allow":["GET"]}}],"collection":[{"href":"https:\/\/agronoticias.es\/de\/wp-json\/wp\/v2\/posts"}],"about":[{"href":"https:\/\/agronoticias.es\/de\/wp-json\/wp\/v2\/types\/post"}],"author":[{"embeddable":true,"href":"https:\/\/agronoticias.es\/de\/wp-json\/wp\/v2\/users\/1"}],"replies":[{"embeddable":true,"href":"https:\/\/agronoticias.es\/de\/wp-json\/wp\/v2\/comments?post=2533"}],"version-history":[{"count":1,"href":"https:\/\/agronoticias.es\/de\/wp-json\/wp\/v2\/posts\/2533\/revisions"}],"predecessor-version":[{"id":2535,"href":"https:\/\/agronoticias.es\/de\/wp-json\/wp\/v2\/posts\/2533\/revisions\/2535"}],"wp:featuredmedia":[{"embeddable":true,"href":"https:\/\/agronoticias.es\/de\/wp-json\/wp\/v2\/media\/2534"}],"wp:attachment":[{"href":"https:\/\/agronoticias.es\/de\/wp-json\/wp\/v2\/media?parent=2533"}],"wp:term":[{"taxonomy":"category","embeddable":true,"href":"https:\/\/agronoticias.es\/de\/wp-json\/wp\/v2\/categories?post=2533"},{"taxonomy":"post_tag","embeddable":true,"href":"https:\/\/agronoticias.es\/de\/wp-json\/wp\/v2\/tags?post=2533"}],"curies":[{"name":"wp","href":"https:\/\/api.w.org\/{rel}","templated":true}]}}