{"id":2505,"date":"2024-09-05T10:13:14","date_gmt":"2024-09-05T08:13:14","guid":{"rendered":"https:\/\/agronoticias.es\/de\/?p=2505"},"modified":"2024-09-05T12:31:58","modified_gmt":"2024-09-05T10:31:58","slug":"valencia-kleinere-citrusproduktion-und-geringere-importe-konditionieren-die-ersten-citruseinkaufe","status":"publish","type":"post","link":"https:\/\/agronoticias.es\/de\/valencia-kleinere-citrusproduktion-und-geringere-importe-konditionieren-die-ersten-citruseinkaufe\/","title":{"rendered":"Valencia: Kleinere Citrusproduktion und geringere Importe konditionieren die ersten Citruseink\u00e4ufe"},"content":{"rendered":"\n<p>Der Start der valencianischen Citruskampagne 2024\/25 ist durch ein geringeres Angebot der eigenen Produktion als auch der reduzierten Importe gekennzeichnet. Das wirkt sich auf die ersten K\u00e4ufe im Campo aus. Die Citrusb\u00f6rse in Valencia hat das erste Bulletin der neuen Saison in KW 36\/24 mit Ursprungspreisen \u00e4hnlich wie im vergangenen Jahr begonnen, aber abgepasst, um die erwarteten Fehlmengen und hohen Produktionskosten aufgrund von Trockenheit und Sch\u00e4dlingsbefall auszugleichen.<\/p>\n\n\n\n<p> Hierzu erkl\u00e4rte die valencianische Agrarorganisation AVA-ASAJA: \u201eDie Citrusproduzenten sind besorgt, weil die Kosten in die H\u00f6he schie\u00dfen und der Produktionsr\u00fcckgang pro Fl\u00e4che immer deutlicher wird. Die Bew\u00e4sserung wurde seit dem Winter nicht eingestellt, und trotzdem leiden die Kulturen unter Wasserstress, was sich auf die Ernte auswirkt. Die Ma\u00dfnahmen zur Sch\u00e4dlingsbek\u00e4mpfung wurden vervielfacht, aber aufgrund von fehlenden wirksamen Mitteln wird es zu einem gro\u00dfen Ausfall kommen. Auch die Importe von Citrusfr\u00fcchten sind zur\u00fcckgegangen, vor allem aus S\u00fcdafrika, das unter Frost und Hagel gelitten hat sowie unter Problemen bei der Einhaltung der K\u00e4ltebehandlung f\u00fcr \u00dcberseelieferungen. Daher m\u00fcsste es in den kommenden Wochen zu verst\u00e4rkten K\u00e4ufen kommen mit dem Ziel, sich mit ausreichenden Mengen zu versorgen um die europ\u00e4ischen M\u00e4rkte angemessen bedienen zu k\u00f6nnen.<\/p>\n\n\n\n<p>Die im Bulletin ver\u00f6ffentlichten Preise f\u00fcr die ersten Kontrakte f\u00fcr extrafr\u00fche Sorten entsprechen denen der letzten Saison: 0,28 Euro\/kg ohne MwSt. als Durchschnittspreis f\u00fcr Okitsu-Mandarinen, 0,255 Euro\/kg f\u00fcr Owari, 0,53 Euro\/kg f\u00fcr Clemenrub\u00ed und Orogr\u00f3s, 0,6 Euro\/kg f\u00fcr Oronules, 0,35 Euro\/kg f\u00fcr Marisol und 0,425 Euro\/kg f\u00fcr Arrufatina.<\/p>\n\n\n\n<p>F\u00fcr die meisten sp\u00e4ter reifenden Sorten sind die Preise etwas h\u00f6her als zu diesem Zeitpunkt in der letzten Saison: Clemenules 0,415 Euro\/kg (es gibt Vertr\u00e4ge mit bis zu 0,48 Euro\/kg), w\u00e4hrend sie vor einem Jahr bei 0,385 Euro\/kg lagen, und Navelinas 0,29 Euro\/kg (mit einem H\u00f6chstpreis von 0,36 Euro\/kg), verglichen mit 0,253 Euro\/kg im September 2023.<\/p>\n\n\n\n<p>AVA-ASAJA empfiehlt den Citrusproduzenten, vor dem Verkauf ihrer Ernte die von der valencianischen Citrusb\u00f6rse ver\u00f6ffentlichten Referenzpreise auf der Grundlage bereits abgeschlossener Kaufvertr\u00e4ge zu konsultieren und ihre Produktionskosten zu ber\u00fccksichtigen. Nach den Berechnungen der Landwirtschaftsorganisation sind die durchschnittlichen Produktionskosten f\u00fcr Citrus seit 2020 um 18 % gestiegen und liegen bei 0,27 Euro\/kg f\u00fcr Orangen und 0,33 Euro\/kg f\u00fcr Mandarinen. Quelle und Foto: Ava-Asaja<\/p>\n","protected":false},"excerpt":{"rendered":"<p>Der Start der valencianischen Citruskampagne 2024\/25 ist durch ein geringeres Angebot der eigenen Produktion als auch der reduzierten<\/p>\n","protected":false},"author":1,"featured_media":2506,"comment_status":"closed","ping_status":"closed","sticky":false,"template":"","format":"standard","meta":{"footnotes":""},"categories":[34],"tags":[],"class_list":["post-2505","post","type-post","status-publish","format-standard","has-post-thumbnail","hentry","category-allgemein"],"featured_image_urls":{"full":["https:\/\/agronoticias.es\/de\/wp-content\/uploads\/2024\/09\/ava_asaja_citricos24.jpg",700,391,false],"thumbnail":["https:\/\/agronoticias.es\/de\/wp-content\/uploads\/2024\/09\/ava_asaja_citricos24-150x150.jpg",150,150,true],"medium":["https:\/\/agronoticias.es\/de\/wp-content\/uploads\/2024\/09\/ava_asaja_citricos24-300x168.jpg",300,168,true],"medium_large":["https:\/\/agronoticias.es\/de\/wp-content\/uploads\/2024\/09\/ava_asaja_citricos24.jpg",640,357,false],"large":["https:\/\/agronoticias.es\/de\/wp-content\/uploads\/2024\/09\/ava_asaja_citricos24.jpg",640,357,false],"1536x1536":["https:\/\/agronoticias.es\/de\/wp-content\/uploads\/2024\/09\/ava_asaja_citricos24.jpg",700,391,false],"2048x2048":["https:\/\/agronoticias.es\/de\/wp-content\/uploads\/2024\/09\/ava_asaja_citricos24.jpg",700,391,false],"morenews-large":["https:\/\/agronoticias.es\/de\/wp-content\/uploads\/2024\/09\/ava_asaja_citricos24.jpg",700,391,false],"morenews-medium":["https:\/\/agronoticias.es\/de\/wp-content\/uploads\/2024\/09\/ava_asaja_citricos24-590x391.jpg",590,391,true]},"author_info":{"display_name":"admin","author_link":"https:\/\/agronoticias.es\/de\/author\/admin\/"},"category_info":"<a href=\"https:\/\/agronoticias.es\/de\/category\/allgemein\/\" rel=\"category tag\">Allgemein<\/a>","tag_info":"Allgemein","comment_count":"0","_links":{"self":[{"href":"https:\/\/agronoticias.es\/de\/wp-json\/wp\/v2\/posts\/2505","targetHints":{"allow":["GET"]}}],"collection":[{"href":"https:\/\/agronoticias.es\/de\/wp-json\/wp\/v2\/posts"}],"about":[{"href":"https:\/\/agronoticias.es\/de\/wp-json\/wp\/v2\/types\/post"}],"author":[{"embeddable":true,"href":"https:\/\/agronoticias.es\/de\/wp-json\/wp\/v2\/users\/1"}],"replies":[{"embeddable":true,"href":"https:\/\/agronoticias.es\/de\/wp-json\/wp\/v2\/comments?post=2505"}],"version-history":[{"count":3,"href":"https:\/\/agronoticias.es\/de\/wp-json\/wp\/v2\/posts\/2505\/revisions"}],"predecessor-version":[{"id":2510,"href":"https:\/\/agronoticias.es\/de\/wp-json\/wp\/v2\/posts\/2505\/revisions\/2510"}],"wp:featuredmedia":[{"embeddable":true,"href":"https:\/\/agronoticias.es\/de\/wp-json\/wp\/v2\/media\/2506"}],"wp:attachment":[{"href":"https:\/\/agronoticias.es\/de\/wp-json\/wp\/v2\/media?parent=2505"}],"wp:term":[{"taxonomy":"category","embeddable":true,"href":"https:\/\/agronoticias.es\/de\/wp-json\/wp\/v2\/categories?post=2505"},{"taxonomy":"post_tag","embeddable":true,"href":"https:\/\/agronoticias.es\/de\/wp-json\/wp\/v2\/tags?post=2505"}],"curies":[{"name":"wp","href":"https:\/\/api.w.org\/{rel}","templated":true}]}}