{"id":2494,"date":"2024-09-02T16:55:08","date_gmt":"2024-09-02T14:55:08","guid":{"rendered":"https:\/\/agronoticias.es\/de\/?p=2494"},"modified":"2024-09-02T16:55:11","modified_gmt":"2024-09-02T14:55:11","slug":"hde-konsumbarometer-im-september-verbraucherstimmung-im-abwartstrend","status":"publish","type":"post","link":"https:\/\/agronoticias.es\/de\/hde-konsumbarometer-im-september-verbraucherstimmung-im-abwartstrend\/","title":{"rendered":"HDE-Konsumbarometer im September: Verbraucherstimmung im Abw\u00e4rtstrend"},"content":{"rendered":"\n<p> <\/p>\n\n\n\n<p> <\/p>\n\n\n\n<p>Die Stimmung der Verbraucher in Deutschland verschlechtert sich im September sp\u00fcrbar, es zeigt sich ein negativer Trend. Das macht das Konsumbarometer des Handelsverbandes Deutschland (HDE) deutlich. Infolgedessen nimmt die Konsumzur\u00fcckhaltung zu. Damit wird der private Konsum in den kommenden Monaten kein signifikantes Wachstum erreichen k\u00f6nnen. Die Wahrscheinlichkeit f\u00fcr eine Erholung noch in diesem Jahr verringert sich zunehmend.<\/p>\n\n\n\n<p>Im September sinkt das HDE-Konsumbarometer, die Verbraucherstimmung in Deutschland sackt ab. Dieser abnehmende Optimismus korrespondiert mit dem Stimmungsr\u00fcckgang in der Wirtschaft sowie dem aktuellen konjunkturellen Ausblick. Die Verbraucherinnen und Verbraucher sind mit Blick auf die weitere konjunkturelle Entwicklung sowie auf das eigene Einkommen pessimistischer. In der Folge planen die Konsumenten f\u00fcr die kommenden Monate weniger Anschaffungen.<\/p>\n\n\n\n<p>Das gegenw\u00e4rtige gesamtwirtschaftliche Umfeld ist nicht f\u00f6rderlich f\u00fcr den privaten Konsum, der im zweiten Quartal dieses Jahres um 0,2 Prozent im Vergleich zum Vorquartal sank. Angesichts dieser Entwicklung verst\u00e4rkt sich der Eindruck, dass in diesem Jahr eine Erholung weder gesamtwirtschaftlich noch beim privaten Konsum gelingen wird. Es ist kein Wachstumsimpuls f\u00fcr den Einzelhandel in Sicht. Ohne den privaten Konsum als Wachstumstreiber verd\u00fcstert sich zudem der weitere konjunkturelle Ausblick. Eine gesamtwirtschaftliche Stagnation \u2013 wenn nicht sogar ein BIP-R\u00fcckgang \u2013 im Gesamtjahr wird wahrscheinlicher.<\/p>\n\n\n\n<p>Das jeweils am ersten Montag eines Monats erscheinende HDE-Konsumbarometer basiert auf einer monatlichen Umfrage unter 1.600 Personen zur Anschaffungsneigung, Sparneigung, finanziellen Situation und zu anderen konsumrelevanten Faktoren. Das Konsumbarometer, das vom Handelsblatt Research Institute (HRI) im Auftrag des HDE erstellt wird, hat eine Indikatorfunktion f\u00fcr den privaten Konsum. Es bildet nicht das aktuelle Verbraucherverhalten ab, sondern die erwartete Stimmung in den kommenden drei Monaten. Quelle:HDE<\/p>\n","protected":false},"excerpt":{"rendered":"<p>Die Stimmung der Verbraucher in Deutschland verschlechtert sich im September sp\u00fcrbar, es zeigt sich ein negativer Trend. Das<\/p>\n","protected":false},"author":1,"featured_media":2495,"comment_status":"closed","ping_status":"closed","sticky":false,"template":"","format":"standard","meta":{"footnotes":""},"categories":[34],"tags":[],"class_list":["post-2494","post","type-post","status-publish","format-standard","has-post-thumbnail","hentry","category-allgemein"],"featured_image_urls":{"full":["https:\/\/agronoticias.es\/de\/wp-content\/uploads\/2024\/09\/HDE-Konsumbarometer.png",570,178,false],"thumbnail":["https:\/\/agronoticias.es\/de\/wp-content\/uploads\/2024\/09\/HDE-Konsumbarometer-150x150.png",150,150,true],"medium":["https:\/\/agronoticias.es\/de\/wp-content\/uploads\/2024\/09\/HDE-Konsumbarometer-300x94.png",300,94,true],"medium_large":["https:\/\/agronoticias.es\/de\/wp-content\/uploads\/2024\/09\/HDE-Konsumbarometer.png",570,178,false],"large":["https:\/\/agronoticias.es\/de\/wp-content\/uploads\/2024\/09\/HDE-Konsumbarometer.png",570,178,false],"1536x1536":["https:\/\/agronoticias.es\/de\/wp-content\/uploads\/2024\/09\/HDE-Konsumbarometer.png",570,178,false],"2048x2048":["https:\/\/agronoticias.es\/de\/wp-content\/uploads\/2024\/09\/HDE-Konsumbarometer.png",570,178,false],"morenews-large":["https:\/\/agronoticias.es\/de\/wp-content\/uploads\/2024\/09\/HDE-Konsumbarometer.png",570,178,false],"morenews-medium":["https:\/\/agronoticias.es\/de\/wp-content\/uploads\/2024\/09\/HDE-Konsumbarometer.png",570,178,false]},"author_info":{"display_name":"admin","author_link":"https:\/\/agronoticias.es\/de\/author\/admin\/"},"category_info":"<a href=\"https:\/\/agronoticias.es\/de\/category\/allgemein\/\" rel=\"category tag\">Allgemein<\/a>","tag_info":"Allgemein","comment_count":"0","_links":{"self":[{"href":"https:\/\/agronoticias.es\/de\/wp-json\/wp\/v2\/posts\/2494","targetHints":{"allow":["GET"]}}],"collection":[{"href":"https:\/\/agronoticias.es\/de\/wp-json\/wp\/v2\/posts"}],"about":[{"href":"https:\/\/agronoticias.es\/de\/wp-json\/wp\/v2\/types\/post"}],"author":[{"embeddable":true,"href":"https:\/\/agronoticias.es\/de\/wp-json\/wp\/v2\/users\/1"}],"replies":[{"embeddable":true,"href":"https:\/\/agronoticias.es\/de\/wp-json\/wp\/v2\/comments?post=2494"}],"version-history":[{"count":1,"href":"https:\/\/agronoticias.es\/de\/wp-json\/wp\/v2\/posts\/2494\/revisions"}],"predecessor-version":[{"id":2496,"href":"https:\/\/agronoticias.es\/de\/wp-json\/wp\/v2\/posts\/2494\/revisions\/2496"}],"wp:featuredmedia":[{"embeddable":true,"href":"https:\/\/agronoticias.es\/de\/wp-json\/wp\/v2\/media\/2495"}],"wp:attachment":[{"href":"https:\/\/agronoticias.es\/de\/wp-json\/wp\/v2\/media?parent=2494"}],"wp:term":[{"taxonomy":"category","embeddable":true,"href":"https:\/\/agronoticias.es\/de\/wp-json\/wp\/v2\/categories?post=2494"},{"taxonomy":"post_tag","embeddable":true,"href":"https:\/\/agronoticias.es\/de\/wp-json\/wp\/v2\/tags?post=2494"}],"curies":[{"name":"wp","href":"https:\/\/api.w.org\/{rel}","templated":true}]}}