{"id":2491,"date":"2024-09-02T15:50:43","date_gmt":"2024-09-02T13:50:43","guid":{"rendered":"https:\/\/agronoticias.es\/de\/?p=2491"},"modified":"2024-09-02T15:50:44","modified_gmt":"2024-09-02T13:50:44","slug":"lebensmittel-mit-neuem-herkunftskennzeichen-sind-im-handel-angekommen","status":"publish","type":"post","link":"https:\/\/agronoticias.es\/de\/lebensmittel-mit-neuem-herkunftskennzeichen-sind-im-handel-angekommen\/","title":{"rendered":"Lebensmittel mit neuem Herkunftskennzeichen sind im Handel angekommen."},"content":{"rendered":"\n<p><\/p>\n\n\n\n<p>Das Herkunftskennzeichen GUTES AUS DEUTSCHER LANDWIRTSCHAFT, entwickelt von der Zentralen Koordination Handel-Landwirtschaft (ZKHL) e. V. in Zusammenarbeit mit Handel, Industrie und Landwirtschaft, ist in den Regalen des teilnehmenden Lebensmittelhandels angekommen. Dieses neue Zeichen stellt sicher, dass alle Produktionsschritte der landwirtschaftlichen Erzeugnisse in Deutschland erfolgt sind. Es ist nun auf den ersten Produkten im Handel f\u00fcr Verbraucherinnen und Verbraucher sichtbar.<\/p>\n\n\n\n<p>Der Lebensmitteleinzelhandel hat begonnen, lizenzierte Produkte wie frisches Schweine-, Rinder- und Gefl\u00fcgelfleisch, Eier, Obst, Gem\u00fcse, Kartoffeln sowie bestimmte Milchprodukte mit dem neuen Zeichen \u201eGutes aus deutscher Landwirtschaft\u201c auszuloben. Diese werden durch die Handelsketten aktiv beworben. Seit der Freigabe der Zeichennutzung im April dieses Jahres haben Unternehmen wie ALDI Nord, ALDI S\u00dcD, EDEKA, Kaufland, Lidl, Netto Marken-Discount sowie REWE und PENNY gemeinsam mit ihren Lieferanten Verpackungen und Etiketten angepasst. Der schrittweise Roll-out wird dazu f\u00fchren, dass in den kommenden Wochen immer mehr Artikel mit dem Herkunftskennzeichen beim Einkauf sichtbar werden. Erste Produkte waren bereits im Fr\u00fchsommer in den M\u00e4rkten erh\u00e4ltlich.<\/p>\n\n\n\n<p>\u201eIn den letzten zwei Jahren haben wir in der ZKHL intensiv an den Kriterien, den Lizenzmodellen, den notwendigen Kontrollen der Zeichennutzung und der begleitenden Kommunikation gearbeitet. Die jetzt erfolgte Markteinf\u00fchrung des Herkunftskennzeichens Deutschland auf breiter Front und die gro\u00dfe Nachfrage seitens der Zeichennutzer machen uns zuversichtlich, dass wir das Zeichen erfolgreich im Markt etablieren und den Kreis der Anwender weiter ausbauen k\u00f6nnen\u201c, erkl\u00e4rt Bj\u00f6rn Fromm, Vorsitzender der ZKHL und Pr\u00e4sident des Bundesverbandes des Deutschen Lebensmittelhandels e. V.<\/p>\n\n\n\n<p>Das Herkunftskennzeichen GUTES AUS DEUTSCHER LANDWIRTSCHAFT wird zuk\u00fcnftig h\u00e4ndler\u00fcbergreifend im Lebensmitteleinzelhandel zu finden sein und eine Vereinheitlichung der individuellen Herkunftskennzeichen f\u00f6rdern. Das Zeichen tr\u00e4gt dazu bei, die Sichtbarkeit, der in Deutschland produzierten landwirtschaftlichen Erzeugnisse im Lebensmitteleinzelhandel zu erh\u00f6hen. Durch die Konzentration auf ein gemeinsames Zeichen mit einheitlichen Herkunftskriterien und Pr\u00fcfstandards wird eine bessere Wahrnehmung und Akzeptanz bei Verbraucherinnen und Verbrauchern angestrebt. Das Zeichen steht f\u00fcr Transparenz und Qualit\u00e4t und stellt sicher, dass alle Produktionsschritte entlang der Wertsch\u00f6pfungskette in Deutschland erfolgt sind. Es soll die Wertsch\u00e4tzung von Lebensmitteln mit deutscher Herkunft nachhaltig f\u00f6rdern und die heimische Landwirtschaft st\u00e4rken. Quelle und Foto: ZKHL<\/p>\n","protected":false},"excerpt":{"rendered":"<p>Das Herkunftskennzeichen GUTES AUS DEUTSCHER LANDWIRTSCHAFT, entwickelt von der Zentralen Koordination Handel-Landwirtschaft (ZKHL) e. V. in Zusammenarbeit mit<\/p>\n","protected":false},"author":1,"featured_media":2492,"comment_status":"closed","ping_status":"closed","sticky":false,"template":"","format":"standard","meta":{"footnotes":""},"categories":[34],"tags":[],"class_list":["post-2491","post","type-post","status-publish","format-standard","has-post-thumbnail","hentry","category-allgemein"],"featured_image_urls":{"full":["https:\/\/agronoticias.es\/de\/wp-content\/uploads\/2024\/09\/Gutes-aus-deutscher-Landwirtschaft.jpg",1036,736,false],"thumbnail":["https:\/\/agronoticias.es\/de\/wp-content\/uploads\/2024\/09\/Gutes-aus-deutscher-Landwirtschaft-150x150.jpg",150,150,true],"medium":["https:\/\/agronoticias.es\/de\/wp-content\/uploads\/2024\/09\/Gutes-aus-deutscher-Landwirtschaft-300x213.jpg",300,213,true],"medium_large":["https:\/\/agronoticias.es\/de\/wp-content\/uploads\/2024\/09\/Gutes-aus-deutscher-Landwirtschaft-768x546.jpg",640,455,true],"large":["https:\/\/agronoticias.es\/de\/wp-content\/uploads\/2024\/09\/Gutes-aus-deutscher-Landwirtschaft-1024x727.jpg",640,454,true],"1536x1536":["https:\/\/agronoticias.es\/de\/wp-content\/uploads\/2024\/09\/Gutes-aus-deutscher-Landwirtschaft.jpg",1036,736,false],"2048x2048":["https:\/\/agronoticias.es\/de\/wp-content\/uploads\/2024\/09\/Gutes-aus-deutscher-Landwirtschaft.jpg",1036,736,false],"morenews-large":["https:\/\/agronoticias.es\/de\/wp-content\/uploads\/2024\/09\/Gutes-aus-deutscher-Landwirtschaft-825x575.jpg",825,575,true],"morenews-medium":["https:\/\/agronoticias.es\/de\/wp-content\/uploads\/2024\/09\/Gutes-aus-deutscher-Landwirtschaft-590x410.jpg",590,410,true]},"author_info":{"display_name":"admin","author_link":"https:\/\/agronoticias.es\/de\/author\/admin\/"},"category_info":"<a href=\"https:\/\/agronoticias.es\/de\/category\/allgemein\/\" rel=\"category tag\">Allgemein<\/a>","tag_info":"Allgemein","comment_count":"0","_links":{"self":[{"href":"https:\/\/agronoticias.es\/de\/wp-json\/wp\/v2\/posts\/2491","targetHints":{"allow":["GET"]}}],"collection":[{"href":"https:\/\/agronoticias.es\/de\/wp-json\/wp\/v2\/posts"}],"about":[{"href":"https:\/\/agronoticias.es\/de\/wp-json\/wp\/v2\/types\/post"}],"author":[{"embeddable":true,"href":"https:\/\/agronoticias.es\/de\/wp-json\/wp\/v2\/users\/1"}],"replies":[{"embeddable":true,"href":"https:\/\/agronoticias.es\/de\/wp-json\/wp\/v2\/comments?post=2491"}],"version-history":[{"count":1,"href":"https:\/\/agronoticias.es\/de\/wp-json\/wp\/v2\/posts\/2491\/revisions"}],"predecessor-version":[{"id":2493,"href":"https:\/\/agronoticias.es\/de\/wp-json\/wp\/v2\/posts\/2491\/revisions\/2493"}],"wp:featuredmedia":[{"embeddable":true,"href":"https:\/\/agronoticias.es\/de\/wp-json\/wp\/v2\/media\/2492"}],"wp:attachment":[{"href":"https:\/\/agronoticias.es\/de\/wp-json\/wp\/v2\/media?parent=2491"}],"wp:term":[{"taxonomy":"category","embeddable":true,"href":"https:\/\/agronoticias.es\/de\/wp-json\/wp\/v2\/categories?post=2491"},{"taxonomy":"post_tag","embeddable":true,"href":"https:\/\/agronoticias.es\/de\/wp-json\/wp\/v2\/tags?post=2491"}],"curies":[{"name":"wp","href":"https:\/\/api.w.org\/{rel}","templated":true}]}}