{"id":2488,"date":"2024-08-30T11:43:45","date_gmt":"2024-08-30T09:43:45","guid":{"rendered":"https:\/\/agronoticias.es\/de\/?p=2488"},"modified":"2024-08-30T11:43:47","modified_gmt":"2024-08-30T09:43:47","slug":"alicante-start-der-traubensaison-dop-uva-de-mesa-embolsada-del-vinalopo-mit-guten-produktionsaussichten","status":"publish","type":"post","link":"https:\/\/agronoticias.es\/de\/alicante-start-der-traubensaison-dop-uva-de-mesa-embolsada-del-vinalopo-mit-guten-produktionsaussichten\/","title":{"rendered":"Alicante: Start der Traubensaison DOP \u201eUva de mesa Embolsada del Vinalop\u00f3\u201c mit guten Produktionsaussichten."},"content":{"rendered":"\n<p> <\/p>\n\n\n\n<p><\/p>\n\n\n\n<p>Seit dem 26. August sind Trauben mit dem G\u00fctesiegel DOP \u201eUva de mesa Embolsada del Vinalop\u00f3\u201c (g.U. gesch\u00fctzte Ursprungsbezeichnung) wieder auf dem Markt erh\u00e4ltlich. Nachdem bisher die fr\u00fcheste Sorte Victoria geerntet wurde, starten jetzt auch die emblematischen Sorten \u201eIdeal\u201c (italienischer Muskateller), Do\u00f1a Mar\u00eda und Red Globe.<\/p>\n\n\n\n<p>Nach einer Saison 2023, die durch einen Produktionsr\u00fcckgang aufgrund von Wetterproblemen und dem verst\u00e4rkten Auftreten von Sch\u00e4dlingen und Krankheiten gekennzeichnet war, aber mit dynamischen M\u00e4rkten, insbesondere im letzten Teil der Saison mit der Sorte Aledo, beginnt die Kampagne 2024 mit Unsicherheiten in Bezug auf die Vermarktung, aber guten Erwartungen f\u00fcr die Produktion.<\/p>\n\n\n\n<p>\u201eEnde 2023 verzeichneten die M\u00e4rkte einen bedeutenden Aufschwung vor allem, weil sie aus unserem Gebiet trotz des allgemeinen Produktionsr\u00fcckgangs beliefert werden konnten, da es m\u00f6glich war, den Erntezeitpunkt &nbsp;zu kontrollieren und die Reife zu verz\u00f6gern, so dass die Trauben einget\u00fctet werden konnten\u201c, erkl\u00e4rte der Kontrollrat der g.U. \u201eTrotzdem leidet der Sektor weiterhin unter Problemen, die noch nicht gel\u00f6st sind. Der R\u00fcckgang der Rentabilit\u00e4t vieler Betriebe, der sich am Ende der Kampagne 2022 abzeichnete, macht sich immer noch in Form einer&nbsp; Anbauaufgabe bemerkbar. Obwohl sich das wohl zu stabilisieren scheint, ist es nach wie vor eines der Hauptprobleme in Vinalop\u00f3. Hinzu kommen die klimatischen Schwierigkeiten wie Trockenheit, Hitze, die Gefahr extremer Wetterph\u00e4nomene und das daraus resultierende vermehrte Auftreten von Sch\u00e4dlingen und Krankheiten sowie die administrativen Anforderungen, mit denen viele kleine und mittlere Landwirte weiterhin t\u00e4glich konfrontiert sind.\u201c<\/p>\n\n\n\n<p>Was die in der g.U. eingeschriebenen Produktion 2024 betrifft,&nbsp; wird sie voraussichtlich &nbsp;ein \u00e4hnliches Volume wie in 2023 erreichen.&nbsp; Die Mengen &nbsp;liegen derzeit bei etwa 33 Mio kg, d.h. 5 % weniger als 2023. Diese Abweichung wird aber nicht als signifikant angesehen, da sie nicht endg\u00fcltig ist. In der Regel&nbsp; fallen sp\u00e4ter Produktionsregulierungen statt. Ausserdem ist die Qualit\u00e4t in diesem Jahr h\u00f6her, so dass die endg\u00fcltigen Fehlmengen in der laufenden Kampagne wahrscheinlich geringer ausfallen werden, so die g.U. Sie betont jedoch, dass sich die Strategie des Sektors auf die Differenzierung durch die Qualit\u00e4tsmarke DOP \u201eUva de mesa Embolsada del Vinalop\u00f3\u201c konzentriert muss und nicht so sehr auf die produzierte Menge, die bei Produktionen mit dem G\u00fctesiegen einer Ursprungsbezeichnung nicht ausschlaggebend sein sollte.<\/p>\n\n\n\n<p>Weiter f\u00fchrte der Kontrollrat aus: \u201eDie Herausforderung besteht nach wie vor darin, die Verbraucher direkt \u00fcber die Kommunikation und das Produkt zu erreichen, d. h. sie m\u00fcssen die Trauben mit dem Etikett in ihren \u00fcblichen Einkaufsst\u00e4tten leicht finden k\u00f6nnen und sich der Eigenschaften und unvergleichlichen Merkmale bewusst sein, die sie im Vergleich zu anderen Konsumoptionen aufweisen. In diesem Sinne ist es unerl\u00e4sslich, die Kontrollen in den nachfolgenden Gliedern der Kette zu verst\u00e4rken, da wir immer h\u00e4ufiger Missbrauch oder betr\u00fcgerische Verwendung der Marke feststellen, die eine Bedrohung f\u00fcr den gesamten Sektor und f\u00fcr &nbsp;Verbraucher selbst darstellen.\u201c<\/p>\n\n\n\n<p>Die Pr\u00e4sentation der neuen Kampagne 2024 findet am 4. September in Monforte del Cid\/Alicante statt. Quelle: DOP<\/p>\n","protected":false},"excerpt":{"rendered":"<p>Seit dem 26. August sind Trauben mit dem G\u00fctesiegel DOP \u201eUva de mesa Embolsada del Vinalop\u00f3\u201c (g.U. gesch\u00fctzte<\/p>\n","protected":false},"author":1,"featured_media":2489,"comment_status":"closed","ping_status":"closed","sticky":false,"template":"","format":"standard","meta":{"footnotes":""},"categories":[34],"tags":[],"class_list":["post-2488","post","type-post","status-publish","format-standard","has-post-thumbnail","hentry","category-allgemein"],"featured_image_urls":{"full":["https:\/\/agronoticias.es\/de\/wp-content\/uploads\/2024\/08\/Uvas-de-Vinalopo-scaled.jpg",2560,1702,false],"thumbnail":["https:\/\/agronoticias.es\/de\/wp-content\/uploads\/2024\/08\/Uvas-de-Vinalopo-150x150.jpg",150,150,true],"medium":["https:\/\/agronoticias.es\/de\/wp-content\/uploads\/2024\/08\/Uvas-de-Vinalopo-300x199.jpg",300,199,true],"medium_large":["https:\/\/agronoticias.es\/de\/wp-content\/uploads\/2024\/08\/Uvas-de-Vinalopo-768x511.jpg",640,426,true],"large":["https:\/\/agronoticias.es\/de\/wp-content\/uploads\/2024\/08\/Uvas-de-Vinalopo-1024x681.jpg",640,426,true],"1536x1536":["https:\/\/agronoticias.es\/de\/wp-content\/uploads\/2024\/08\/Uvas-de-Vinalopo-1536x1021.jpg",1536,1021,true],"2048x2048":["https:\/\/agronoticias.es\/de\/wp-content\/uploads\/2024\/08\/Uvas-de-Vinalopo-2048x1362.jpg",2048,1362,true],"morenews-large":["https:\/\/agronoticias.es\/de\/wp-content\/uploads\/2024\/08\/Uvas-de-Vinalopo-825x575.jpg",825,575,true],"morenews-medium":["https:\/\/agronoticias.es\/de\/wp-content\/uploads\/2024\/08\/Uvas-de-Vinalopo-590x410.jpg",590,410,true]},"author_info":{"display_name":"admin","author_link":"https:\/\/agronoticias.es\/de\/author\/admin\/"},"category_info":"<a href=\"https:\/\/agronoticias.es\/de\/category\/allgemein\/\" rel=\"category tag\">Allgemein<\/a>","tag_info":"Allgemein","comment_count":"0","_links":{"self":[{"href":"https:\/\/agronoticias.es\/de\/wp-json\/wp\/v2\/posts\/2488","targetHints":{"allow":["GET"]}}],"collection":[{"href":"https:\/\/agronoticias.es\/de\/wp-json\/wp\/v2\/posts"}],"about":[{"href":"https:\/\/agronoticias.es\/de\/wp-json\/wp\/v2\/types\/post"}],"author":[{"embeddable":true,"href":"https:\/\/agronoticias.es\/de\/wp-json\/wp\/v2\/users\/1"}],"replies":[{"embeddable":true,"href":"https:\/\/agronoticias.es\/de\/wp-json\/wp\/v2\/comments?post=2488"}],"version-history":[{"count":1,"href":"https:\/\/agronoticias.es\/de\/wp-json\/wp\/v2\/posts\/2488\/revisions"}],"predecessor-version":[{"id":2490,"href":"https:\/\/agronoticias.es\/de\/wp-json\/wp\/v2\/posts\/2488\/revisions\/2490"}],"wp:featuredmedia":[{"embeddable":true,"href":"https:\/\/agronoticias.es\/de\/wp-json\/wp\/v2\/media\/2489"}],"wp:attachment":[{"href":"https:\/\/agronoticias.es\/de\/wp-json\/wp\/v2\/media?parent=2488"}],"wp:term":[{"taxonomy":"category","embeddable":true,"href":"https:\/\/agronoticias.es\/de\/wp-json\/wp\/v2\/categories?post=2488"},{"taxonomy":"post_tag","embeddable":true,"href":"https:\/\/agronoticias.es\/de\/wp-json\/wp\/v2\/tags?post=2488"}],"curies":[{"name":"wp","href":"https:\/\/api.w.org\/{rel}","templated":true}]}}