{"id":2484,"date":"2024-08-30T09:45:05","date_gmt":"2024-08-30T07:45:05","guid":{"rendered":"https:\/\/agronoticias.es\/de\/?p=2484"},"modified":"2024-08-30T09:45:07","modified_gmt":"2024-08-30T07:45:07","slug":"anecoop-praha-filiale-der-anecoop-gruppe-in-der-tschechischen-republik-wachst-weiter","status":"publish","type":"post","link":"https:\/\/agronoticias.es\/de\/anecoop-praha-filiale-der-anecoop-gruppe-in-der-tschechischen-republik-wachst-weiter\/","title":{"rendered":"Anecoop Praha, Filiale der Anecoop-Gruppe in der Tschechischen Republik, w\u00e4chst weiter"},"content":{"rendered":"\n<p>Die Anecoop-Gruppe, Spaniens f\u00fchrende Genossenschaft f\u00fcr Agrarlebensmittel, macht Fortschritte bei ihrer internationalen Expansion. Ende Juli weihte ihre Filiale in der Tschechischen Republik, Anecoop Praha, im Rahmen der Feierlichkeiten zu ihrem 25-j\u00e4hrigen Bestehen ihre neuen Anlagen auf dem Markt von Lipence ein, dem Epizentrum des O+G-Gro\u00dfhandels in der Tschechischen Republik und strategische Drehscheibe f\u00fcr die Belieferung der osteurop\u00e4ischen L\u00e4nder.<\/p>\n\n\n\n<p>Die 1999 gegr\u00fcndete Anecoop Praha lies sich 2010 auf dem Markt von Lipence nieder. Aufgrund ihres starken Wachstums erwarb die Anecoop-Tochter sp\u00e4ter diese Lagerhalle mit einer Nutzfl\u00e4che von 1.450 m2 eingeteilt in zwei getrennte Bereiche &#8211; Administration und operative Aktivit\u00e4ten \u2013 die nach den notwendigen Investitionen f\u00fcr die Renovierung vor kurzem eingeweiht wurde. Die Lage ist einzigartig, da sie sich an der Hauptverkehrsstra\u00dfe befindet, ganz in der N\u00e4he der wichtigsten Kunden, die von dieser Filiale beliefert werden.<\/p>\n\n\n\n<p>Lipence ist ein Umschlagplatz f\u00fcr 55 % der LKW, die frisches Obst und Gem\u00fcse transportieren. Die neuen Anlagen von Anecoop Praha dienen als Zentrum f\u00fcr Beladung, Entladung, Qualit\u00e4tskontrolle, Klassifizierung, Etikettierung und Lager. Von hier aus wird die Warendistribution an haupts\u00e4chlich tschechische, slowakische und ungarische Kunden gesteuert.<\/p>\n\n\n\n<p class=\"has-text-align-center\"><img fetchpriority=\"high\" decoding=\"async\" width=\"600\" height=\"338\" class=\"wp-image-2486\" style=\"width: 600px;\" src=\"https:\/\/agronoticias.es\/de\/wp-content\/uploads\/2024\/08\/Intervenciones.jpg\" alt=\"\" srcset=\"https:\/\/agronoticias.es\/de\/wp-content\/uploads\/2024\/08\/Intervenciones.jpg 2000w, https:\/\/agronoticias.es\/de\/wp-content\/uploads\/2024\/08\/Intervenciones-300x169.jpg 300w, https:\/\/agronoticias.es\/de\/wp-content\/uploads\/2024\/08\/Intervenciones-1024x577.jpg 1024w, https:\/\/agronoticias.es\/de\/wp-content\/uploads\/2024\/08\/Intervenciones-768x432.jpg 768w, https:\/\/agronoticias.es\/de\/wp-content\/uploads\/2024\/08\/Intervenciones-1536x865.jpg 1536w\" sizes=\"(max-width: 600px) 100vw, 600px\" \/><\/p>\n\n\n\n<p>An der der Einweihung nahmen neben dem Vorstand, dem Direktions-Komitee von Anecoop und dem professionellen Team von Anecoop Praha auch prominente Pers\u00f6nlichkeiten teil wie der Handelsberater der spanischen Botschaft in Prag, Jaime Alcaide; der B\u00fcrgermeister von Prag 16, Karel Hanzlik, die B\u00fcrgermeisterinnen von Zbraslav, Katerina Pavlikov\u00e1, und von Lipence, Lenka Kadlecov\u00e1, der Marktdirektor von Lipence, Alois Lukes, sowie Kunden und Partner, mit denen die Tochtergesellschaft enge berufliche Beziehungen unterh\u00e4lt.<\/p>\n\n\n\n<p>Alejandro Monz\u00f3n, Pr\u00e4sident von Anecoop, betonte, dass diese Einweihung \u201eeinen neuen Impuls f\u00fcr unsere Logistik- und Servicekapazit\u00e4ten in diesem wichtigen Aktivit\u00e4tsbereich darstellt\u201c und dankte den 27 Fachleuten, die das Team von Anecoop Praha bilden, f\u00fcr ihr Engagement und ihre Motivation. Der Direktor der Niederlassung, Ferran Cabrera, f\u00fcgte seinerseits hinzu, dass \u201ediese Einweihung ein weiterer Schritt im Engagement unseres Teams in der Tschechischen Republik ist, das seit 1999 dazu beitr\u00e4gt, den Vermarktungsradius unserer Mitglieder zu erweitern und somit die Internationalisierung der Anecoop-Gruppe zu st\u00e4rken\u201c. Quelle  und Fotos: Anecoop<\/p>\n","protected":false},"excerpt":{"rendered":"<p>Die Anecoop-Gruppe, Spaniens f\u00fchrende Genossenschaft f\u00fcr Agrarlebensmittel, macht Fortschritte bei ihrer internationalen Expansion. Ende Juli weihte ihre Filiale<\/p>\n","protected":false},"author":1,"featured_media":2485,"comment_status":"closed","ping_status":"closed","sticky":false,"template":"","format":"standard","meta":{"footnotes":""},"categories":[34],"tags":[],"class_list":["post-2484","post","type-post","status-publish","format-standard","has-post-thumbnail","hentry","category-allgemein"],"featured_image_urls":{"full":["https:\/\/agronoticias.es\/de\/wp-content\/uploads\/2024\/08\/Inauguracion-almacen-Anecoop-Praha.jpg",1527,893,false],"thumbnail":["https:\/\/agronoticias.es\/de\/wp-content\/uploads\/2024\/08\/Inauguracion-almacen-Anecoop-Praha-150x150.jpg",150,150,true],"medium":["https:\/\/agronoticias.es\/de\/wp-content\/uploads\/2024\/08\/Inauguracion-almacen-Anecoop-Praha-300x175.jpg",300,175,true],"medium_large":["https:\/\/agronoticias.es\/de\/wp-content\/uploads\/2024\/08\/Inauguracion-almacen-Anecoop-Praha-768x449.jpg",640,374,true],"large":["https:\/\/agronoticias.es\/de\/wp-content\/uploads\/2024\/08\/Inauguracion-almacen-Anecoop-Praha-1024x599.jpg",640,374,true],"1536x1536":["https:\/\/agronoticias.es\/de\/wp-content\/uploads\/2024\/08\/Inauguracion-almacen-Anecoop-Praha.jpg",1527,893,false],"2048x2048":["https:\/\/agronoticias.es\/de\/wp-content\/uploads\/2024\/08\/Inauguracion-almacen-Anecoop-Praha.jpg",1527,893,false],"morenews-large":["https:\/\/agronoticias.es\/de\/wp-content\/uploads\/2024\/08\/Inauguracion-almacen-Anecoop-Praha-825x575.jpg",825,575,true],"morenews-medium":["https:\/\/agronoticias.es\/de\/wp-content\/uploads\/2024\/08\/Inauguracion-almacen-Anecoop-Praha-590x410.jpg",590,410,true]},"author_info":{"display_name":"admin","author_link":"https:\/\/agronoticias.es\/de\/author\/admin\/"},"category_info":"<a href=\"https:\/\/agronoticias.es\/de\/category\/allgemein\/\" rel=\"category tag\">Allgemein<\/a>","tag_info":"Allgemein","comment_count":"0","_links":{"self":[{"href":"https:\/\/agronoticias.es\/de\/wp-json\/wp\/v2\/posts\/2484","targetHints":{"allow":["GET"]}}],"collection":[{"href":"https:\/\/agronoticias.es\/de\/wp-json\/wp\/v2\/posts"}],"about":[{"href":"https:\/\/agronoticias.es\/de\/wp-json\/wp\/v2\/types\/post"}],"author":[{"embeddable":true,"href":"https:\/\/agronoticias.es\/de\/wp-json\/wp\/v2\/users\/1"}],"replies":[{"embeddable":true,"href":"https:\/\/agronoticias.es\/de\/wp-json\/wp\/v2\/comments?post=2484"}],"version-history":[{"count":1,"href":"https:\/\/agronoticias.es\/de\/wp-json\/wp\/v2\/posts\/2484\/revisions"}],"predecessor-version":[{"id":2487,"href":"https:\/\/agronoticias.es\/de\/wp-json\/wp\/v2\/posts\/2484\/revisions\/2487"}],"wp:featuredmedia":[{"embeddable":true,"href":"https:\/\/agronoticias.es\/de\/wp-json\/wp\/v2\/media\/2485"}],"wp:attachment":[{"href":"https:\/\/agronoticias.es\/de\/wp-json\/wp\/v2\/media?parent=2484"}],"wp:term":[{"taxonomy":"category","embeddable":true,"href":"https:\/\/agronoticias.es\/de\/wp-json\/wp\/v2\/categories?post=2484"},{"taxonomy":"post_tag","embeddable":true,"href":"https:\/\/agronoticias.es\/de\/wp-json\/wp\/v2\/tags?post=2484"}],"curies":[{"name":"wp","href":"https:\/\/api.w.org\/{rel}","templated":true}]}}