{"id":2474,"date":"2024-08-27T12:48:20","date_gmt":"2024-08-27T10:48:20","guid":{"rendered":"https:\/\/agronoticias.es\/de\/?p=2474"},"modified":"2024-08-27T12:48:21","modified_gmt":"2024-08-27T10:48:21","slug":"deutlicher-ruckschlag-fur-das-konsumklima","status":"publish","type":"post","link":"https:\/\/agronoticias.es\/de\/deutlicher-ruckschlag-fur-das-konsumklima\/","title":{"rendered":"Deutlicher R\u00fcckschlag f\u00fcr das Konsumklima."},"content":{"rendered":"\n<p> <\/p>\n\n\n\n<p><\/p>\n\n\n\n<p>Nach der deutlichen Erholung im Vormonat erleidet die Verbraucherstimmung in Deutschland im August einen herben R\u00fcckschlag. Die Einkommens- und Konjunkturerwartungen m\u00fcssen sp\u00fcrbare Einbu\u00dfen hinnehmen. Auch die Anschaffungsneigung geht etwas zur\u00fcck. Da zudem die Sparneigung in diesem Monat ansteigt, tr\u00fcbt sich das Konsumklima ein: Es sinkt in der Prognose f\u00fcr September im Vergleich zum Vormonat (revidiert -18,6 Punkte) um 3,4 Z\u00e4hler auf -22,0 Punkte. Dies zeigen die aktuellen Ergebnisse des GfK Konsumklimas powered by NIM. Es wird seit Oktober 2023 gemeinsam von GfK und dem N\u00fcrnberg Institut f\u00fcr Marktentscheidungen (NIM), Gr\u00fcnder der GfK, herausgegeben.<\/p>\n\n\n\n<p>Das Konsumklima leidet derzeit vor allem unter dem Einbruch der Einkommensaussichten. Der leichte Anstieg der Sparneigung um 2,7 Punkte belastet zus\u00e4tzlich die Konsumstimmung.<\/p>\n\n\n\n<p>\u201eOffenbar war die Euphorie, die die Fu\u00dfball-Europameisterschaft in Deutschland ausgel\u00f6st hat, nur ein kurzes Aufflackern und ist nach Ende des Turniers verflogen. Hinzu kommen negative Meldungen rund um die Arbeitsplatzsicherheit, die die Verbraucher wieder pessimistischer stimmen und eine schnelle Erholung der Konsumstimmung unwahrscheinlich erscheinen lassen\u201c, erkl\u00e4rt Rolf B\u00fcrkl, Konsumexperte beim NIM. \u201eLeicht steigende Arbeitslosenzahlen, eine Zunahme der Unternehmensinsolvenzen sowie Personalabbaupl\u00e4ne diverser Unternehmen in Deutschland lassen bei einer Reihe von Besch\u00e4ftigten die Sorgen um ihren Arbeitsplatz zunehmen. Die Hoffnungen auf eine stabile und nachhaltige Erholung der Konjunktur m\u00fcssen damit weiter verschoben werden.\u201c<\/p>\n\n\n\n<p>Die Einkommenserwartungen gehen sp\u00fcrbar zur\u00fcck<\/p>\n\n\n\n<p>Die privaten Haushalte in Deutschland sehen derzeit ihre finanzielle Lage in den n\u00e4chsten 12 Monaten deutlich weniger rosig als noch vor einem Monat: Der Indikator Einkommenserwartung verliert 16,2 Punkte und rutscht auf 3,5 Punkte. Ein gr\u00f6\u00dferer R\u00fcckgang der Einkommensstimmung innerhalb eines Monats wurde zuletzt vor knapp zwei Jahren, im September 2022 gemessen. Damals mussten die privaten Haushalte durch Inflationsraten von knapp acht Prozent erhebliche Kaufkrafteinbu\u00dfen hinnehmen.<\/p>\n\n\n\n<p>Trotz der Kaufkraftzuw\u00e4chse, die viele Haushalte derzeit real verzeichnen, greift offenbar wieder mehr Verunsicherung um sich. Die Sorgen um die Sicherheit des Arbeitsplatzes ist bei einer Reihe von Besch\u00e4ftigten angestiegen. So meldete die Bundesagentur f\u00fcr Arbeit zuletzt wieder leicht steigende Arbeitslosenzahlen. Demnach liegt momentan die Zahl der arbeitslos gemeldeten Personen um etwa 200.000 h\u00f6her als vor einem Jahr.<\/p>\n\n\n\n<p>Die Anschaffungsneigung im Sog sinkender Einkommensaussichten<\/p>\n\n\n\n<p>Von den deutlich gesunkenen Einkommenserwartungen bleibt auch die Anschaffungsneigung der deutschen Verbraucher nicht unbeeindruckt. Allerdings fallen die Verluste mit 2,5 Z\u00e4hlern vergleichsweise moderat aus. Der Indikator weist damit im August -10,9 Punkte auf. Im Vergleich zum entsprechenden Zeitraum des Vorjahres steht immer noch ein Plus von gut 6 Punkten zu Buche.<\/p>\n\n\n\n<p>Konjunkturerwartungen im Auf und Ab<\/p>\n\n\n\n<p>Das Auf und Ab der Konjunkturaussichten, das seit Mai 2024 zu beobachten ist, setzt sich auch im August fort. Nach dem deutlichen Zuwachs von 7,3 Z\u00e4hlern im Vormonat verliert der Indikator aktuell 7,8 Punkte. Er weist derzeit 2,0 Punkte auf.<\/p>\n\n\n\n<p>Eine schw\u00e4chelnde Konjunktur, Stellenabbaupl\u00e4ne in der deutschen Industrie, ein Anstieg der Insolvenzzahlen sowie ein zunehmendes Rezessionsrisiko verunsichern die Konsumenten und lassen den Konjunkturpessimismus f\u00fcr die kommenden 12 Monate steigen. Quelle und Foto: GfK<\/p>\n","protected":false},"excerpt":{"rendered":"<p>Nach der deutlichen Erholung im Vormonat erleidet die Verbraucherstimmung in Deutschland im August einen herben R\u00fcckschlag. Die Einkommens-<\/p>\n","protected":false},"author":1,"featured_media":2475,"comment_status":"closed","ping_status":"closed","sticky":false,"template":"","format":"standard","meta":{"footnotes":""},"categories":[34],"tags":[],"class_list":["post-2474","post","type-post","status-publish","format-standard","has-post-thumbnail","hentry","category-allgemein"],"featured_image_urls":{"full":["https:\/\/agronoticias.es\/de\/wp-content\/uploads\/2024\/08\/Konsumklima-8-24.png",380,261,false],"thumbnail":["https:\/\/agronoticias.es\/de\/wp-content\/uploads\/2024\/08\/Konsumklima-8-24-150x150.png",150,150,true],"medium":["https:\/\/agronoticias.es\/de\/wp-content\/uploads\/2024\/08\/Konsumklima-8-24-300x206.png",300,206,true],"medium_large":["https:\/\/agronoticias.es\/de\/wp-content\/uploads\/2024\/08\/Konsumklima-8-24.png",380,261,false],"large":["https:\/\/agronoticias.es\/de\/wp-content\/uploads\/2024\/08\/Konsumklima-8-24.png",380,261,false],"1536x1536":["https:\/\/agronoticias.es\/de\/wp-content\/uploads\/2024\/08\/Konsumklima-8-24.png",380,261,false],"2048x2048":["https:\/\/agronoticias.es\/de\/wp-content\/uploads\/2024\/08\/Konsumklima-8-24.png",380,261,false],"morenews-large":["https:\/\/agronoticias.es\/de\/wp-content\/uploads\/2024\/08\/Konsumklima-8-24.png",380,261,false],"morenews-medium":["https:\/\/agronoticias.es\/de\/wp-content\/uploads\/2024\/08\/Konsumklima-8-24.png",380,261,false]},"author_info":{"display_name":"admin","author_link":"https:\/\/agronoticias.es\/de\/author\/admin\/"},"category_info":"<a href=\"https:\/\/agronoticias.es\/de\/category\/allgemein\/\" rel=\"category tag\">Allgemein<\/a>","tag_info":"Allgemein","comment_count":"0","_links":{"self":[{"href":"https:\/\/agronoticias.es\/de\/wp-json\/wp\/v2\/posts\/2474","targetHints":{"allow":["GET"]}}],"collection":[{"href":"https:\/\/agronoticias.es\/de\/wp-json\/wp\/v2\/posts"}],"about":[{"href":"https:\/\/agronoticias.es\/de\/wp-json\/wp\/v2\/types\/post"}],"author":[{"embeddable":true,"href":"https:\/\/agronoticias.es\/de\/wp-json\/wp\/v2\/users\/1"}],"replies":[{"embeddable":true,"href":"https:\/\/agronoticias.es\/de\/wp-json\/wp\/v2\/comments?post=2474"}],"version-history":[{"count":1,"href":"https:\/\/agronoticias.es\/de\/wp-json\/wp\/v2\/posts\/2474\/revisions"}],"predecessor-version":[{"id":2476,"href":"https:\/\/agronoticias.es\/de\/wp-json\/wp\/v2\/posts\/2474\/revisions\/2476"}],"wp:featuredmedia":[{"embeddable":true,"href":"https:\/\/agronoticias.es\/de\/wp-json\/wp\/v2\/media\/2475"}],"wp:attachment":[{"href":"https:\/\/agronoticias.es\/de\/wp-json\/wp\/v2\/media?parent=2474"}],"wp:term":[{"taxonomy":"category","embeddable":true,"href":"https:\/\/agronoticias.es\/de\/wp-json\/wp\/v2\/categories?post=2474"},{"taxonomy":"post_tag","embeddable":true,"href":"https:\/\/agronoticias.es\/de\/wp-json\/wp\/v2\/tags?post=2474"}],"curies":[{"name":"wp","href":"https:\/\/api.w.org\/{rel}","templated":true}]}}