{"id":2446,"date":"2024-08-06T17:02:14","date_gmt":"2024-08-06T15:02:14","guid":{"rendered":"https:\/\/agronoticias.es\/de\/?p=2446"},"modified":"2024-08-06T17:02:16","modified_gmt":"2024-08-06T15:02:16","slug":"zwei-jahre-rettertute-lidl-kunden-retten-45-000-tonnen-obst-und-gemuse","status":"publish","type":"post","link":"https:\/\/agronoticias.es\/de\/zwei-jahre-rettertute-lidl-kunden-retten-45-000-tonnen-obst-und-gemuse\/","title":{"rendered":"Zwei Jahre Rettert\u00fcte: Lidl-Kunden retten 45.000 Tonnen Obst und Gem\u00fcse"},"content":{"rendered":"\n<p> <\/p>\n\n\n\n<p> <\/p>\n\n\n\n<p>\u00dcber 45.000 Tonnen gerettetes Obst und Gem\u00fcse sowie \u00fcber 1,3 Millionen Euro f\u00fcr die Tafel \u2013 das ist das Ergebnis der Einf\u00fchrung der Rettert\u00fcte in den \u00fcber 3.250 Lidl-Filialen. Seit zwei Jahren bietet Lidl in Deutschland darin bis zu f\u00fcnf Kilo Obst und Gem\u00fcse mit kleinen Makeln stark rabattiert zum Einheitspreis von drei Euro an. Davon spendet der Lebensmitteleinzelh\u00e4ndler seit fast einem Jahr 20 Cent an die Tafel Deutschland, die den Betrag f\u00fcr die Digitalisierung, den Ausbau der Lager- und Transportkapazit\u00e4ten sowie die F\u00f6rderung des Ehrenamts nutzt. So floss der Erl\u00f6s beispielsweise in die Anschaffung von K\u00fchlzellen und Fortbildungsseminare f\u00fcr Tafel-Aktive.<\/p>\n\n\n\n<p>\u201eDie Rettert\u00fcte tr\u00e4gt nachweislich zur Lidl-Lebensmittelrettung und zur Unterst\u00fctzung der Tafel bei. Gemeinsam mit unseren Kunden retten wir gezielt Produkte in einem Sortimentsbereich, in dem Verluste infolge der kurzen Haltbarkeit am schnellsten entstehen. Gleichzeitig bietet die Spende aus dem Verkauf der Rettert\u00fcte eine zus\u00e4tzliche finanzielle St\u00e4rkung f\u00fcr die wertvolle Arbeit der Tafeln in Deutschland\u201c, betont Friedrich Fuchs, Gesch\u00e4ftsleitungsvorsitzender der Lidl Dienstleistung GmbH &amp; Co. KG.<\/p>\n\n\n\n<p><strong>Zweite Chance f\u00fcr Obst und Gem\u00fcse als Teil eines ganzheitlichen Konzepts<\/strong><\/p>\n\n\n\n<p>Die Rettert\u00fcte ist ein bedeutender Baustein, um Lebensmittelverluste bei Lidl in Deutschland bis 2030 um 50 Prozent zu reduzieren. Dazu setzt der Lebensmitteleinzelh\u00e4ndler auf ein ganzheitliches Konzept gegen Lebensmittelverschwendung entlang der Wertsch\u00f6pfungskette, das von bedarfsgerechten Warenbestellungen und der Rabattierung von Artikeln mit kurzer Haltbarkeit \u00fcber die Abgabe von Lebensmitteln an die Tafel bis zur Verwertung von nicht mehr verzehrf\u00e4higen Lebensmitteln als Tierfutter reicht.<\/p>\n\n\n\n<p>Die Spendenmechanik der Rettert\u00fcte ist eine weitere Ma\u00dfnahme zur Unterst\u00fctzung der Tafel. Bereits seit 2008 begleitet Lidl die Tafel Deutschland mit Lebensmittelspenden und der Lidl-Pfandspende der Kunden mit einer Summe in H\u00f6he von \u00fcber 32 Millionen Euro. Das Engagement hat der Lebensmitteleinzelh\u00e4ndler kontinuierlich ausgebaut, unter anderem durch Spendenaktionen f\u00fcr lang haltbare Produkte sowie Gro\u00dfspenden an den Zukunftsfonds der Tafel Deutschland.<\/p>\n\n\n\n<p>\u201eIn 16 Jahren Partnerschaft konnten wir mit Lidl bereits zahlreiche Projekte der Tafeln umsetzen. Die Erl\u00f6se der verkauften Rettert\u00fcten kommen strategischen Bereichen der Tafel-Arbeit zugute, die die Lebensmittelrettung effizienter gestalten. Davon profitieren die Tafel-Aktiven bei ihrer t\u00e4glichen Arbeit sowie unsere Kundinnen und Kunden\u201c, sagt Andreas Steppuhn, Vorsitzender Tafel Deutschland. Quelle und Foto: Lidl<\/p>\n","protected":false},"excerpt":{"rendered":"<p>\u00dcber 45.000 Tonnen gerettetes Obst und Gem\u00fcse sowie \u00fcber 1,3 Millionen Euro f\u00fcr die Tafel \u2013 das ist<\/p>\n","protected":false},"author":1,"featured_media":2447,"comment_status":"closed","ping_status":"closed","sticky":false,"template":"","format":"standard","meta":{"footnotes":""},"categories":[34],"tags":[],"class_list":["post-2446","post","type-post","status-publish","format-standard","has-post-thumbnail","hentry","category-allgemein"],"featured_image_urls":{"full":["https:\/\/agronoticias.es\/de\/wp-content\/uploads\/2024\/08\/Lidl_Rettertuete-.png",455,529,false],"thumbnail":["https:\/\/agronoticias.es\/de\/wp-content\/uploads\/2024\/08\/Lidl_Rettertuete--150x150.png",150,150,true],"medium":["https:\/\/agronoticias.es\/de\/wp-content\/uploads\/2024\/08\/Lidl_Rettertuete--258x300.png",258,300,true],"medium_large":["https:\/\/agronoticias.es\/de\/wp-content\/uploads\/2024\/08\/Lidl_Rettertuete-.png",455,529,false],"large":["https:\/\/agronoticias.es\/de\/wp-content\/uploads\/2024\/08\/Lidl_Rettertuete-.png",455,529,false],"1536x1536":["https:\/\/agronoticias.es\/de\/wp-content\/uploads\/2024\/08\/Lidl_Rettertuete-.png",455,529,false],"2048x2048":["https:\/\/agronoticias.es\/de\/wp-content\/uploads\/2024\/08\/Lidl_Rettertuete-.png",455,529,false],"morenews-large":["https:\/\/agronoticias.es\/de\/wp-content\/uploads\/2024\/08\/Lidl_Rettertuete-.png",455,529,false],"morenews-medium":["https:\/\/agronoticias.es\/de\/wp-content\/uploads\/2024\/08\/Lidl_Rettertuete--455x410.png",455,410,true]},"author_info":{"display_name":"admin","author_link":"https:\/\/agronoticias.es\/de\/author\/admin\/"},"category_info":"<a href=\"https:\/\/agronoticias.es\/de\/category\/allgemein\/\" rel=\"category tag\">Allgemein<\/a>","tag_info":"Allgemein","comment_count":"0","_links":{"self":[{"href":"https:\/\/agronoticias.es\/de\/wp-json\/wp\/v2\/posts\/2446","targetHints":{"allow":["GET"]}}],"collection":[{"href":"https:\/\/agronoticias.es\/de\/wp-json\/wp\/v2\/posts"}],"about":[{"href":"https:\/\/agronoticias.es\/de\/wp-json\/wp\/v2\/types\/post"}],"author":[{"embeddable":true,"href":"https:\/\/agronoticias.es\/de\/wp-json\/wp\/v2\/users\/1"}],"replies":[{"embeddable":true,"href":"https:\/\/agronoticias.es\/de\/wp-json\/wp\/v2\/comments?post=2446"}],"version-history":[{"count":1,"href":"https:\/\/agronoticias.es\/de\/wp-json\/wp\/v2\/posts\/2446\/revisions"}],"predecessor-version":[{"id":2448,"href":"https:\/\/agronoticias.es\/de\/wp-json\/wp\/v2\/posts\/2446\/revisions\/2448"}],"wp:featuredmedia":[{"embeddable":true,"href":"https:\/\/agronoticias.es\/de\/wp-json\/wp\/v2\/media\/2447"}],"wp:attachment":[{"href":"https:\/\/agronoticias.es\/de\/wp-json\/wp\/v2\/media?parent=2446"}],"wp:term":[{"taxonomy":"category","embeddable":true,"href":"https:\/\/agronoticias.es\/de\/wp-json\/wp\/v2\/categories?post=2446"},{"taxonomy":"post_tag","embeddable":true,"href":"https:\/\/agronoticias.es\/de\/wp-json\/wp\/v2\/tags?post=2446"}],"curies":[{"name":"wp","href":"https:\/\/api.w.org\/{rel}","templated":true}]}}